{"id":4194,"date":"2024-10-19T15:09:13","date_gmt":"2024-10-19T15:09:13","guid":{"rendered":"https:\/\/www.chnk.pl\/?p=4194"},"modified":"2024-10-19T15:09:13","modified_gmt":"2024-10-19T15:09:13","slug":"niedziela-xxix-zwykla","status":"publish","type":"post","link":"https:\/\/www.chnk.pl\/?p=4194","title":{"rendered":"NIEDZIELA XXIX ZWYK\u0141A"},"content":{"rendered":"<p>&nbsp;<\/p>\n<p>&nbsp;<\/p>\n<p>OG\u0141OSZENIA DUSZPASTERSKIE<\/p>\n<p>NIEDZIELA XXIX ZWYK\u0141A<\/p>\n<p>20 pa\u017adziernika 2024 r.<\/p>\n<p>1. Kalendarz liturgiczny: wtorek \u2013 \u015bw. Jana Paw\u0142a II, \u015broda \u2013 \u015bw. Jana Kapistrana i \u015bw. J\u00f3zefa Bilczewskiego, czwartek \u2013 \u015bw. Antoniego Marii Clareta,<\/p>\n<p>2. Przy krzy\u017cu papieskim na \u0141\u0119gach D\u0119bi\u0144skich odb\u0119dzie si\u0119 dzisiaj, w niedziel\u0119, 20 pa\u017adziernika, o godzinie 20.00, modlitwa dzi\u0119kczynna za dar papie\u017ca Polaka oraz dar jego pielgrzymek do Poznania.<\/p>\n<p>3. We wtorek o godz. 19:00 odb\u0119dzie si\u0119 nabo\u017ce\u0144stwo i spowied\u017a dla kandydat\u00f3w do bierzmowania oraz ich rodzin. Bierzmowanie odb\u0119dzie si\u0119 w \u015brod\u0119 o godz. 18:00. Prosimy m\u0142odzie\u017c o obecno\u015b\u0107 w ko\u015bciele najp\u00f3\u017aniej o godz. 17:40. Zbi\u00f3rka ministrant\u00f3w, kt\u00f3rzy b\u0119d\u0105 s\u0142u\u017cy\u0107 na bierzmowaniu w \u015brod\u0119 o godz. 17:00. Z powodu bierzmowania w \u015brod\u0119 r\u00f3\u017caniec tylko po porannej mszy \u015bw., po\u0142\u0105czony z Nowenn\u0105 do Matki Bo\u017cej Nieustaj\u0105cej Pomocy. W \u015brod\u0119 nie b\u0119dzie r\u00f3\u017ca\u0144ca dla dzieci o godz. 16:30.<\/p>\n<p>4. Rodzice m\u0142odzie\u017cy z klas 7 i 8 mog\u0105 jeszcze zapisywa\u0107 swoje dziecko na przygotowanie do bierzmowania. Karty zg\u0142oszeniowe dost\u0119pne s\u0105 na stoliku pod ch\u00f3rem. Zapraszamy rodzic\u00f3w tych dzieci na spotkanie do salki w czwartek o godz. 19:30. Z kolei pierwsze spotkanie dla m\u0142odzie\u017cy odb\u0119dzie si\u0119 w czwartek 7 listopada o godz. 19:30.<\/p>\n<p>5. Spotkanie duszpasterstwa m\u0142odzie\u017cy w pi\u0105tek o godz. 19:15.<\/p>\n<p>6. Dzieci zapraszamy do salki na Bal Wszystkich \u015awi\u0119tych w czwartek 31 pa\u017adziernika na godz. 17:00. Bal potrwa do 18:30. Prosimy, by dzieci przebra\u0142y si\u0119 za dowoln\u0105 \u015bwi\u0119t\u0105 lub b\u0142ogos\u0142awion\u0105 osob\u0119.<\/p>\n<p>7. W tym tygodniu nabo\u017ce\u0144stwa r\u00f3\u017ca\u0144cowe, w intencji misji, codziennie o godz. 17.30 z wyj\u0105tkiem \u015brody, W \u015brod\u0119 r\u00f3\u017caniec tylko rano. W dni powszednie r\u00f3\u017caniec tak\u017ce po mszy \u015bw. porannej z wyj\u0105tkiem wtorku, wtedy r\u00f3\u017caniec o 7.25 i \u015brody. R\u00f3\u017caniec dla dzieci w tym tygodniu we wtorek i czwartek o godz. 16.30.<\/p>\n<p>8. W niedziel\u0119 27 pa\u017adziernika o godz. 16.30 w Katedrze Verba Sacra &#8211; \u201eKazania Sejmowe\u201d ks. Piotra Skargi. Wst\u0119p wolny.<\/p>\n<p>9. B\u00f3g zap\u0142a\u0107 z ofiary na Fundacj\u0119 Dzie\u0142o Nowego Tysi\u0105clecia i utrzymane naszego ko\u015bcio\u0142a.<\/p>\n<p>10. Zach\u0119camy do czytania Przewodnika Katolickiego. Jest Go\u015b\u0107 Niedzielny, Ziarno, gazeta parafialna.<\/p>\n<p>11. M\u00f3dlmy si\u0119 za zmar\u0142ych Parafian. Za dusz\u0119 \u015bp. Marianny Gierzak, os. Lecha 3. Msza \u015bw. i pogrzeb w Graboszewie k. Strza\u0142kowa. Wieczny odpoczynek racz zmar\u0142ym da\u0107 Panie.<\/p>\n<p>&nbsp;<\/p>\n<p>&nbsp;<\/p>\n<p>&nbsp;<\/p>\n<p>&nbsp;<\/p>\n<p>&nbsp;<\/p>\n<p>&nbsp;<\/p>\n<p>&nbsp;<\/p>\n<p>&nbsp;<\/p>\n<p>&nbsp;<\/p>\n<p>&nbsp;<\/p>\n<p>&nbsp;<\/p>\n<p>&nbsp;<\/p>\n<p>&nbsp;<\/p>\n","protected":false},"excerpt":{"rendered":"<p>&nbsp; &nbsp; OG\u0141OSZENIA DUSZPASTERSKIE NIEDZIELA XXIX ZWYK\u0141A 20 pa\u017adziernika 2024 r. 1. Kalendarz liturgiczny: wtorek \u2013 \u015bw. Jana Paw\u0142a II, \u015broda \u2013 \u015bw. Jana Kapistrana i \u015bw. J\u00f3zefa Bilczewskiego, czwartek \u2013 \u015bw. Antoniego Marii Clareta, 2. Przy krzy\u017cu papieskim na \u0141\u0119gach D\u0119bi\u0144skich odb\u0119dzie si\u0119 dzisiaj, w niedziel\u0119, 20 pa\u017adziernika, o godzinie 20.00, modlitwa dzi\u0119kczynna za &#8230; <span class=\"more\"><a class=\"more-link\" href=\"https:\/\/www.chnk.pl\/?p=4194\">czytaj wi\u0119cej<\/a><\/span><\/p>\n","protected":false},"author":3,"featured_media":0,"comment_status":"open","ping_status":"open","sticky":false,"template":"","format":"standard","meta":{"ngg_post_thumbnail":0,"footnotes":""},"categories":[1],"tags":[],"_links":{"self":[{"href":"https:\/\/www.chnk.pl\/index.php?rest_route=\/wp\/v2\/posts\/4194"}],"collection":[{"href":"https:\/\/www.chnk.pl\/index.php?rest_route=\/wp\/v2\/posts"}],"about":[{"href":"https:\/\/www.chnk.pl\/index.php?rest_route=\/wp\/v2\/types\/post"}],"author":[{"embeddable":true,"href":"https:\/\/www.chnk.pl\/index.php?rest_route=\/wp\/v2\/users\/3"}],"replies":[{"embeddable":true,"href":"https:\/\/www.chnk.pl\/index.php?rest_route=%2Fwp%2Fv2%2Fcomments&post=4194"}],"version-history":[{"count":1,"href":"https:\/\/www.chnk.pl\/index.php?rest_route=\/wp\/v2\/posts\/4194\/revisions"}],"predecessor-version":[{"id":4195,"href":"https:\/\/www.chnk.pl\/index.php?rest_route=\/wp\/v2\/posts\/4194\/revisions\/4195"}],"wp:attachment":[{"href":"https:\/\/www.chnk.pl\/index.php?rest_route=%2Fwp%2Fv2%2Fmedia&parent=4194"}],"wp:term":[{"taxonomy":"category","embeddable":true,"href":"https:\/\/www.chnk.pl\/index.php?rest_route=%2Fwp%2Fv2%2Fcategories&post=4194"},{"taxonomy":"post_tag","embeddable":true,"href":"https:\/\/www.chnk.pl\/index.php?rest_route=%2Fwp%2Fv2%2Ftags&post=4194"}],"curies":[{"name":"wp","href":"https:\/\/api.w.org\/{rel}","templated":true}]}}