{"id":4191,"date":"2024-10-12T14:57:23","date_gmt":"2024-10-12T14:57:23","guid":{"rendered":"https:\/\/www.chnk.pl\/?p=4191"},"modified":"2024-10-12T14:57:32","modified_gmt":"2024-10-12T14:57:32","slug":"niedziela-xxviii-zwykla","status":"publish","type":"post","link":"https:\/\/www.chnk.pl\/?p=4191","title":{"rendered":"NIEDZIELA XXVIII ZWYK\u0141A"},"content":{"rendered":"<p>&nbsp;<\/p>\n<p>&nbsp;<\/p>\n<p>OG\u0141OSZENIA DUSZPASTERSKIE<\/p>\n<p>&nbsp; &nbsp; &nbsp; &nbsp; &nbsp; &nbsp; &nbsp; &nbsp; &nbsp; &nbsp; &nbsp; &nbsp; &nbsp; &nbsp; &nbsp; &nbsp; &nbsp; &nbsp; &nbsp; &nbsp; &nbsp; &nbsp; &nbsp; &nbsp; &nbsp; &nbsp; &nbsp; &nbsp; &nbsp; &nbsp; &nbsp; &nbsp; &nbsp;NIEDZIELA XXVIII ZWYK\u0141A<\/p>\n<p>&nbsp; &nbsp; &nbsp; &nbsp; &nbsp; &nbsp; &nbsp; &nbsp; &nbsp; &nbsp; &nbsp; &nbsp; &nbsp; &nbsp; &nbsp; &nbsp; &nbsp; &nbsp; &nbsp; &nbsp; &nbsp; &nbsp; &nbsp; &nbsp; &nbsp; &nbsp; &nbsp; &nbsp; &nbsp; &nbsp; &nbsp; &nbsp; &nbsp;13 pa\u017adziernika 2024 r.<\/p>\n<p>1. Kalendarz liturgiczny: poniedzia\u0142ek \u2013 \u015bw. Ma\u0142gorzaty Marii Alacoque, wtorek \u2013 \u015bw. Teresy od Jezusa, \u015broda \u2013 \u015bw. Jadwigi \u015al\u0105skiej, czwartek \u2013 \u015bw. Ignacego Antioche\u0144skiego, pi\u0105tek &#8211; \u015bw. \u0141ukasza, sobota \u2013 \u015bw. Paw\u0142a od Krzy\u017ca.<\/p>\n<p>2. Nabo\u017ce\u0144stwa r\u00f3\u017ca\u0144cowe codziennie o godz. 17.30. W dni powszednie r\u00f3\u017caniec tak\u017ce po mszy \u015bw. porannej z wyj\u0105tkiem wtorku, wtedy r\u00f3\u017caniec o 7.25. R\u00f3\u017caniec dla dzieci we wtorki, \u015brody i czwartki o godz. 16.30. Prosimy o liczniejszy udzia\u0142 dzieci.<\/p>\n<p>3. Pr\u00f3by liturgiczne przed bierzmowaniem dla m\u0142odzie\u017cy z Parafii \u015bw. \u0141ukasza i naszej w poniedzia\u0142ek i wtorek o godz. 19.00 w ko\u015bciele.<\/p>\n<p>4. W sobot\u0119 procesja salety\u0144ska po porannej mszy \u015bw i porannym r\u00f3\u017ca\u0144cu.<\/p>\n<p>5. Spotkanie Modlitewne pod Krzy\u017cem Papieskim w dniach &#8211; 16 i 22 pa\u017adziernika br. o godz. 20.00.<\/p>\n<p>6. Zapraszamy do Katedry ma\u0142\u017ce\u0144stwa, kt\u00f3re prze\u017cywaj\u0105 25 i 50 rocznic\u0119 Sakramentu Ma\u0142\u017ce\u0144stwa. Msza \u015bw. z odnowieniem \u015blubowa\u0144 w niedziel\u0119 20 pa\u017adziernika br. o godz. 16.00. Po Mszy \u015bw. pocz\u0119stunek w budynku przy ul. Ostr\u00f3w Tumski 3.<\/p>\n<p>7. We wtorek, 15 pa\u017adziernika, przypada Dzie\u0144 Dziecka Utraconego. Na mszy \u015bw. o godz. 18.00 ogarniemy modlitw\u0105 rodzic\u00f3w i rodziny, kt\u00f3re przedwcze\u015bnie po\u017cegna\u0142y cz\u0142onka swojej rodziny. B\u0119dziemy modli\u0107 si\u0119 tak\u017ce o dzietno\u015b\u0107 rodzin. W ko\u015bciele pw. \u015bw. Antoniego na Staro\u0142\u0119ce msza \u015bw. specjalna. Informacja na plakacie.<\/p>\n<p>8. W sobot\u0119 procesja salety\u0144ska po porannej mszy \u015bw i porannym r\u00f3\u017ca\u0144cu.<\/p>\n<p>9. W pi\u0105tek, 18 pa\u017adziernika, \u015bwi\u0119to \u015bw. \u0141ukasza \u2013 Dzie\u0144 Modlitw za Pracownik\u00f3w S\u0142u\u017cby Zdrowia. Zapraszamy pracownik\u00f3w s\u0142u\u017cby zdrowia na msz\u0119 \u015bw. w ko\u015bciele pw. \u015bw. \u0141ukasza na Os. Rusa, w pi\u0105tek o godz. 18.30.<\/p>\n<p>10. Z okazji Dnia Nauczyciela zapraszamy emerytowanych nauczycieli na spotkanie w pi\u0105tek: najpierw w salce przy herbacie o godz. 16.00 i na msz\u0119 \u015bw, o godz. 18.00.<\/p>\n<p>11. Pozna\u0144ska Grupa Ekumeniczna, serdecznie zaprasza na Ekumeniczne \u015awi\u0119to Biblii w dniach 16 -19 pa\u017adziernika br. Has\u0142em tegorocznego \u015awi\u0119ta s\u0105 s\u0142owa Wszystko, co czynicie, niech si\u0119 dokonuje w mi\u0142o\u015bci (1Kor 16,14). Punktem kulminacyjnym \u015awi\u0119ta stanowi\u0107 b\u0119dzie Uroczyste Nabo\u017ce\u0144stwo S\u0142owa pod przewodnictwem Arcybiskupa Stanis\u0142awa G\u0105deckiego i Arcybiskupa Jerzego z Polskiego Autokefalicznego Ko\u015bcio\u0142a Prawos\u0142awnego. Nabo\u017ce\u0144stwo S\u0142owa zostanie odprawione w poniedzia\u0142ek, 21 pa\u017adziernika o godz. 18.30 w Katedrze i b\u0119dzie transmitowane przez Radio Emaus.<\/p>\n<p>12. Przysz\u0142\u0105 niedziel\u0119 obchodzi\u0107 b\u0119dziemy jako \u015awiatow\u0105 Niedziel\u0119 Misyjn\u0105 i rozpoczniemy Tydzie\u0144 Misyjny.<\/p>\n<p>13. B\u00f3g zap\u0142a\u0107 za ofiary na dzie\u0142o misyjne SS. Pallotynek i za sk\u0142adane dzisiaj ofiary na Fundacj\u0119 Dzie\u0142o Nowego Tysi\u0105clecia.<\/p>\n<p>14. Zach\u0119camy do czytania Przewodnika Katolickiego. Jest Go\u015b\u0107 Niedzielny i Go\u015b\u0107 Niedzielny EXTRA, Ziarno, gazeta parafialna.<\/p>\n<p>15. M\u00f3dlmy si\u0119 za zmar\u0142ych parafian. Za dusz\u0119 \u015bp. Alfreda K\u0119ci\u0144skiego, os. Lecha 42 (msza \u015bw. we wtorek o godz. 8.45) i \u015bp. Iren\u0119 Soba\u0144sk\u0105, os. Lecha 11 (msza \u015bw. we wtorek o godz. 10.30) Dobry Jezu a nasz Panie, daj im wieczne spoczywanie.<\/p>\n<p>&nbsp;<\/p>\n<p>&nbsp;<\/p>\n<p>&nbsp;<\/p>\n<p>&nbsp;<\/p>\n<p>&nbsp;<\/p>\n","protected":false},"excerpt":{"rendered":"<p>&nbsp; &nbsp; OG\u0141OSZENIA DUSZPASTERSKIE &nbsp; &nbsp; &nbsp; &nbsp; &nbsp; &nbsp; &nbsp; &nbsp; &nbsp; &nbsp; &nbsp; &nbsp; &nbsp; &nbsp; &nbsp; &nbsp; &nbsp; &nbsp; &nbsp; &nbsp; &nbsp; &nbsp; &nbsp; &nbsp; &nbsp; &nbsp; &nbsp; &nbsp; &nbsp; &nbsp; &nbsp; &nbsp; &nbsp;NIEDZIELA XXVIII ZWYK\u0141A &nbsp; &nbsp; &nbsp; &nbsp; &nbsp; &nbsp; &nbsp; &nbsp; &nbsp; &nbsp; &nbsp; &nbsp; &nbsp; &nbsp; &nbsp; &nbsp; &#8230; <span class=\"more\"><a class=\"more-link\" href=\"https:\/\/www.chnk.pl\/?p=4191\">czytaj wi\u0119cej<\/a><\/span><\/p>\n","protected":false},"author":3,"featured_media":0,"comment_status":"open","ping_status":"open","sticky":false,"template":"","format":"standard","meta":{"ngg_post_thumbnail":0,"footnotes":""},"categories":[1],"tags":[],"_links":{"self":[{"href":"https:\/\/www.chnk.pl\/index.php?rest_route=\/wp\/v2\/posts\/4191"}],"collection":[{"href":"https:\/\/www.chnk.pl\/index.php?rest_route=\/wp\/v2\/posts"}],"about":[{"href":"https:\/\/www.chnk.pl\/index.php?rest_route=\/wp\/v2\/types\/post"}],"author":[{"embeddable":true,"href":"https:\/\/www.chnk.pl\/index.php?rest_route=\/wp\/v2\/users\/3"}],"replies":[{"embeddable":true,"href":"https:\/\/www.chnk.pl\/index.php?rest_route=%2Fwp%2Fv2%2Fcomments&post=4191"}],"version-history":[{"count":1,"href":"https:\/\/www.chnk.pl\/index.php?rest_route=\/wp\/v2\/posts\/4191\/revisions"}],"predecessor-version":[{"id":4192,"href":"https:\/\/www.chnk.pl\/index.php?rest_route=\/wp\/v2\/posts\/4191\/revisions\/4192"}],"wp:attachment":[{"href":"https:\/\/www.chnk.pl\/index.php?rest_route=%2Fwp%2Fv2%2Fmedia&parent=4191"}],"wp:term":[{"taxonomy":"category","embeddable":true,"href":"https:\/\/www.chnk.pl\/index.php?rest_route=%2Fwp%2Fv2%2Fcategories&post=4191"},{"taxonomy":"post_tag","embeddable":true,"href":"https:\/\/www.chnk.pl\/index.php?rest_route=%2Fwp%2Fv2%2Ftags&post=4191"}],"curies":[{"name":"wp","href":"https:\/\/api.w.org\/{rel}","templated":true}]}}