{"id":4178,"date":"2024-09-28T09:43:42","date_gmt":"2024-09-28T09:43:42","guid":{"rendered":"https:\/\/www.chnk.pl\/?p=4178"},"modified":"2024-09-28T09:43:55","modified_gmt":"2024-09-28T09:43:55","slug":"niedziela-xxvi-zwykla","status":"publish","type":"post","link":"https:\/\/www.chnk.pl\/?p=4178","title":{"rendered":"NIEDZIELA XXVI ZWYK\u0141A"},"content":{"rendered":"<p>&nbsp;<\/p>\n<p>&nbsp;<\/p>\n<p>OG\u0141OSZENIA DUSZPASTERSKIE<\/p>\n<p>NIEDZIELA XXVI ZWYK\u0141A<\/p>\n<p>29 wrze\u015bnia 2024 r.<\/p>\n<p>1. Kalendarz liturgiczny: poniedzia\u0142ek \u2013 \u015bw. Hieronima, wtorek \u2013 \u015bw. Teresy od Dzieci\u0105tka Jezus, \u015broda &#8211; \u015bw. Anio\u0142\u00f3w Str\u00f3\u017c\u00f3w, pi\u0105tek \u2013 \u015bw. Franciszka z Asy\u017cu, sobota \u2013 \u015bw. Faustyny Kowalskiej.<\/p>\n<p>2. Nabo\u017ce\u0144stwa r\u00f3\u017ca\u0144cowe od wtorku codziennie o godz. 17.30. Dla niemog\u0105cych bra\u0107 udzia\u0142u w nabo\u017ce\u0144stwie, w dni powszednie (opr\u00f3cz wtorku i soboty w tym tygodniu), r\u00f3\u017caniec po mszy \u015bw. porannej. Dla dzieci nabo\u017ce\u0144stwo r\u00f3\u017ca\u0144cowe: we wtorki, \u015brody i czwartki o godz. 16.30. W najbli\u017csz\u0105 czwartek, r\u00f3\u017caniec dla dzieci przy figurze Matki Bo\u017cej, ze zwierz\u0119tami. Konkurs. Dzieci zapraszamy do przygotowania r\u00f3\u017ca\u0144ca, lub figury Matki Bo\u017cej z La Salette w dowolnej formie i technice. Prace plastyczne przynosimy na nabo\u017ce\u0144stwa r\u00f3\u017ca\u0144cowe. Prosimy rodzic\u00f3w, aby do\u0142o\u017cyli stara\u0144, by dzieci uczestniczy\u0142y w nabo\u017ce\u0144stwach r\u00f3\u017ca\u0144cowym.<\/p>\n<p>3. W tym tygodniu : I czwartek I pi\u0105tek i I sobota miesi\u0105ca. W czwartek adoracja Naj\u015bwi\u0119tszego Sakramentu od 17.00 do 18.00 w intencji poszanowania \u017cycia ludzkiego. Po mszy \u015bw. wieczornej adoracja do godz. 21.00 w intencji nowych powo\u0142a\u0144 kap\u0142a\u0144skich, zakonnych i misyjnych. Spowied\u017a i Komunia \u015bw. dla klas: 4, 5, 6 w pi\u0105tek od godz. 15.00 i komunia \u015bw. o godz. 16.30. Od godziny 17.00 do 18.00 spowied\u017a \u015bw. dla klas 7, 8 i starszej m\u0142odzie\u017cy. W sobot\u0119 r\u00f3\u017caniec do Niepokalanego Serca Matki Bo\u017cej o godz. 7.15 i msza \u015bw. Odwiedziny chorych w pi\u0105tek i sobot\u0119 wed\u0142ug sta\u0142ego planu.<\/p>\n<p>4. Zapraszamy do scholi parafialnej dla doros\u0142ych. Pr\u00f3by odbywaj\u0105 si\u0119 w pi\u0105tki o godz. 19.00 w salce parafialne i s\u0105 po\u0142\u0105czone z warsztatami emisji g\u0142osu.<\/p>\n<p>5. Spotkanie duszpasterstwa m\u0142odzie\u017cy w pi\u0105tek o 19:15 w salce.<\/p>\n<p>6. Zapisy do bierzmowania m\u0142odzie\u017cy z klas 7 i 8. Karty zg\u0142oszeniowe dost\u0119pne s\u0105 na stoliku pod ch\u00f3rem; wype\u0142nione prosimy dostarczy\u0107 do 24 pa\u017adziernika. Zapraszamy Rodzic\u00f3w tych dzieci na spotkanie 24 pa\u017adziernika o godz. 19:30. Pierwsze spotkanie dla tej m\u0142odzie\u017cy w czwartek 7 listopada o godz. 19:30.<\/p>\n<p>7. W przysz\u0142\u0105 niedziel\u0119 b\u0119dziemy go\u015bci\u0107 siostry Pallotynki z Warszawy, kt\u00f3re b\u0119d\u0105 kwestowa\u0107 przed ko\u015bcio\u0142em na budow\u0119 szko\u0142y podstawowej na misjach w Kamerunie.<\/p>\n<p>8. Spowied\u017a w pa\u017adzierniku: w poniedzia\u0142ki i wtorki p\u00f3\u0142 godziny przed rann\u0105 msz\u0105 \u015bw.; od \u015brody do pi\u0105tku p\u00f3\u0142 godziny przed rann\u0105 i wieczorn\u0105 msz\u0105 \u015bw.; w soboty p\u00f3\u0142 godziny przed rann\u0105 msz\u0105 \u015bw. oraz 16:00-18:00; w niedziele przed mszami \u015bw. z wyj\u0105tkiem wieczornej.<\/p>\n<p>9. Odpust u Jezuit\u00f3w ku czci Matki Bo\u017cej R\u00f3\u017ca\u0144cowej, 7 pa\u017adziernika o godz. 17.30.<\/p>\n<p>Triduum ku czci \u015bw. Franciszka u Franciszkan\u00f3w na G\u00f3rze Przemys\u0142a. Komunikat na tablicy og\u0142osze\u0144.<\/p>\n<p>10. B\u00f3g zap\u0142a\u0107 za owoce tegorocznego lata ( zostan\u0105 przekazane SS. Albertynkom do jad\u0142odajni Caritas) i B\u00f3g zap\u0142a\u0107 za ofiary z \u017c\u00f3\u0142tych kartek na utrzymanie ko\u015bcio\u0142a.<\/p>\n<p>11. Zach\u0119camy do czytania prasy katolickiej. Przy zakrystii Przewodnik Katolicki, Ma\u0142y Przewodnik Katolicki, Go\u015b\u0107 Niedzielny i Ziarno.<\/p>\n<p>12. M\u00f3dlmy si\u0119 za zmar\u0142ych Parafian. Za dusz\u0119 \u015bp. Hanny Zieli\u0144skiej, os. Lecha 26. Wieczny odpoczynek racz zmar\u0142ym da\u0107 Panie.<\/p>\n<p>M\u00f3dlmy si\u0119 do Anio\u0142a Str\u00f3\u017ca. Aniele Bo\u017cy, Str\u00f3\u017cu m\u00f3j,Ty zawsze przy mnie st\u00f3j. Rano, wiecz\u00f3r, we dnie, w nocy, b\u0105d\u017a mi zawsze ku pomocy.Bro\u0144 mnie od wszelkiego z\u0142ego i doprowad\u017a do \u017cywota wiecznego. Amen.<\/p>\n<p>&nbsp; &nbsp; &nbsp; &nbsp; &nbsp; &nbsp; &nbsp; &nbsp; &nbsp; &nbsp; &nbsp; &nbsp; &nbsp; &nbsp; &nbsp; &nbsp; Spowied\u017a w pa\u017adzierniku:<\/p>\n<p>w poniedzia\u0142ki i wtorki p\u00f3\u0142 godziny przed rann\u0105 msz\u0105 \u015bw.;<\/p>\n<p>od \u015brody do pi\u0105tku p\u00f3\u0142 godziny przed rann\u0105 i wieczorn\u0105 msz\u0105 \u015bw.;<\/p>\n<p>w soboty p\u00f3\u0142 godziny przed rann\u0105 msz\u0105 \u015bw. oraz 16:00-18:00;<\/p>\n<p>w niedziele przed mszami \u015bw. z wyj\u0105tkiem wieczornej.<\/p>\n<p>&nbsp;<\/p>\n<p>&nbsp;<\/p>\n<p>&nbsp;<\/p>\n<p>&nbsp;<\/p>\n<p>&nbsp;<\/p>\n<p>&nbsp;<\/p>\n<p>&nbsp;<\/p>\n<p>&nbsp;<\/p>\n<p>&nbsp;<\/p>\n<p>&nbsp;<\/p>\n<p>&nbsp;<\/p>\n<p>&nbsp;<\/p>\n<p>&nbsp;<\/p>\n<p>&nbsp;<\/p>\n<p>&nbsp;<\/p>\n<p>&nbsp;<\/p>\n<p>&nbsp;<\/p>\n<p>&nbsp;<\/p>\n<p>&nbsp;<\/p>\n<p>&nbsp;<\/p>\n<p>&nbsp;<\/p>\n<p>&nbsp;<\/p>\n<p>&nbsp;<\/p>\n<p>&nbsp;<\/p>\n<p>&nbsp;<\/p>\n<p>&nbsp;<\/p>\n<p>&nbsp;<\/p>\n<p>&nbsp;<\/p>\n<p>&nbsp;<\/p>\n<p>&nbsp;<\/p>\n<p>&nbsp;<\/p>\n<p>&nbsp;<\/p>\n<p>&nbsp;<\/p>\n<p>&nbsp;<\/p>\n<p>&nbsp;<\/p>\n<p>&nbsp;<\/p>\n<p>&nbsp;<\/p>\n<p>&nbsp;<\/p>\n<p>&nbsp;<\/p>\n<p>&nbsp;<\/p>\n<p>&nbsp;<\/p>\n<p>&nbsp;<\/p>\n<p>&nbsp;<\/p>\n<p>&nbsp;<\/p>\n","protected":false},"excerpt":{"rendered":"<p>&nbsp; &nbsp; OG\u0141OSZENIA DUSZPASTERSKIE NIEDZIELA XXVI ZWYK\u0141A 29 wrze\u015bnia 2024 r. 1. Kalendarz liturgiczny: poniedzia\u0142ek \u2013 \u015bw. Hieronima, wtorek \u2013 \u015bw. Teresy od Dzieci\u0105tka Jezus, \u015broda &#8211; \u015bw. Anio\u0142\u00f3w Str\u00f3\u017c\u00f3w, pi\u0105tek \u2013 \u015bw. Franciszka z Asy\u017cu, sobota \u2013 \u015bw. Faustyny Kowalskiej. 2. Nabo\u017ce\u0144stwa r\u00f3\u017ca\u0144cowe od wtorku codziennie o godz. 17.30. Dla niemog\u0105cych bra\u0107 udzia\u0142u w &#8230; <span class=\"more\"><a class=\"more-link\" href=\"https:\/\/www.chnk.pl\/?p=4178\">czytaj wi\u0119cej<\/a><\/span><\/p>\n","protected":false},"author":3,"featured_media":0,"comment_status":"open","ping_status":"open","sticky":false,"template":"","format":"standard","meta":{"ngg_post_thumbnail":0,"footnotes":""},"categories":[1],"tags":[],"_links":{"self":[{"href":"https:\/\/www.chnk.pl\/index.php?rest_route=\/wp\/v2\/posts\/4178"}],"collection":[{"href":"https:\/\/www.chnk.pl\/index.php?rest_route=\/wp\/v2\/posts"}],"about":[{"href":"https:\/\/www.chnk.pl\/index.php?rest_route=\/wp\/v2\/types\/post"}],"author":[{"embeddable":true,"href":"https:\/\/www.chnk.pl\/index.php?rest_route=\/wp\/v2\/users\/3"}],"replies":[{"embeddable":true,"href":"https:\/\/www.chnk.pl\/index.php?rest_route=%2Fwp%2Fv2%2Fcomments&post=4178"}],"version-history":[{"count":1,"href":"https:\/\/www.chnk.pl\/index.php?rest_route=\/wp\/v2\/posts\/4178\/revisions"}],"predecessor-version":[{"id":4179,"href":"https:\/\/www.chnk.pl\/index.php?rest_route=\/wp\/v2\/posts\/4178\/revisions\/4179"}],"wp:attachment":[{"href":"https:\/\/www.chnk.pl\/index.php?rest_route=%2Fwp%2Fv2%2Fmedia&parent=4178"}],"wp:term":[{"taxonomy":"category","embeddable":true,"href":"https:\/\/www.chnk.pl\/index.php?rest_route=%2Fwp%2Fv2%2Fcategories&post=4178"},{"taxonomy":"post_tag","embeddable":true,"href":"https:\/\/www.chnk.pl\/index.php?rest_route=%2Fwp%2Fv2%2Ftags&post=4178"}],"curies":[{"name":"wp","href":"https:\/\/api.w.org\/{rel}","templated":true}]}}