{"id":4171,"date":"2024-09-21T12:27:39","date_gmt":"2024-09-21T12:27:39","guid":{"rendered":"https:\/\/www.chnk.pl\/?p=4171"},"modified":"2024-09-21T12:29:35","modified_gmt":"2024-09-21T12:29:35","slug":"niedziela-xxv-zwykla","status":"publish","type":"post","link":"https:\/\/www.chnk.pl\/?p=4171","title":{"rendered":"NIEDZIELA XXV ZWYK\u0141A"},"content":{"rendered":"<p>&nbsp;<\/p>\n<p><strong>OG\u0141OSZENIA DUSZPASTERSKIE<\/strong><\/p>\n<p><strong>&nbsp; &nbsp; &nbsp; &nbsp; &nbsp; &nbsp; &nbsp; &nbsp; &nbsp; &nbsp; &nbsp; &nbsp; &nbsp; &nbsp; &nbsp; &nbsp; &nbsp; &nbsp; &nbsp; &nbsp; &nbsp; &nbsp; &nbsp; &nbsp; &nbsp; &nbsp; &nbsp; &nbsp; &nbsp; &nbsp; &nbsp; NIEDZIELA XXV ZWYK\u0141A<\/strong><\/p>\n<p><strong>22 wrze\u015bnia 2024 r.<\/strong><\/p>\n<p><strong>&nbsp;<\/strong><\/p>\n<ol>\n<li>Kalendarz liturgiczny:<\/li>\n<\/ol>\n<p>poniedzia\u0142ek \u2013 \u015bw. Ojca Pio<\/p>\n<p>czwartek \u2013 \u015bw. Kosmy i Damiana,<\/p>\n<p>pi\u0105tek &#8211; \u015bw. Wincentego a Paulo,<\/p>\n<p>sobota \u2013 \u015bw. Wac\u0142awa,<\/p>\n<ol start=\"2\">\n<li>Spotkanie katechetyczne dla dzieci pierwszokomunijnych, przed po\u015bwi\u0119ceniem r\u00f3\u017ca\u0144ca, w czwartek, 26 wrze\u015bnia o godz. 16.45. Spotkanie w salce parafialnej. W tym samym czasie spotkanie dla rodzic\u00f3w w drugiej salce. Po\u015bwi\u0119cenie r\u00f3\u017ca\u0144ca w niedziel\u0119, 29 wrze\u015bnia, na mszy \u015bw. o godz. 11.15.<\/li>\n<li>Rodzice m\u0142odzie\u017cy z klas 7 i 8 mog\u0105 zapisywa\u0107 swoje dziecko na przygotowanie do bierzmowania. Karty zg\u0142oszeniowe dost\u0119pne s\u0105 na stoliku pod ch\u00f3rem; wype\u0142nione prosimy dostarczy\u0107 do zakrystii lub biura parafialnego do 24 pa\u017adziernika. Ju\u017c teraz zapraszamy Rodzic\u00f3w tych dzieci na spotkanie 24 pa\u017adziernika o godz. 19:30. Z kolei pierwsze spotkanie dla m\u0142odzie\u017cy odb\u0119dzie si\u0119 w czwartek 7 listopada o godz. 19:30.<\/li>\n<li>W przysz\u0142\u0105 niedziel\u0119, 29 wrze\u015bnia, b\u0119dziemy dzi\u0119kowa\u0107 Panu Bogu za tegoroczne urodzaje. Mo\u017cna ofiarowa\u0107 w czasie mszy \u015bw. warzywa i owoce z w\u0142asnych upraw lub zakupione, kt\u00f3re zostan\u0105 przekazane do jad\u0142odajni, SS. Albertynek. W ten spos\u00f3b wyra\u017camy wdzi\u0119czno\u015b\u0107 Panu Bogu za urodzaje i okazujemy mi\u0142osierdzie b\u0119d\u0105cym w potrzebie. Dary mo\u017cna sk\u0142ada\u0107 do koszy pod ch\u00f3rem.<\/li>\n<li>Zapraszamy do Katedry ma\u0142\u017ce\u0144stwa, kt\u00f3re prze\u017cywaj\u0105 25 i 50 rocznic\u0119 udzielenia Sakramentu Ma\u0142\u017ce\u0144stwa. Msza \u015bw. celebrowana przez Ksi\u0119dza Biskupa Jana Glapiaka, po\u0142\u0105czona z obrz\u0119dem odnowienia przyrzecze\u0144 ma\u0142\u017ce\u0144skich, zostanie odprawiona w niedziel\u0119 20 pa\u017adziernika br. o godz. 16.00. Po Mszy \u015bw. zapraszamy na pocz\u0119stunek w budynku przy ul. Ostr\u00f3w Tumski 3.<\/li>\n<li>Prosimy o pomoc w sprz\u0105taniu ko\u015bcio\u0142a w soboty o godz. 9.00. Parafian ch\u0119tnych do pomocy prosimy, aby zadeklarowali pomoc, po mszy \u015bw., przy stoliku z pras\u0105. Chodzi o podtrzymanie i uzupe\u0142nienie czterech zespo\u0142\u00f3w, dy\u017curuj\u0105cych raz w miesi\u0105cu.<\/li>\n<li>Decyzj\u0105 Ksi\u0119dza Arcybiskupa Stanis\u0142awa G\u0105deckiego, dzisiaj po mszy \u015bw. zbi\u00f3rki ofiar na rzecz poszkodowanych w ostatnich dniach przez pow\u00f3d\u017a.<\/li>\n<li>Ch\u00f3r Ch\u0142opi\u0119cy i M\u0119ski Filharmonii Pozna\u0144skiej <strong><em>Pozna\u0144skie S\u0142owiki<\/em> <\/strong>poszukuje utalentowanych muzycznie nowych ch\u00f3rzyst\u00f3w w wieku 7 &#8211; 10 lat. Ch\u0119tnych do \u015bpiewu kandydat\u00f3w mo\u017cna zg\u0142asza\u0107 telefonicznie pod numerem telefonu 602-711-512. Dane kontaktowe znajduj\u0105 si\u0119 na stronie <a href=\"http:\/\/www.slowiki.poznan.pl\/\">www.slowiki.poznan.pl<\/a><br \/>\n<strong>9.<\/strong> Zach\u0119camy do czytania Przewodnika Katolickiego. Jest Go\u015b\u0107 Niedzielny, Ma\u0142y Przewodnik Katolicki, Ziarno, gazetka parafialna.<\/li>\n<li>M\u00f3dlmy si\u0119 za dusz\u0119 \u015bp. Lucyny Jankowiak, os. Lecha 126. Msza \u015bw. i pogrzeb na Staro\u0142\u0119ce w poniedzia\u0142ek o godz. 10.00. Wieczny odpoczynek racz zmar\u0142ym da\u0107 Panie.<\/li>\n<li>M\u00f3dlmy si\u0119 za powodzian i spiesz\u0105cych im z pomoc\u0105. \u015awi\u0119ty Bo\u017ce, \u015awi\u0119ty Mocny, \u015awi\u0119ty nie\u015bmiertelny. Zmi\u0142uj si\u0119 nad nami.<\/li>\n<\/ol>\n<p><strong>&nbsp;<\/strong><\/p>\n<p><em>&nbsp;<\/em><\/p>\n<p>&nbsp;<\/p>\n<p>&nbsp;<\/p>\n<p>&nbsp;<\/p>\n<p>&nbsp;<\/p>\n<p>&nbsp;<\/p>\n<p>&nbsp;<\/p>\n<p>&nbsp;<\/p>\n<p>&nbsp;<\/p>\n<p>&nbsp;<\/p>\n<p>&nbsp;<\/p>\n<p>&nbsp;<\/p>\n<p>&nbsp;<\/p>\n<p>&nbsp;<\/p>\n<p>&nbsp;<\/p>\n<p>&nbsp;<\/p>\n","protected":false},"excerpt":{"rendered":"<p>&nbsp; OG\u0141OSZENIA DUSZPASTERSKIE &nbsp; &nbsp; &nbsp; &nbsp; &nbsp; &nbsp; &nbsp; &nbsp; &nbsp; &nbsp; &nbsp; &nbsp; &nbsp; &nbsp; &nbsp; &nbsp; &nbsp; &nbsp; &nbsp; &nbsp; &nbsp; &nbsp; &nbsp; &nbsp; &nbsp; &nbsp; &nbsp; &nbsp; &nbsp; &nbsp; &nbsp; NIEDZIELA XXV ZWYK\u0141A 22 wrze\u015bnia 2024 r. &nbsp; Kalendarz liturgiczny: poniedzia\u0142ek \u2013 \u015bw. Ojca Pio czwartek \u2013 \u015bw. Kosmy i Damiana, &#8230; <span class=\"more\"><a class=\"more-link\" href=\"https:\/\/www.chnk.pl\/?p=4171\">czytaj wi\u0119cej<\/a><\/span><\/p>\n","protected":false},"author":3,"featured_media":0,"comment_status":"open","ping_status":"open","sticky":false,"template":"","format":"standard","meta":{"ngg_post_thumbnail":0,"footnotes":""},"categories":[1],"tags":[],"_links":{"self":[{"href":"https:\/\/www.chnk.pl\/index.php?rest_route=\/wp\/v2\/posts\/4171"}],"collection":[{"href":"https:\/\/www.chnk.pl\/index.php?rest_route=\/wp\/v2\/posts"}],"about":[{"href":"https:\/\/www.chnk.pl\/index.php?rest_route=\/wp\/v2\/types\/post"}],"author":[{"embeddable":true,"href":"https:\/\/www.chnk.pl\/index.php?rest_route=\/wp\/v2\/users\/3"}],"replies":[{"embeddable":true,"href":"https:\/\/www.chnk.pl\/index.php?rest_route=%2Fwp%2Fv2%2Fcomments&post=4171"}],"version-history":[{"count":4,"href":"https:\/\/www.chnk.pl\/index.php?rest_route=\/wp\/v2\/posts\/4171\/revisions"}],"predecessor-version":[{"id":4175,"href":"https:\/\/www.chnk.pl\/index.php?rest_route=\/wp\/v2\/posts\/4171\/revisions\/4175"}],"wp:attachment":[{"href":"https:\/\/www.chnk.pl\/index.php?rest_route=%2Fwp%2Fv2%2Fmedia&parent=4171"}],"wp:term":[{"taxonomy":"category","embeddable":true,"href":"https:\/\/www.chnk.pl\/index.php?rest_route=%2Fwp%2Fv2%2Fcategories&post=4171"},{"taxonomy":"post_tag","embeddable":true,"href":"https:\/\/www.chnk.pl\/index.php?rest_route=%2Fwp%2Fv2%2Ftags&post=4171"}],"curies":[{"name":"wp","href":"https:\/\/api.w.org\/{rel}","templated":true}]}}