{"id":4168,"date":"2024-09-14T14:08:42","date_gmt":"2024-09-14T14:08:42","guid":{"rendered":"https:\/\/www.chnk.pl\/?p=4168"},"modified":"2024-09-14T14:08:42","modified_gmt":"2024-09-14T14:08:42","slug":"niedziela-xxiv-zwykla","status":"publish","type":"post","link":"https:\/\/www.chnk.pl\/?p=4168","title":{"rendered":"NIEDZIELA XXIV ZWYK\u0141A"},"content":{"rendered":"<p><strong>OG\u0141OSZENIA DUSZPASTERSKIE<\/strong><\/p>\n<p><strong>NIEDZIELA XXIV ZWYK\u0141A<\/strong><\/p>\n<p><strong>15 wrze\u015bnia 2024 r.&nbsp; &nbsp; &nbsp; &nbsp; &nbsp; &nbsp; &nbsp; &nbsp; &nbsp; &nbsp; &nbsp; &nbsp; &nbsp; &nbsp; &nbsp; &nbsp; &nbsp; &nbsp; &nbsp; &nbsp; &nbsp; &nbsp; &nbsp; &nbsp; &nbsp; &nbsp; &nbsp; &nbsp; &nbsp; &nbsp; &nbsp; &nbsp; &nbsp; &nbsp; &nbsp; &nbsp; &nbsp; &nbsp; &nbsp; &nbsp; &nbsp; &nbsp; &nbsp; &nbsp; &nbsp; &nbsp; &nbsp; &nbsp; &nbsp; &nbsp; &nbsp; &nbsp; &nbsp; &nbsp; &nbsp; &nbsp; &nbsp; &nbsp; &nbsp; &nbsp; &nbsp; &nbsp; &nbsp; &nbsp; &nbsp; &nbsp; &nbsp; &nbsp; &nbsp; &nbsp; &nbsp; &nbsp; &nbsp; &nbsp; &nbsp; &nbsp; &nbsp; &nbsp; &nbsp; &nbsp; &nbsp; &nbsp; &nbsp; &nbsp; &nbsp; &nbsp; &nbsp; &nbsp; &nbsp; &nbsp; &nbsp; &nbsp; &nbsp; &nbsp; &nbsp; &nbsp; &nbsp; &nbsp; &nbsp; &nbsp; &nbsp; &nbsp; &nbsp; &nbsp; &nbsp; &nbsp; &nbsp; &nbsp; &nbsp; &nbsp; &nbsp; &nbsp; &nbsp; &nbsp; &nbsp; &nbsp; &nbsp; &nbsp; &nbsp;&nbsp;<\/strong><\/p>\n<ol>\n<li>W \u015brod\u0119, dnia 18 wrze\u015bnia br. Ksi\u0105dz Arcybiskup Metropolita Stanis\u0142aw G\u0105decki b\u0119dzie \u015bwi\u0119towa\u0142 swoje Imieniny. W tym dniu Czcigodny Solenizant b\u0119dzie przewodniczy\u0142 uroczystej Eucharystii w Katedrze o godz. 10.00. Po Mszy \u015bwi\u0119tej w Seminarium mo\u017cliwo\u015b\u0107 z\u0142o\u017cy\u0107 Ksi\u0119dzu Arcybiskupowi \u017cycze\u0144 imieninowych osobi\u015bcie. Dzie\u0144 Imienin naszego Arcypasterza b\u0119dzie te\u017c naznaczony modlitw\u0105 w&nbsp;Jego intencjach w naszej parafii.<\/li>\n<li>W czwartek, 19 wrze\u015bnia, przypada uroczysto\u015b\u0107 parafialna, dziewi\u0105ta rocznica po\u015bwi\u0119cenia naszego ko\u015bcio\u0142a i odpust ku czci Matki Bo\u017cej Salety\u0144skiej. Wystawienie Naj\u015bwi\u0119tszego Sakramentu i R\u00f3\u017caniec salety\u0144ski o godz. 18.00, msza \u015bw. o godz. 19.00 i procesja. B\u0119dziemy dzi\u0119kowa\u0107 Panu Bogu za nasz\u0105 \u015bwi\u0105tyni\u0119, modli\u0107 si\u0119 za jej fundator\u00f3w \u017cyj\u0105cych i zmar\u0142ych.<\/li>\n<li>Zapraszamy obecnych kandydat\u00f3w do bierzmowania na drugie obowi\u0105zkowe spotkanie we wtorek na godz. 19:30. Rodzic\u00f3w tej m\u0142odzie\u017cy zapraszamy na spotkanie do salki 25 wrze\u015bnia na godz. 19:00.<\/li>\n<li>Rodzice m\u0142odzie\u017cy z klas 7 i 8 mog\u0105 od dzisiaj zapisywa\u0107 swoje dziecko na przygotowanie do bierzmowania. Karty zg\u0142oszeniowe dost\u0119pne s\u0105 na stoliku pod ch\u00f3rem; wype\u0142nione prosimy dostarczy\u0107 do zakrystii lub biura parafialnego do 24 pa\u017adziernika. Ju\u017c teraz zapraszamy Rodzic\u00f3w tych dzieci na spotkanie 24 pa\u017adziernika o godz. 19:30. Z kolei pierwsze spotkanie dla m\u0142odzie\u017cy odb\u0119dzie si\u0119 w czwartek 7 listopada o godz. 19:30.<\/li>\n<li>Zbi\u00f3rka ministrant\u00f3w w \u015brod\u0119 o godz. 19:00.<\/li>\n<\/ol>\n<p><strong>6.<\/strong>Spotkanie duszpasterstwa m\u0142odzie\u017cy w pi\u0105tek o <strong>19:00<\/strong>.<\/p>\n<ol start=\"7\">\n<li>W przysz\u0142\u0105 niedziel\u0119 go\u015bci\u0107 b\u0119dziemy Misjonarzy Oblat\u00f3w Maryi Niepokalanej, kt\u00f3rzy b\u0119d\u0105 kolportowali kalendarze misyjne na 2025 r. Ofiary z\u0142o\u017cone przy tej okazji przeznaczone s\u0105 na misje Oblat\u00f3w.<\/li>\n<li>W \u015brod\u0119, 21 wrze\u015bnia, odpust w Parafii \u015bw. Mateusza na os. Or\u0142a Bia\u0142ego. Suma odpustowa godz. 18.00. Zapraszamy celnik\u00f3w i urz\u0119dnik\u00f3w skarbowych, w dniu ich Patrona.<\/li>\n<li>W Poznaniu przy ko\u015bciele \u015bw. Jana Jerozolimskiego dzia\u0142a Duszpasterstwo Niewidomych. Terminy comiesi\u0119cznych spotka\u0144 wywieszone s\u0105 na tablicy og\u0142osze\u0144. Najbli\u017csze spotkanie w sobot\u0119, 21 wrze\u015bnia: godz. 13.30 spowied\u017a, 14.00 Eucharystia i spotkanie formacyjne w salkach.<\/li>\n<li>Duszpasterz M\u0119\u017cczyzn Archidiecezji Pozna\u0144skiej zaprasza do Tulec na cztery wieczory skupienia. Pierwsze spotkanie w niedziel\u0119, 22 wrze\u015bnia, na Mszy \u015bw. o 17.00, nast\u0119pnie: poniedzia\u0142ek, wtorek i \u015broda. Pocz\u0105tek Msz\u0105 \u015awi\u0119t\u0105 o 18.00. Komunikat na tablicy og\u0142osze\u0144.<\/li>\n<li>Instytut Duchowo\u015bci Carmelitanum przy klasztorze karmelit\u00f3w bosych w Poznaniu zaprasza na 3-letnie studium teologii \u017cycia duchowego.(mo\u017cliwo\u015b\u0107 studium ONLINE). Szczeg\u00f3\u0142y w zakrystii i Biurze Parafialnym.<\/li>\n<li><strong>12<\/strong><strong>.<\/strong> Zach\u0119camy do czytania prasy katolickiej. W kaplicy przy zakrystii: Przewodnik Katolicki, Go\u015b\u0107 Niedzielny, Ma\u0142y Przewodnik Katolicki, Ziarno, gazeta parafialna.<\/li>\n<li>M\u00f3dlmy si\u0119 za zmar\u0142ych Parafian. Za dusz\u0119 \u015bp. Janiny Herzog, os. Lecha 74. Msza \u015bw. pogrzebowa we wtorek o godz. 9.00, pogrzeb w \u015brod\u0119 o godz. 11.10 na cmentarzu junikowskim. Wieczny odpoczynek racz zmar\u0142ym da\u0107 Panie.<\/li>\n<\/ol>\n<p>&nbsp;<\/p>\n<p>&nbsp;<\/p>\n<p>&nbsp;<\/p>\n<p>&nbsp;<\/p>\n<p>&nbsp;<\/p>\n<p>&nbsp;<\/p>\n<p>Modlitwa do \u015aw. Rodziny<\/p>\n<p>&nbsp;<\/p>\n<p>Jezu, Maryjo i J\u00f3zefie<\/p>\n<p>w Was kontemplujemy<\/p>\n<p>blask prawdziwej mi\u0142o\u015bci,<\/p>\n<p>do Was zwracamy si\u0119 z ufno\u015bci\u0105.<\/p>\n<p>&nbsp;<\/p>\n<p>\u015awi\u0119ta Rodzino z Nazaretu,<\/p>\n<p>uczy\u0144 tak\u017ce nasze rodziny<\/p>\n<p>\u015brodowiskami komunii i wieczernikami modlitwy,<\/p>\n<p>autentycznymi szko\u0142ami Ewangelii<\/p>\n<p>i ma\u0142ymi Ko\u015bcio\u0142ami domowymi.<\/p>\n<p>\u015awi\u0119ta Rodzino z Nazaretu<\/p>\n<p>niech nigdy wi\u0119cej w naszych rodzinach nikt nie do\u015bwiadcza<\/p>\n<p>przemocy, zamkni\u0119cia i podzia\u0142\u00f3w:<\/p>\n<p>ktokolwiek zosta\u0142 zraniony albo zgorszony<\/p>\n<p>niech szybko zazna pocieszenia i uleczenia.<\/p>\n<p>\u015awi\u0119ta Rodzino z Nazaretu,<\/p>\n<p>oby przysz\u0142y Synod Biskup\u00f3w<\/p>\n<p>m\u00f3g\u0142 przywr\u00f3ci\u0107 wszystkim \u015bwiadomo\u015b\u0107<\/p>\n<p>sakralnego i nienaruszalnego charakteru rodziny,<\/p>\n<p>jej pi\u0119kna w Bo\u017cym zamy\u015ble.<\/p>\n<p>Jezu, Maryjo i J\u00f3zefie<\/p>\n<p>Us\u0142yszcie, wys\u0142uchajcie naszego b\u0142agania.<\/p>\n<p>&nbsp;<\/p>\n","protected":false},"excerpt":{"rendered":"<p>OG\u0141OSZENIA DUSZPASTERSKIE NIEDZIELA XXIV ZWYK\u0141A 15 wrze\u015bnia 2024 r.&nbsp; &nbsp; &nbsp; &nbsp; &nbsp; &nbsp; &nbsp; &nbsp; &nbsp; &nbsp; &nbsp; &nbsp; &nbsp; &nbsp; &nbsp; &nbsp; &nbsp; &nbsp; &nbsp; &nbsp; &nbsp; &nbsp; &nbsp; &nbsp; &nbsp; &nbsp; &nbsp; &nbsp; &nbsp; &nbsp; &nbsp; &nbsp; &nbsp; &nbsp; &nbsp; &nbsp; &nbsp; &nbsp; &nbsp; &nbsp; &nbsp; &nbsp; &nbsp; &nbsp; &nbsp; &nbsp; &nbsp; &#8230; <span class=\"more\"><a class=\"more-link\" href=\"https:\/\/www.chnk.pl\/?p=4168\">czytaj wi\u0119cej<\/a><\/span><\/p>\n","protected":false},"author":3,"featured_media":0,"comment_status":"open","ping_status":"open","sticky":false,"template":"","format":"standard","meta":{"ngg_post_thumbnail":0,"footnotes":""},"categories":[1],"tags":[],"_links":{"self":[{"href":"https:\/\/www.chnk.pl\/index.php?rest_route=\/wp\/v2\/posts\/4168"}],"collection":[{"href":"https:\/\/www.chnk.pl\/index.php?rest_route=\/wp\/v2\/posts"}],"about":[{"href":"https:\/\/www.chnk.pl\/index.php?rest_route=\/wp\/v2\/types\/post"}],"author":[{"embeddable":true,"href":"https:\/\/www.chnk.pl\/index.php?rest_route=\/wp\/v2\/users\/3"}],"replies":[{"embeddable":true,"href":"https:\/\/www.chnk.pl\/index.php?rest_route=%2Fwp%2Fv2%2Fcomments&post=4168"}],"version-history":[{"count":1,"href":"https:\/\/www.chnk.pl\/index.php?rest_route=\/wp\/v2\/posts\/4168\/revisions"}],"predecessor-version":[{"id":4169,"href":"https:\/\/www.chnk.pl\/index.php?rest_route=\/wp\/v2\/posts\/4168\/revisions\/4169"}],"wp:attachment":[{"href":"https:\/\/www.chnk.pl\/index.php?rest_route=%2Fwp%2Fv2%2Fmedia&parent=4168"}],"wp:term":[{"taxonomy":"category","embeddable":true,"href":"https:\/\/www.chnk.pl\/index.php?rest_route=%2Fwp%2Fv2%2Fcategories&post=4168"},{"taxonomy":"post_tag","embeddable":true,"href":"https:\/\/www.chnk.pl\/index.php?rest_route=%2Fwp%2Fv2%2Ftags&post=4168"}],"curies":[{"name":"wp","href":"https:\/\/api.w.org\/{rel}","templated":true}]}}