{"id":4161,"date":"2024-09-07T16:20:13","date_gmt":"2024-09-07T16:20:13","guid":{"rendered":"https:\/\/www.chnk.pl\/?p=4161"},"modified":"2024-09-07T16:48:04","modified_gmt":"2024-09-07T16:48:04","slug":"niedziela-xxiii-zwykla","status":"publish","type":"post","link":"https:\/\/www.chnk.pl\/?p=4161","title":{"rendered":"NIEDZIELA\u00a0 XXIII ZWYK\u0141A"},"content":{"rendered":"<p><strong>OG\u0141OSZENIA DUSZPASTERSKIE<\/strong><\/p>\n<p><strong>NIEDZIELA&nbsp; XXIII ZWYK\u0141A<\/strong><\/p>\n<p><strong>8 wrze\u015bnia 2024 r.<\/strong><\/p>\n<ol>\n<li><strong>1<\/strong>. Kalendarz liturgiczny:<\/li>\n<\/ol>\n<p>poniedzia\u0142ek \u2013 \u015bw. Piotra Klawera<\/p>\n<p>czwartek \u2013 wspomnienie Naj\u015bwi\u0119tszego Imienia Maryi,<\/p>\n<p>pi\u0105tek &#8211; \u015bw. Jana Chryzostom,<\/p>\n<p>sobota &#8211; \u015bwi\u0119to Podwy\u017cszenie Krzy\u017ca \u015awi\u0119tego,<\/p>\n<ol start=\"2\">\n<li>Spotkanie Rady Duszpasterskiej i Ekonomicznej w \u015brod\u0119 o godz. 19:15 w salce.<\/li>\n<li>Spotkanie dla rodzic\u00f3w dzieci pierwszokomunijnych, na rok 24\/25 odb\u0119dzie si\u0119 w czwartek 12 wrze\u015bnia o godz. 19.15 w ko\u015bciele. Spotkanie dotyczy rodzic\u00f3w, kt\u00f3rzy s\u0105 faktycznie parafianami naszej Parafii. Nie dotyczy innych, mieszkaj\u0105cych w innych parafiach, a posy\u0142aj\u0105cych dzieci do szko\u0142y na os. Lecha.<\/li>\n<li>Spotkanie duszpasterstwa m\u0142odzie\u017cy w pi\u0105tek o 19:30.<\/li>\n<li>W sobot\u0119 \u015bwi\u0119to Podwy\u017cszenia Krzy\u017ca \u015bw. Prosimy, aby w to \u015bwi\u0119to, na Msz\u0119 \u015bw. porann\u0105 przynie\u015b\u0107 do ko\u015bcio\u0142a domowe krzy\u017ce. Prosimy o to zw\u0142aszcza tych wszystkich, kt\u00f3rzy w swoim \u017cyciu do\u015bwiadczaj\u0105 krzy\u017ca. Ci, kt\u00f3rzy nie mog\u0105 dotrze\u0107 do ko\u015bcio\u0142a, niech adoruj\u0105 krzy\u017c w domu.<\/li>\n<li>Bierzmowanie w naszej parafii odb\u0119dzie si\u0119 17 pa\u017adziernika o godz. 18:00. Zapraszamy obecnych kandydat\u00f3w na spotkania w czwartek 12 wrze\u015bnia godz. 19:30 oraz wtorek 17 wrze\u015bnia godz. 19:30. Oba spotkania s\u0105 obowi\u0105zkowe. Rodzic\u00f3w tej m\u0142odzie\u017cy zapraszamy na spotkanie do salki 25 wrze\u015bnia na godz. 19:00. Pozosta\u0142e informacje ks. wikariusz przekaza\u0142 rodzicom za po\u015brednictwem wiadomo\u015bci SMS.<\/li>\n<li>Rodzice m\u0142odzie\u017cy z klas 7 i 8 b\u0119d\u0105 mogli od przysz\u0142ej niedzieli zapisa\u0107 swoje dziecko na przygotowanie do bierzmowania. Ju\u017c teraz zapraszamy Rodzic\u00f3w tych dzieci na spotkanie do salki 24 pa\u017adziernika godz. 19:30. Z kolei pierwsze spotkanie dla tej m\u0142odzie\u017cy odb\u0119dzie si\u0119 w czwartek 7 listopada godz. 19:30.<\/li>\n<li><em>Zapraszamy do \u201eSzko\u0142y liturgii dla ka\u017cdego\u201d. \u201eSzko\u0142a liturgii\u201d to dwuletni cykl comiesi\u0119cznych sesji wyk\u0142adowych dotycz\u0105cych liturgii. Podczas ka\u017cdej sesji b\u0119dzie mo\u017cna wys\u0142ucha\u0107 dw\u00f3ch wyk\u0142ad\u00f3w. Miejscem ka\u017cdej sesji \u201eSzko\u0142y liturgii\u201d b\u0119dzie aula Szko\u0142y katolickiej przy ul. G\u0142ogowskiej 92 w Poznaniu. Inicjatywa obj\u0119ta jest honorowym patronatem ks. Arcybiskupa Metropolity Pozna\u0144skiego Stanis\u0142awa G\u0105deckiego. Wi\u0119cej informacji, szczeg\u00f3\u0142owy harmonogram i formularz zapisowy na stronie: liturgia.archpoznan.pl.<\/em><\/li>\n<li>B\u00f3g zap\u0142a\u0107 za ofiary na utrzymane naszej Parafii, za ofiary z \u017c\u00f3\u0142tych kartek.<\/li>\n<li>Zach\u0119camy do czytania prasy katolickiej. Przy zakrystii: Przewodnik Katolicki, Ma\u0142y Przewodnik Katolicki, Go\u015b\u0107 Niedzielny, Go\u015b\u0107 Niedzielny Historia, gazetka parafialna i Ziarno.<\/li>\n<li>M\u00f3dlmy si\u0119 w intencji tych, kt\u00f3rzy staraj\u0105 si\u0119 o przywr\u00f3cenie pomnik Naj\u015bwi\u0119tszego serca Jezusa w Poznaniu, aby ich wysi\u0142ki budzi\u0142y tak\u017ce w nas wdzi\u0119czno\u015b\u0107 za odzyskana niepodleg\u0142o\u015b\u0107 i przypomina\u0142y o obowi\u0105zkach wobec ojczyzny. Naj\u015bwi\u0119tsze Serce Jezusa zmi\u0142uj si\u0119 nad nami.<\/li>\n<\/ol>\n<p>&nbsp;<\/p>\n<p>&nbsp;<\/p>\n<p>&nbsp;&nbsp;&nbsp;&nbsp;&nbsp;&nbsp;&nbsp;&nbsp;&nbsp;&nbsp;&nbsp;&nbsp;&nbsp;&nbsp;&nbsp;&nbsp;&nbsp;&nbsp;&nbsp;&nbsp;&nbsp;&nbsp;&nbsp;&nbsp;&nbsp;&nbsp;&nbsp;&nbsp;&nbsp;&nbsp;&nbsp;&nbsp;&nbsp;&nbsp;&nbsp;&nbsp;&nbsp;&nbsp;&nbsp;&nbsp;&nbsp;&nbsp;&nbsp;&nbsp;&nbsp;&nbsp;&nbsp;&nbsp;&nbsp;&nbsp;&nbsp;&nbsp;&nbsp;&nbsp;&nbsp;&nbsp;&nbsp;&nbsp;&nbsp;&nbsp;&nbsp;&nbsp;&nbsp;&nbsp;&nbsp;&nbsp;&nbsp;&nbsp;&nbsp;&nbsp;&nbsp;&nbsp;&nbsp;&nbsp;&nbsp;&nbsp;&nbsp;&nbsp;&nbsp;&nbsp;&nbsp;&nbsp;&nbsp;&nbsp;&nbsp;&nbsp;&nbsp;&nbsp;&nbsp;&nbsp;&nbsp;&nbsp;&nbsp;&nbsp;&nbsp;&nbsp;&nbsp;&nbsp;&nbsp;&nbsp;&nbsp;&nbsp;&nbsp;&nbsp;&nbsp;&nbsp;&nbsp;&nbsp;&nbsp;&nbsp;&nbsp;&nbsp;&nbsp;&nbsp;&nbsp;&nbsp;&nbsp;&nbsp;&nbsp;&nbsp;&nbsp;&nbsp;&nbsp;&nbsp;&nbsp;&nbsp;&nbsp;&nbsp;&nbsp;&nbsp;&nbsp;&nbsp;&nbsp;&nbsp;&nbsp;&nbsp;&nbsp;&nbsp;&nbsp;&nbsp;&nbsp;&nbsp;&nbsp;&nbsp;&nbsp;&nbsp;&nbsp;&nbsp;&nbsp;&nbsp;&nbsp;&nbsp;&nbsp;&nbsp;&nbsp;&nbsp;&nbsp;&nbsp;&nbsp;&nbsp;&nbsp;&nbsp;&nbsp;&nbsp;&nbsp;&nbsp;&nbsp;&nbsp;&nbsp;&nbsp;&nbsp;&nbsp;&nbsp;&nbsp;&nbsp;&nbsp;&nbsp;&nbsp;&nbsp;&nbsp;&nbsp;&nbsp;&nbsp;&nbsp;&nbsp;&nbsp;&nbsp;&nbsp;&nbsp;&nbsp;&nbsp;&nbsp;&nbsp;&nbsp;&nbsp;&nbsp;&nbsp;&nbsp;&nbsp;&nbsp;&nbsp;&nbsp;&nbsp;&nbsp;&nbsp;&nbsp;&nbsp;&nbsp;&nbsp;&nbsp;&nbsp;&nbsp;&nbsp;&nbsp;&nbsp;&nbsp;&nbsp;&nbsp;&nbsp;&nbsp;&nbsp;&nbsp;&nbsp;&nbsp;&nbsp;&nbsp;&nbsp;&nbsp;&nbsp;&nbsp;&nbsp;&nbsp;&nbsp;&nbsp;&nbsp;&nbsp;&nbsp;&nbsp;&nbsp;&nbsp;&nbsp;&nbsp;&nbsp;&nbsp;&nbsp;&nbsp;&nbsp;&nbsp;&nbsp;&nbsp;&nbsp;&nbsp;&nbsp;&nbsp;&nbsp;&nbsp;&nbsp;&nbsp;&nbsp;&nbsp;&nbsp;&nbsp;&nbsp;&nbsp;&nbsp;&nbsp;&nbsp;&nbsp;&nbsp;&nbsp;&nbsp;&nbsp;&nbsp;&nbsp;&nbsp;&nbsp;&nbsp;&nbsp;&nbsp;&nbsp;&nbsp;&nbsp;&nbsp;&nbsp;&nbsp;&nbsp;&nbsp;&nbsp;&nbsp;&nbsp;&nbsp;&nbsp;&nbsp;&nbsp;&nbsp;&nbsp;&nbsp;&nbsp;&nbsp;&nbsp;&nbsp;&nbsp;&nbsp;&nbsp;&nbsp;&nbsp;&nbsp;&nbsp;&nbsp;&nbsp;&nbsp;&nbsp;&nbsp;&nbsp;&nbsp;&nbsp;&nbsp;&nbsp;&nbsp;&nbsp;&nbsp;&nbsp;&nbsp;&nbsp;&nbsp;&nbsp;&nbsp;&nbsp;&nbsp;&nbsp;&nbsp;&nbsp;&nbsp;&nbsp;&nbsp;&nbsp;&nbsp;&nbsp;&nbsp;&nbsp;&nbsp;&nbsp;&nbsp;&nbsp;&nbsp;&nbsp;&nbsp;&nbsp;&nbsp;&nbsp;&nbsp;&nbsp;&nbsp;&nbsp;&nbsp;&nbsp;&nbsp;&nbsp;&nbsp;&nbsp;&nbsp;&nbsp;&nbsp;&nbsp;&nbsp;&nbsp;&nbsp;&nbsp;&nbsp;&nbsp;&nbsp;&nbsp;&nbsp;&nbsp;&nbsp;&nbsp;&nbsp;&nbsp;&nbsp;&nbsp;&nbsp;&nbsp;&nbsp;&nbsp;&nbsp;&nbsp;&nbsp;&nbsp;&nbsp;&nbsp;&nbsp;&nbsp;&nbsp;&nbsp;&nbsp;&nbsp;&nbsp;&nbsp;&nbsp;&nbsp;&nbsp;&nbsp;&nbsp;&nbsp;&nbsp;&nbsp;&nbsp;&nbsp;&nbsp;&nbsp;&nbsp;&nbsp;&nbsp;&nbsp;&nbsp;&nbsp;&nbsp;&nbsp;&nbsp;&nbsp;&nbsp;&nbsp;&nbsp;&nbsp;&nbsp;&nbsp;&nbsp;&nbsp;&nbsp;&nbsp;&nbsp;&nbsp;&nbsp;&nbsp;&nbsp;&nbsp;&nbsp;&nbsp;&nbsp;&nbsp;&nbsp;&nbsp;&nbsp;&nbsp;&nbsp;&nbsp;&nbsp;&nbsp;&nbsp;&nbsp;&nbsp;&nbsp;&nbsp;&nbsp;&nbsp;&nbsp;&nbsp;&nbsp;&nbsp;&nbsp;&nbsp;&nbsp;&nbsp;&nbsp;&nbsp;&nbsp;&nbsp;&nbsp;&nbsp;&nbsp;&nbsp;&nbsp;&nbsp;&nbsp;&nbsp;&nbsp;&nbsp;&nbsp;&nbsp;&nbsp;&nbsp;&nbsp;&nbsp;&nbsp;&nbsp;&nbsp;&nbsp;&nbsp;&nbsp;&nbsp;&nbsp;&nbsp;&nbsp;&nbsp;&nbsp;&nbsp;&nbsp;&nbsp;&nbsp;&nbsp;&nbsp;&nbsp;&nbsp;&nbsp;&nbsp;&nbsp;&nbsp;&nbsp;&nbsp;&nbsp;&nbsp; &nbsp;&nbsp;&nbsp;&nbsp;&nbsp;&nbsp;&nbsp;&nbsp;&nbsp;&nbsp;&nbsp;&nbsp;&nbsp;&nbsp;&nbsp;&nbsp;&nbsp;&nbsp;&nbsp;&nbsp;&nbsp;&nbsp;&nbsp;&nbsp;&nbsp;&nbsp;&nbsp;&nbsp;&nbsp;&nbsp;&nbsp;&nbsp;&nbsp;&nbsp;&nbsp;&nbsp;&nbsp;&nbsp;&nbsp;&nbsp;&nbsp;&nbsp;&nbsp;&nbsp;&nbsp;&nbsp;&nbsp;&nbsp;&nbsp;&nbsp;&nbsp;&nbsp;&nbsp;&nbsp;&nbsp;&nbsp;&nbsp;&nbsp;&nbsp;&nbsp;&nbsp;&nbsp;&nbsp;&nbsp;&nbsp;&nbsp;&nbsp;&nbsp;&nbsp;&nbsp;&nbsp;&nbsp;&nbsp;&nbsp;&nbsp;&nbsp;&nbsp;&nbsp;&nbsp;&nbsp;&nbsp;&nbsp;&nbsp;&nbsp;&nbsp;&nbsp;&nbsp;&nbsp;&nbsp;&nbsp;<\/p>\n","protected":false},"excerpt":{"rendered":"<p>OG\u0141OSZENIA DUSZPASTERSKIE NIEDZIELA&nbsp; XXIII ZWYK\u0141A 8 wrze\u015bnia 2024 r. 1. Kalendarz liturgiczny: poniedzia\u0142ek \u2013 \u015bw. Piotra Klawera czwartek \u2013 wspomnienie Naj\u015bwi\u0119tszego Imienia Maryi, pi\u0105tek &#8211; \u015bw. Jana Chryzostom, sobota &#8211; \u015bwi\u0119to Podwy\u017cszenie Krzy\u017ca \u015awi\u0119tego, Spotkanie Rady Duszpasterskiej i Ekonomicznej w \u015brod\u0119 o godz. 19:15 w salce. Spotkanie dla rodzic\u00f3w dzieci pierwszokomunijnych, na rok 24\/25 odb\u0119dzie &#8230; <span class=\"more\"><a class=\"more-link\" href=\"https:\/\/www.chnk.pl\/?p=4161\">czytaj wi\u0119cej<\/a><\/span><\/p>\n","protected":false},"author":3,"featured_media":0,"comment_status":"open","ping_status":"open","sticky":false,"template":"","format":"standard","meta":{"ngg_post_thumbnail":0,"footnotes":""},"categories":[1],"tags":[],"_links":{"self":[{"href":"https:\/\/www.chnk.pl\/index.php?rest_route=\/wp\/v2\/posts\/4161"}],"collection":[{"href":"https:\/\/www.chnk.pl\/index.php?rest_route=\/wp\/v2\/posts"}],"about":[{"href":"https:\/\/www.chnk.pl\/index.php?rest_route=\/wp\/v2\/types\/post"}],"author":[{"embeddable":true,"href":"https:\/\/www.chnk.pl\/index.php?rest_route=\/wp\/v2\/users\/3"}],"replies":[{"embeddable":true,"href":"https:\/\/www.chnk.pl\/index.php?rest_route=%2Fwp%2Fv2%2Fcomments&post=4161"}],"version-history":[{"count":2,"href":"https:\/\/www.chnk.pl\/index.php?rest_route=\/wp\/v2\/posts\/4161\/revisions"}],"predecessor-version":[{"id":4166,"href":"https:\/\/www.chnk.pl\/index.php?rest_route=\/wp\/v2\/posts\/4161\/revisions\/4166"}],"wp:attachment":[{"href":"https:\/\/www.chnk.pl\/index.php?rest_route=%2Fwp%2Fv2%2Fmedia&parent=4161"}],"wp:term":[{"taxonomy":"category","embeddable":true,"href":"https:\/\/www.chnk.pl\/index.php?rest_route=%2Fwp%2Fv2%2Fcategories&post=4161"},{"taxonomy":"post_tag","embeddable":true,"href":"https:\/\/www.chnk.pl\/index.php?rest_route=%2Fwp%2Fv2%2Ftags&post=4161"}],"curies":[{"name":"wp","href":"https:\/\/api.w.org\/{rel}","templated":true}]}}