{"id":4157,"date":"2024-08-31T16:37:06","date_gmt":"2024-08-31T16:37:06","guid":{"rendered":"https:\/\/www.chnk.pl\/?p=4157"},"modified":"2024-08-31T16:37:06","modified_gmt":"2024-08-31T16:37:06","slug":"niedziela-xxii-zwykla","status":"publish","type":"post","link":"https:\/\/www.chnk.pl\/?p=4157","title":{"rendered":"NIEDZIELA XXII ZWYK\u0141A"},"content":{"rendered":"<p>OG\u0141OSZENIA DUSZPASTERSKIE<\/p>\n<p>NIEDZIELA XXII ZWYK\u0141A<br \/>\n1 wrze\u015bnia 2024 r.<\/p>\n<p>1. Od poniedzia\u0142ku 2 wrze\u015bnia wracamy do tradycyjnych godzin odprawiania mszy \u015bw. Msze \u015bw. w niedziele o 8:00, 9:30, 11:15, 12:30 i 18:00; w dni powszednie o 8.00 i 18.00. Nowenna do Matki Bo\u017cej Nieustaj\u0105cej Pomocy w \u015brody po mszy \u015bw. o 18.00; R\u00f3\u017caniec do Matki Bo\u017cej Patronki Dobrej \u015amierci we wtorki o 7.30. Spowied\u017a \u015bw. w tygodniu p\u00f3\u0142 godziny przed mszami \u015bw.; soboty p\u00f3\u0142 godziny przed porann\u0105 msz\u0105 \u015bw. oraz 16:00\u201318:00; w niedziele przed mszami \u015bw. Biuro Parafialne w tym tygodniu: w poniedzia\u0142ek od godz. 16.00 do 17.30 i w czwartek od godz. 9.00 do 10.30.<\/p>\n<p>2. Zapraszamy dzieci i m\u0142odzie\u017c ze szk\u00f3\u0142 podstawowych i \u015brednich na msz\u0119 \u015bw. w intencji b\u0142ogos\u0142awie\u0144stwa na nowy rok szkolny, w poniedzia\u0142ek 2 wrze\u015bnia o godz. 16:30 (od godz. 15:30 okazja do spowiedzi). Podczas mszy \u015bw. po\u015bwi\u0119cenie tornistr\u00f3w i przybor\u00f3w szkolnych.<\/p>\n<p>3. W \u015brod\u0119 po wieczornej mszy \u015bw. i nowennie do mtki Bo\u017cej Nieustaj\u0105cej Pomocy spotkanie Wsp\u00f3lnot R\u00f3\u017ca\u0144cowych.<\/p>\n<p>4. W tym tygodniu I czwartek, pi\u0105tek i sobota miesi\u0105ca. Adoracja Naj\u015bwi\u0119t\u00acszego Sakra-mentu w czwartek od godz. 17.00 do 18.00 w intencji poszanowania \u017cycia ludzkiego. Zapraszamy na r\u00f3\u017caniec wszystkich, kt\u00f3rzy podj\u0119li duchow\u0105 adopcj\u0119 dziecka nienarodzonego. Adoracja w intencji zachowania i uproszenie nowych powo\u0142a\u0144 kap\u0142a\u0144skich, zakonnych i misyjnych po wieczornej mszy \u015bw. do godz. 21.00. W pi\u0105tek okazja do spowiedzi \u015bw. od godz. 15.00, komunia \u015bw pierwszopiatkowa dla dzieci o godz. 16.30. Odwiedzimy chorych z sakramentami \u015bw. w pi\u0105tek i w sobot\u0119. Nowe zg\u0142oszenia w zakrystii. Nabo\u017ce\u0144stwo pierwszosobotnie, do Niepokalanego Serca Matki Bo\u017cej, w sobot\u0119 : r\u00f3\u017caniec o godz. 7.15 i msza \u015bw. Spotkania wsp\u00f3lnoty ma\u0142\u017ce\u0144stw w pa\u017adzierniku.<\/p>\n<p>5. Zapraszamy na Archidiecezjalne Spotkanie M\u0142odych, kt\u00f3re odb\u0119dzie si\u0119 w sobot\u0119 14 wrze\u015bnia w godz. 13\u201321 w parafii na os. Stare \u017begrze. Zapisy u ks. wikariusza.<\/p>\n<p>6. Bierzmowanie w naszej parafii odb\u0119dzie si\u0119 w czwartek 17 pa\u017adziernika o godz. 18:00. Po udzieleniu tego sakramentu obecnym kandydatom rozpoczniemy kolejny, dwuletni kurs przygotowania do bierzmowania dla m\u0142odzie\u017cy, kt\u00f3ra od wrze\u015bnia rozpocznie 7 i 8 klas\u0119 szko\u0142y podstawowej.<\/p>\n<p>7. Zach\u0119camy do czytania prasy katolickiej. Przy zakrystii: Przewodnik Katolicki, Ma\u0142y Przewodnik Katolicki, Go\u015b\u0107 Niedzielny, Misyjne Drogi i gazeta parafialna.<\/p>\n<p>&nbsp;<\/p>\n<p>&nbsp;<\/p>\n<p>&nbsp;<\/p>\n","protected":false},"excerpt":{"rendered":"<p>OG\u0141OSZENIA DUSZPASTERSKIE NIEDZIELA XXII ZWYK\u0141A 1 wrze\u015bnia 2024 r. 1. Od poniedzia\u0142ku 2 wrze\u015bnia wracamy do tradycyjnych godzin odprawiania mszy \u015bw. Msze \u015bw. w niedziele o 8:00, 9:30, 11:15, 12:30 i 18:00; w dni powszednie o 8.00 i 18.00. Nowenna do Matki Bo\u017cej Nieustaj\u0105cej Pomocy w \u015brody po mszy \u015bw. o 18.00; R\u00f3\u017caniec do Matki &#8230; <span class=\"more\"><a class=\"more-link\" href=\"https:\/\/www.chnk.pl\/?p=4157\">czytaj wi\u0119cej<\/a><\/span><\/p>\n","protected":false},"author":3,"featured_media":0,"comment_status":"open","ping_status":"open","sticky":false,"template":"","format":"standard","meta":{"ngg_post_thumbnail":0,"footnotes":""},"categories":[1],"tags":[],"_links":{"self":[{"href":"https:\/\/www.chnk.pl\/index.php?rest_route=\/wp\/v2\/posts\/4157"}],"collection":[{"href":"https:\/\/www.chnk.pl\/index.php?rest_route=\/wp\/v2\/posts"}],"about":[{"href":"https:\/\/www.chnk.pl\/index.php?rest_route=\/wp\/v2\/types\/post"}],"author":[{"embeddable":true,"href":"https:\/\/www.chnk.pl\/index.php?rest_route=\/wp\/v2\/users\/3"}],"replies":[{"embeddable":true,"href":"https:\/\/www.chnk.pl\/index.php?rest_route=%2Fwp%2Fv2%2Fcomments&post=4157"}],"version-history":[{"count":1,"href":"https:\/\/www.chnk.pl\/index.php?rest_route=\/wp\/v2\/posts\/4157\/revisions"}],"predecessor-version":[{"id":4158,"href":"https:\/\/www.chnk.pl\/index.php?rest_route=\/wp\/v2\/posts\/4157\/revisions\/4158"}],"wp:attachment":[{"href":"https:\/\/www.chnk.pl\/index.php?rest_route=%2Fwp%2Fv2%2Fmedia&parent=4157"}],"wp:term":[{"taxonomy":"category","embeddable":true,"href":"https:\/\/www.chnk.pl\/index.php?rest_route=%2Fwp%2Fv2%2Fcategories&post=4157"},{"taxonomy":"post_tag","embeddable":true,"href":"https:\/\/www.chnk.pl\/index.php?rest_route=%2Fwp%2Fv2%2Ftags&post=4157"}],"curies":[{"name":"wp","href":"https:\/\/api.w.org\/{rel}","templated":true}]}}