{"id":4154,"date":"2024-08-26T17:18:45","date_gmt":"2024-08-26T17:18:45","guid":{"rendered":"https:\/\/www.chnk.pl\/?p=4154"},"modified":"2024-08-26T17:18:45","modified_gmt":"2024-08-26T17:18:45","slug":"niedziela-xxi-zwykla","status":"publish","type":"post","link":"https:\/\/www.chnk.pl\/?p=4154","title":{"rendered":"NIEDZIELA XXI ZWYK\u0141A"},"content":{"rendered":"<p><strong>OG\u0141OSZENIA DUSZPASTERSKIE<\/strong><\/p>\n<p><strong>&nbsp;<\/strong><\/p>\n<p><strong>NIEDZIELA XXI ZWYK\u0141A<\/strong><\/p>\n<p><strong>25 sierpnia 2024 r.<\/strong><\/p>\n<p><strong>&nbsp;<\/strong><\/p>\n<ol>\n<li><strong>1<\/strong>. Kalendarz liturgiczny: poniedzia\u0142ek \u2013 Uroczysto\u015b\u0107 NMP Cz\u0119stochowskiej; wtorek \u2013 \u015bw. Moniki; \u015broda \u2013 \u015bw. Augustyna; czwartek \u2013 M\u0119cze\u0144stwo \u015bw. Jana Chrzciciela.<\/li>\n<\/ol>\n<p>&nbsp;<\/p>\n<ol start=\"2\">\n<li>W poniedzia\u0142ek Uroczysto\u015b\u0107 NMP Cz\u0119stochowskiej: msza \u015bw. o godz. 8:00, po niej odnowienie Jasnog\u00f3rskich \u015alub\u00f3w Narodu.<\/li>\n<\/ol>\n<p>&nbsp;<\/p>\n<ol start=\"3\">\n<li>W czwartek po wieczornej mszy \u015bw. p\u00f3\u0142godzinna Adoracja Naj\u015bwi\u0119tszego Sakramentu.<\/li>\n<\/ol>\n<p>&nbsp;<\/p>\n<ol start=\"4\">\n<li>Od niedzieli 1 wrze\u015bnia wracamy do tradycyjnych godzin odprawiania mszy \u015bw. Msze \u015bw. w niedziele o 8:00, 9:30, 11:15, 12:30 i 18:00. W niedziel\u0119 1 wrze\u015bnia msza \u015bw. o godz. 8:00 w intencji ofiar II wojny \u015bwiatowej. 1 wrze\u015bnia to tak\u017ce w Ko\u015bciele \u015awiatowy Dzie\u0144 Modlitw o Ochron\u0119 Stworzenia.<\/li>\n<\/ol>\n<p>&nbsp;<\/p>\n<ol start=\"5\">\n<li>Piesza pielgrzymka na odpust w Tulcach w niedziel\u0119 1 wrze\u015bnia. Zbi\u00f3rka o 6:30 przed ko\u015bcio\u0142em. W tym roku nie ma \u0142\u0105czonej pielgrzymki z parafi\u0105 na os. Rusa. Doj\u015bcie we w\u0142asnym zakresie.<\/li>\n<\/ol>\n<p>&nbsp;<\/p>\n<ol start=\"6\">\n<li>Rozpocz\u0119cie roku szkolnego. Zapraszamy dzieci i m\u0142odzie\u017c ze szk\u00f3\u0142 podstawowych i \u015brednich na msz\u0119 \u015bw. w intencji b\u0142ogos\u0142awie\u0144stwa na nowy rok szkolny w poniedzia\u0142ek 2 wrze\u015bnia o godz. 16:30 (od godz. 15:30 okazja do spowiedzi). Podczas mszy \u015bw. po\u015bwi\u0119cenie tornistr\u00f3w i przybor\u00f3w szkolnych.<\/li>\n<\/ol>\n<p>&nbsp;<\/p>\n<ol start=\"7\">\n<li>Zapraszamy na Archidiecezjalne Spotkanie M\u0142odych, kt\u00f3re odb\u0119dzie si\u0119 w sobot\u0119 14 wrze\u015bnia w godz. 13\u201321 w parafii na os. Stare \u017begrze. Zapisy u ks. wikariusza.<\/li>\n<\/ol>\n<p>&nbsp;<\/p>\n<ol start=\"8\">\n<li>Caritas Arch. Pozna\u0144skiej organizuje 14 wrze\u015bnia pielgrzymk\u0119 dla Os\u00f3b Chorych, Starszych i Niepe\u0142nosprawnych na \u015awi\u0119t\u0105 G\u00f3r\u0119 k. Gostynia. Szczeg\u00f3\u0142y na tablicy og\u0142osze\u0144.<\/li>\n<\/ol>\n<p>&nbsp;<\/p>\n<ol start=\"9\">\n<li>Bierzmowanie w naszej parafii odb\u0119dzie si\u0119 w czwartek 17 pa\u017adziernika o godz. 18:00. Po udzieleniu tego sakramentu obecnym kandydatom rozpoczniemy kolejny, dwuletni kurs przygotowania do bierzmowania dla m\u0142odzie\u017cy, kt\u00f3ra od wrze\u015bnia rozpocznie 7 i 8 klas\u0119 szko\u0142y podstawowej.<\/li>\n<\/ol>\n<p><strong>&nbsp;<\/strong><\/p>\n<ol start=\"10\">\n<li>Przy zakrystii prasa katolicka: Przewodnik Katolicki z modlitewnikiem \u201e5 minut z Bogiem\u201d na wrzesie\u0144, Ma\u0142y Przewodnik Katolicki, Go\u015b\u0107 Niedzielny.<\/li>\n<\/ol>\n<p>&nbsp;<\/p>\n<ol start=\"11\">\n<li>Pom\u00f3dlmy si\u0119 za zmar\u0142ych parafian: \u015bp. Henryka Nowaka (os. Lecha 16), msza \u015bw. pogrzebowa w poniedzia\u0142ek o godz. 10:00 w parafii pw. \u015bw. Antoniego na Staro\u0142\u0119ce, nast\u0119pnie pogrzeb; \u015bp. Anny Jaszczyk (os. Lecha 2), msza \u015bw. pogrzebowa w poniedzia\u0142ek w Chwia\u0142kowie, pogrzeb na Junikowie o godz. 11:50; \u015bp. J\u00f3zefa Paszkowiaka (os. Lecha 93), msza \u015bw. pogrzebowa w \u015brod\u0119 o godz. 13:00 w naszej parafii, pogrzeb o godz. 14:30 w Krzesinach. Wieczny odpoczynek\u2026<\/li>\n<\/ol>\n<p>&nbsp;<\/p>\n<p>&nbsp;<\/p>\n<p>&nbsp;<\/p>\n<p><strong>INFORMACJE STA\u0141E NA LIPIEC I SIERPIE\u0143&nbsp;&nbsp;&nbsp; <\/strong><\/p>\n<ol start=\"12\">\n<li><strong> W niedziele wakacyjne nie ma mszy \u015bw. o godz. 12.30.<\/strong><\/li>\n<\/ol>\n<p><strong><u>Msza \u015bw.<\/u><\/strong><strong> o godz. 8.00 w poniedzia\u0142ek, \u015brod\u0119 i pi\u0105tek<br \/>\n&nbsp;&nbsp;&nbsp;&nbsp;&nbsp;&nbsp;&nbsp;&nbsp;&nbsp;&nbsp;&nbsp;&nbsp;&nbsp;&nbsp;&nbsp; o godz.18.00 we wtorek, czwartek i sobot\u0119.<\/strong><\/p>\n<p><strong><u>Biuro Parafialne<\/u><\/strong><strong>: poniedzia\u0142ek godz. 9.00 do 10.30, czwartek godz. 16.00 do 17.30&nbsp;&nbsp;&nbsp;&nbsp;&nbsp;&nbsp;&nbsp;&nbsp;&nbsp;&nbsp;&nbsp;&nbsp;&nbsp;&nbsp;&nbsp;&nbsp;&nbsp;&nbsp;&nbsp; i sobota godz. 19.00 do 20.00.<\/strong><\/p>\n<ol start=\"20\">\n<li><strong> Msza \u015bw. niedzielna w godzinach p\u00f3\u017aniejszych w najbli\u017cszych parafiach: Parafia Pierwszych Polskich M\u0119czennik\u00f3w, os. Tysi\u0105clecia &#8211; godz. 20.00 i Parafia \u015bw. \u0141ukasza, os. Rusa &#8211; godz. 20.30<\/strong><\/li>\n<li><strong> Spowied\u017a \u015bw. p\u00f3\u0142 godziny przed Msz\u0105 \u015bw. i w sobot\u0119 od godz. 16.00 &#8211; 18.00.<\/strong><\/li>\n<\/ol>\n","protected":false},"excerpt":{"rendered":"<p>OG\u0141OSZENIA DUSZPASTERSKIE &nbsp; NIEDZIELA XXI ZWYK\u0141A 25 sierpnia 2024 r. &nbsp; 1. Kalendarz liturgiczny: poniedzia\u0142ek \u2013 Uroczysto\u015b\u0107 NMP Cz\u0119stochowskiej; wtorek \u2013 \u015bw. Moniki; \u015broda \u2013 \u015bw. Augustyna; czwartek \u2013 M\u0119cze\u0144stwo \u015bw. Jana Chrzciciela. &nbsp; W poniedzia\u0142ek Uroczysto\u015b\u0107 NMP Cz\u0119stochowskiej: msza \u015bw. o godz. 8:00, po niej odnowienie Jasnog\u00f3rskich \u015alub\u00f3w Narodu. &nbsp; W czwartek po wieczornej &#8230; <span class=\"more\"><a class=\"more-link\" href=\"https:\/\/www.chnk.pl\/?p=4154\">czytaj wi\u0119cej<\/a><\/span><\/p>\n","protected":false},"author":3,"featured_media":0,"comment_status":"open","ping_status":"open","sticky":false,"template":"","format":"standard","meta":{"ngg_post_thumbnail":0,"footnotes":""},"categories":[1],"tags":[],"_links":{"self":[{"href":"https:\/\/www.chnk.pl\/index.php?rest_route=\/wp\/v2\/posts\/4154"}],"collection":[{"href":"https:\/\/www.chnk.pl\/index.php?rest_route=\/wp\/v2\/posts"}],"about":[{"href":"https:\/\/www.chnk.pl\/index.php?rest_route=\/wp\/v2\/types\/post"}],"author":[{"embeddable":true,"href":"https:\/\/www.chnk.pl\/index.php?rest_route=\/wp\/v2\/users\/3"}],"replies":[{"embeddable":true,"href":"https:\/\/www.chnk.pl\/index.php?rest_route=%2Fwp%2Fv2%2Fcomments&post=4154"}],"version-history":[{"count":1,"href":"https:\/\/www.chnk.pl\/index.php?rest_route=\/wp\/v2\/posts\/4154\/revisions"}],"predecessor-version":[{"id":4155,"href":"https:\/\/www.chnk.pl\/index.php?rest_route=\/wp\/v2\/posts\/4154\/revisions\/4155"}],"wp:attachment":[{"href":"https:\/\/www.chnk.pl\/index.php?rest_route=%2Fwp%2Fv2%2Fmedia&parent=4154"}],"wp:term":[{"taxonomy":"category","embeddable":true,"href":"https:\/\/www.chnk.pl\/index.php?rest_route=%2Fwp%2Fv2%2Fcategories&post=4154"},{"taxonomy":"post_tag","embeddable":true,"href":"https:\/\/www.chnk.pl\/index.php?rest_route=%2Fwp%2Fv2%2Ftags&post=4154"}],"curies":[{"name":"wp","href":"https:\/\/api.w.org\/{rel}","templated":true}]}}