{"id":4151,"date":"2024-08-17T18:26:13","date_gmt":"2024-08-17T18:26:13","guid":{"rendered":"https:\/\/www.chnk.pl\/?p=4151"},"modified":"2024-08-17T18:26:13","modified_gmt":"2024-08-17T18:26:13","slug":"xx-niedziela-zwykla","status":"publish","type":"post","link":"https:\/\/www.chnk.pl\/?p=4151","title":{"rendered":"XX NIEDZIELA ZWYK\u0141A"},"content":{"rendered":"<p><strong>OG\u0141OSZENIA DUSZPASTERSKIE<\/strong><\/p>\n<p><strong>&nbsp;<\/strong><\/p>\n<p><strong>XX NIEDZIELA ZWYK\u0141A<\/strong><\/p>\n<p><strong>18 sierpnia 2024 r.<\/strong><\/p>\n<p><strong>&nbsp;<\/strong><\/p>\n<ol>\n<li>Kalendarz liturgiczny: wtorek \u2013 \u015bw. Bernarda; \u015broda \u2013 \u015bw. Piusa X; czwartek \u2013 NMP Kr\u00f3lowej; sobota \u2013 \u015bwi\u0119to \u015bw. Bart\u0142omieja Aposto\u0142a.<\/li>\n<\/ol>\n<p>&nbsp;<\/p>\n<ol start=\"2\">\n<li>W poniedzia\u0142ek Dzie\u0144 Salety\u0144ski (19 dzie\u0144 miesi\u0105ca). R\u00f3\u017caniec salety\u0144ski o godz. 7:15, po mszy \u015bw. procesja do figury Matki Bo\u017cej z La Salette.<\/li>\n<\/ol>\n<p>&nbsp;<\/p>\n<ol start=\"3\">\n<li>W czwartek po wieczornej mszy \u015bw. p\u00f3\u0142godzinna Adoracja Naj\u015bwi\u0119tszego Sakramentu. W czwartek przypada Mi\u0119dzynarodowy Dzie\u0144 Upami\u0119tniaj\u0105cy Ofiary Akt\u00f3w Przemocy ze wzgl\u0119du na Religi\u0119 lub Wyznanie. Pami\u0119tajmy tego dnia w modlitwie o prze\u015bladowanych.<\/li>\n<\/ol>\n<p>&nbsp;<\/p>\n<ol start=\"4\">\n<li>Zapraszamy na Archidiecezjalne Spotkanie M\u0142odych, kt\u00f3re odb\u0119dzie si\u0119 w sobot\u0119 14 wrze\u015bnia w godz. 13\u201321 w parafii na os. Stare \u017begrze. Zapisy u ks. wikariusza.<\/li>\n<\/ol>\n<p>&nbsp;<\/p>\n<ol start=\"5\">\n<li>Zapraszamy na koncert muzyki klasycznej \u201eMuzyka Polskich Katedr\u201d, kt\u00f3ry odb\u0119dzie si\u0119 w Katedrze w sobot\u0119 24 sierpnia o g. 19:00. Wst\u0119p wolny. Wyst\u0105pi wybitny akordeonista Maciej Fr\u0105ckiewicz, mistrz gitary klasycznej \u0141ukasz Kuropaczewski, a towarzyszy\u0107 im b\u0119dzie Orkiestra \u015bw. Marcina dzia\u0142aj\u0105ca przy Teatrze Muzycznym w Poznaniu.<\/li>\n<\/ol>\n<p>&nbsp;<\/p>\n<ol start=\"6\">\n<li>Sejm RP og\u0142osi\u0142 rok 2024 Rokiem Arcybiskupa Antoniego Baraniaka niez\u0142omnego obro\u0144cy Ko\u015bcio\u0142a i Polski wobec prze\u015bladowa\u0144 komunistycznych, kap\u0142ana, kt\u00f3ry \u201enie ucieka\u0142 od \u015bwiata, ale zmienia\u0142 \u015bwiat na lepszy\u201d. W Muzeum Archidiecezjalnym mo\u017cemy ogl\u0105da\u0107 wystaw\u0119 przygotowan\u0105 pod patronatem miasta Pozna\u0144: \u201eArcybiskup Antoni Baraniak w 120. rocznic\u0119 urodzin\u201d. Wystawa czynna do 15.09. br.<\/li>\n<\/ol>\n<p>&nbsp;<\/p>\n<ol start=\"7\">\n<li>Odpusty w sanktuariach: Sanktuarium Narodzenia NMP w Tulcach 24.08.\u20131.09.<\/li>\n<\/ol>\n<p>Sanktuarium Matki Bo\u017cej Pocieszenia Szamotu\u0142 Pani 24.08\u201301.09.<\/p>\n<p>Sanktuarium Matki Bo\u017cej Pocieszenia w G\u00f3rce Duchownej 24.08\u201302.09.<\/p>\n<p>Sanktuarium Matki Bo\u017cej Uzdrowienia Chorych w Smolicach 4\u20138.09.<\/p>\n<p>&nbsp;<\/p>\n<ol start=\"8\">\n<li>Ojciec \u015awi\u0119ty wyda\u0142 list o roli literatury w \u017cyciu chrze\u015bcijanina, o warto\u015bci czytania powie\u015bci i poezji na drodze osobistego dojrzewania. Szczeg\u00f3\u0142y w \u201ePrzewodniku Katolickim\u201d.<\/li>\n<\/ol>\n<p>&nbsp;<\/p>\n<ol start=\"9\">\n<li>Parafia na os. Stare \u017begrzu organizuje pielgrzymk\u0119 do Meksyku w dn. 16\u201321.11. br. Szczeg\u00f3\u0142y do zabrania spod ch\u00f3ru. Archidiecezja organizuje pielgrzymk\u0119 do Portugalii (Fatimy) z Santiago de Compostela 26.04.\u20133.05.2025. Szczeg\u00f3\u0142y w biurze parafialnym.<\/li>\n<\/ol>\n<p>10. W sierpniu, miesi\u0105cu \u015bwi\u0105t maryjnych i narodowych rocznic, jeste\u015bmy zaproszeni do powstrzymania si\u0119 od spo\u017cywania alkoholu jako postawy wynagrodzenia Panu Bogu za alkoholizm oraz do modlitwy za uzale\u017cnionych i poszkodowanych z powodu na\u0142ogu swoich bliskich. Grupa AA spotyka si\u0119 w naszej salce parafialnej we wtorki o godz. 19.00 i jest otwarta na wszystkich, kt\u00f3rzy szukaj\u0105 pomocy do \u017cycia w trze\u017awo\u015bci.<\/p>\n<p>&nbsp;<\/p>\n<ol start=\"11\">\n<li>Pom\u00f3dlmy si\u0119 za zmar\u0142ych parafian: \u015bp. Ann\u0119 Maciejewsk\u0105, os. Lecha 84, pogrzeb odby\u0142 si\u0119 w ubieg\u0142ym tygodniu; \u015bp. Dariusza Pawlaka, os. Lecha 40, pogrzeb odby\u0142 si\u0119 w ubieg\u0142ym tygodniu; \u015bp. Gertrud\u0119 Boruszak, os. Lecha 123, pogrzeb w czwartek o godz. 10:00 w parafii pw. Chrystusa Dobrego Pasterza na Nowinie. Wieczny odpoczynek\u2026<\/li>\n<\/ol>\n<p>&nbsp;<\/p>\n<p>&nbsp;<\/p>\n<p><strong>&nbsp;INFORMACJE STA\u0141E NA LIPIEC I SIERPIE\u0143&nbsp;&nbsp;&nbsp; <\/strong><\/p>\n<ol start=\"12\">\n<li><strong> W niedziele wakacyjne nie ma mszy \u015bw. o godz. 12.30.<\/strong><\/li>\n<\/ol>\n<p><strong><u>Msza \u015bw.<\/u><\/strong><strong> o godz. 8.00 w poniedzia\u0142ek, \u015brod\u0119 i pi\u0105tek<br \/>\n&nbsp;&nbsp;&nbsp;&nbsp;&nbsp;&nbsp;&nbsp;&nbsp;&nbsp;&nbsp;&nbsp;&nbsp;&nbsp;&nbsp;&nbsp; o godz.18.00 we wtorek, czwartek i sobot\u0119.<\/strong><\/p>\n<p><strong><u>Biuro Parafialne<\/u><\/strong><strong>: poniedzia\u0142ek godz. 9.00 do 10.30, czwartek godz. 16.00 do 17.30&nbsp;&nbsp;&nbsp;&nbsp;&nbsp;&nbsp;&nbsp;&nbsp;&nbsp;&nbsp;&nbsp;&nbsp;&nbsp;&nbsp;&nbsp;&nbsp;&nbsp;&nbsp;&nbsp; i sobota godz. 19.00 do 20.00.<\/strong><\/p>\n<ol start=\"20\">\n<li><strong> Msza \u015bw. niedzielna w godzinach p\u00f3\u017aniejszych w najbli\u017cszych parafiach: Parafia Pierwszych Polskich M\u0119czennik\u00f3w, os. Tysi\u0105clecia &#8211; godz. 20.00 i Parafia \u015bw. \u0141ukasza, os. Rusa &#8211; godz. 20.30<\/strong><\/li>\n<li><strong> Spowied\u017a \u015bw. p\u00f3\u0142 godziny przed Msz\u0105 \u015bw. i w sobot\u0119 od godz. 16.00 &#8211; 18.00.<\/strong><\/li>\n<\/ol>\n","protected":false},"excerpt":{"rendered":"<p>OG\u0141OSZENIA DUSZPASTERSKIE &nbsp; XX NIEDZIELA ZWYK\u0141A 18 sierpnia 2024 r. &nbsp; Kalendarz liturgiczny: wtorek \u2013 \u015bw. Bernarda; \u015broda \u2013 \u015bw. Piusa X; czwartek \u2013 NMP Kr\u00f3lowej; sobota \u2013 \u015bwi\u0119to \u015bw. Bart\u0142omieja Aposto\u0142a. &nbsp; W poniedzia\u0142ek Dzie\u0144 Salety\u0144ski (19 dzie\u0144 miesi\u0105ca). R\u00f3\u017caniec salety\u0144ski o godz. 7:15, po mszy \u015bw. procesja do figury Matki Bo\u017cej z La &#8230; <span class=\"more\"><a class=\"more-link\" href=\"https:\/\/www.chnk.pl\/?p=4151\">czytaj wi\u0119cej<\/a><\/span><\/p>\n","protected":false},"author":3,"featured_media":0,"comment_status":"open","ping_status":"open","sticky":false,"template":"","format":"standard","meta":{"ngg_post_thumbnail":0,"footnotes":""},"categories":[1],"tags":[],"_links":{"self":[{"href":"https:\/\/www.chnk.pl\/index.php?rest_route=\/wp\/v2\/posts\/4151"}],"collection":[{"href":"https:\/\/www.chnk.pl\/index.php?rest_route=\/wp\/v2\/posts"}],"about":[{"href":"https:\/\/www.chnk.pl\/index.php?rest_route=\/wp\/v2\/types\/post"}],"author":[{"embeddable":true,"href":"https:\/\/www.chnk.pl\/index.php?rest_route=\/wp\/v2\/users\/3"}],"replies":[{"embeddable":true,"href":"https:\/\/www.chnk.pl\/index.php?rest_route=%2Fwp%2Fv2%2Fcomments&post=4151"}],"version-history":[{"count":1,"href":"https:\/\/www.chnk.pl\/index.php?rest_route=\/wp\/v2\/posts\/4151\/revisions"}],"predecessor-version":[{"id":4152,"href":"https:\/\/www.chnk.pl\/index.php?rest_route=\/wp\/v2\/posts\/4151\/revisions\/4152"}],"wp:attachment":[{"href":"https:\/\/www.chnk.pl\/index.php?rest_route=%2Fwp%2Fv2%2Fmedia&parent=4151"}],"wp:term":[{"taxonomy":"category","embeddable":true,"href":"https:\/\/www.chnk.pl\/index.php?rest_route=%2Fwp%2Fv2%2Fcategories&post=4151"},{"taxonomy":"post_tag","embeddable":true,"href":"https:\/\/www.chnk.pl\/index.php?rest_route=%2Fwp%2Fv2%2Ftags&post=4151"}],"curies":[{"name":"wp","href":"https:\/\/api.w.org\/{rel}","templated":true}]}}