{"id":4146,"date":"2024-08-11T19:33:31","date_gmt":"2024-08-11T19:33:31","guid":{"rendered":"https:\/\/www.chnk.pl\/?p=4146"},"modified":"2024-08-11T19:33:43","modified_gmt":"2024-08-11T19:33:43","slug":"xix-niedziela-zwykla-2","status":"publish","type":"post","link":"https:\/\/www.chnk.pl\/?p=4146","title":{"rendered":"XIX NIEDZIELA ZWYK\u0141A"},"content":{"rendered":"<p><strong>&nbsp;<\/strong><\/p>\n<p><strong>OG\u0141OSZENIA DUSZPASTERSKIE<\/strong><\/p>\n<p><strong>&nbsp;<\/strong><\/p>\n<p><strong>XIX NIEDZIELA ZWYK\u0141A<\/strong><\/p>\n<p><strong>11 sierpnia 2024 r.<\/strong><\/p>\n<p><strong>&nbsp;<\/strong><\/p>\n<ol>\n<li>Kalendarz liturgiczny: \u015broda \u2013 \u015bw. Maksymiliana Marii Kolbe; czwartek \u2013 Uroczysto\u015b\u0107&nbsp;Wniebowzi\u0119cia NMP; sobota \u2013 \u015bw. Jacka.<\/li>\n<\/ol>\n<p>&nbsp;<\/p>\n<ol start=\"2\">\n<li>W czwartek 15 sierpnia <strong>Uroczysto\u015b\u0107 Wniebowzi\u0119cia NMP \u2013 msze \u015bw. jak w niedziele wakacyjne (8:00, 9:30, 11:15, 18:00). <\/strong>Tak\u017ce wieczorna <strong>msza \u015bw. o godz. 18:00 w \u015brod\u0119 14 sierpnia b\u0119dzie ju\u017c msz\u0105 \u015bw. z Uroczysto\u015bci<\/strong> Wniebowzi\u0119cia NMP.<br \/>\nNa ka\u017cdej mszy \u015bw. b\u0142ogos\u0142awie\u0144stwo zi\u00f3\u0142 i kwiat\u00f3w. Prosimy o przygotowanie ich we w\u0142asnym zakresie. 15 sierpnia zbi\u00f3rka do puszek na Caritas.<\/li>\n<\/ol>\n<p>Nowenna do Matki Bo\u017cej Nieustaj\u0105cej Pomocy w \u015brod\u0119 po mszy \u015bw. <strong><u>porannej<\/u><\/strong>.<\/p>\n<p>15 sierpnia organizowana jest \u201ePielgrzymka Nadziei do Sanktuari\u00f3w Maryjnych\u201d. Akcja polega na pielgrzymce do najbli\u017cszego Sanktuarium Maryjnego w swojej okolicy. Szczeg\u00f3\u0142y zna stronie www.drogamaryi.pl<\/p>\n<p>&nbsp;<\/p>\n<ol start=\"3\">\n<li>13 sierpnia 1977 r. zmar\u0142 w Poznaniu jeden z najwybitniejszych Pasterzy Ko\u015bcio\u0142a Pozna\u0144skiego Abp Antoni Baraniak, niez\u0142omny biskup i or\u0119downik prawdy, prze\u015bladowany w katowniach \u00f3wczesnego Urz\u0119du Bezpiecze\u0144stwa PRL. Wszyscy wierni zaproszeni s\u0105 na Eucharysti\u0119 w intencji \u015bp. Abp. Antoniego Baraniaka we wtorek 13 sierpnia o godz. 8.00 w Katedrze Pozna\u0144skiej. B\u0119dzie r\u00f3wnie\u017c mo\u017cliwo\u015b\u0107 modlitwy za jego dusz\u0119 w krypcie grobowej Arcybiskup\u00f3w Pozna\u0144skich.<\/li>\n<\/ol>\n<p>&nbsp;<\/p>\n<ol start=\"4\">\n<li>Trwa nab\u00f3r do Arcybiskupiego Seminarium Duchownego w Poznaniu oraz na Wydzia\u0142 Teologiczny UAM na kierunki: Teologia oraz Dialog i doradztwo spo\u0142eczne.<\/li>\n<\/ol>\n<p>&nbsp;<\/p>\n<ol start=\"5\">\n<li>W dn. 21\u201322 wrze\u015bnia odb\u0119dzie si\u0119 Pielgrzymka Ma\u0142\u017ce\u0144stw i Rodzin na Jasn\u0105 G\u00f3r\u0119 pod has\u0142em: \u201eRodziny z serca wzi\u0119te. Adopcja\u201d. Szczeg\u00f3\u0142y na tablicy og\u0142osze\u0144.<\/li>\n<\/ol>\n<p>&nbsp;<\/p>\n<ol start=\"6\">\n<li>Archidiecezjalne Studium Muzyki Ko\u015bcielnej w Poznaniu og\u0142asza nab\u00f3r na rok 2024\/2025. ASMK jest podstawowym stopniem kszta\u0142cenia muzyk\u00f3w ko\u015bcielnych. Nauka trwa 4 lata i ko\u0144czy si\u0119 uzyskaniem dyplomu uprawniaj\u0105cego do podj\u0119cia pracy w ko\u015bciele w charakterze organisty i prowadz\u0105cego zespo\u0142y muzyki ko\u015bcielnej.<br \/>\nZg\u0142oszenia do 30 sierpnia. Wi\u0119cej informacji na tablicy og\u0142osze\u0144.<\/li>\n<\/ol>\n<p>&nbsp;<\/p>\n<ol start=\"7\">\n<li>24 grudnia papie\u017c Franciszek otworzy Drzwi \u015awi\u0119te w Bazylice \u015bw. Piotra inauguruj\u0105c Rok \u015awi\u0119ty, obchodzony w Ko\u015bciele co 25 lat. Z tej racji Archidiecezja Pozna\u0144ska organizuje w roku jubileuszowym Archidiecezjaln\u0105 pielgrzymk\u0119 do Italii, do Grob\u00f3w Apostolskich i \u015bw. Franciszka w dn. 15\u201322 marca 2025 r. Szczeg\u00f3\u0142y i program na tablicy og\u0142osze\u0144.<\/li>\n<\/ol>\n<p>Archidiecezja Pozna\u0144ska organizuje tak\u017ce pielgrzymk\u0119 do Bo\u015bni i Chorwacji, do Matki Bo\u017cej z Medjugorje w dn. 3\u201310 pa\u017adziernika br. oraz do RPA w dn. 16\u201327&nbsp;lutego 2025 r. Szczeg\u00f3\u0142y w Biurze Parafialnym.<\/p>\n<p><em>&nbsp;<\/em><\/p>\n<ol start=\"8\">\n<li>Pom\u00f3dlmy si\u0119 w intencji ks. \u0141ukasza S\u0142oci\u0144skiego z parafii w D\u0105br\u00f3wce, brutalnie pobitego w czasie napadu, w wyniku kt\u00f3rego zmar\u0142a jego mama. <em>Uzdrowienie chorych\u2026 Wieczny odpoczynek&#8230;<\/em><\/li>\n<\/ol>\n<p>&nbsp;<\/p>\n<p>&nbsp;&nbsp;&nbsp;&nbsp;&nbsp;&nbsp;&nbsp;&nbsp;&nbsp;&nbsp;&nbsp;&nbsp;&nbsp;&nbsp;&nbsp;&nbsp;&nbsp;&nbsp;&nbsp;&nbsp;&nbsp;&nbsp;&nbsp;&nbsp;&nbsp;&nbsp;&nbsp;&nbsp;&nbsp;&nbsp;&nbsp;&nbsp;&nbsp;&nbsp;&nbsp;&nbsp;&nbsp;&nbsp;&nbsp;&nbsp;&nbsp;&nbsp;&nbsp;&nbsp;&nbsp;&nbsp;&nbsp;&nbsp;&nbsp;&nbsp;&nbsp;&nbsp;&nbsp;&nbsp;&nbsp;&nbsp;&nbsp;&nbsp;&nbsp;&nbsp;&nbsp;&nbsp;&nbsp;&nbsp;&nbsp;&nbsp;&nbsp;&nbsp;&nbsp;&nbsp;&nbsp;&nbsp;&nbsp;&nbsp;&nbsp;&nbsp;&nbsp;&nbsp;&nbsp;&nbsp;&nbsp;&nbsp;&nbsp;&nbsp;&nbsp;&nbsp;&nbsp;&nbsp;&nbsp;&nbsp;&nbsp;&nbsp;&nbsp;&nbsp;&nbsp;&nbsp;&nbsp;&nbsp;&nbsp;&nbsp;&nbsp;&nbsp;&nbsp;&nbsp;&nbsp;&nbsp;&nbsp;&nbsp;&nbsp;&nbsp;&nbsp;&nbsp;&nbsp;&nbsp;&nbsp;&nbsp;&nbsp;&nbsp;&nbsp;&nbsp;&nbsp;&nbsp;&nbsp;&nbsp;&nbsp;&nbsp;&nbsp;&nbsp;&nbsp;&nbsp;&nbsp;&nbsp;&nbsp;&nbsp;&nbsp;&nbsp;&nbsp;&nbsp;&nbsp;&nbsp;&nbsp;&nbsp;&nbsp;&nbsp;&nbsp;&nbsp;&nbsp;&nbsp;&nbsp;&nbsp;&nbsp;&nbsp;&nbsp;&nbsp;&nbsp;&nbsp;&nbsp;&nbsp;&nbsp;&nbsp;&nbsp;&nbsp;&nbsp;&nbsp;&nbsp;&nbsp;&nbsp;&nbsp;&nbsp;&nbsp;&nbsp;&nbsp;&nbsp;&nbsp;&nbsp;&nbsp;&nbsp;&nbsp;&nbsp;&nbsp;&nbsp;&nbsp;&nbsp;&nbsp;&nbsp;&nbsp;&nbsp;&nbsp;&nbsp;&nbsp;&nbsp;&nbsp;&nbsp;&nbsp;&nbsp;&nbsp;&nbsp;&nbsp;&nbsp;&nbsp;&nbsp;&nbsp;&nbsp;&nbsp;&nbsp;&nbsp;&nbsp;&nbsp;&nbsp;&nbsp;&nbsp;&nbsp;&nbsp;&nbsp;&nbsp;&nbsp;&nbsp;&nbsp;&nbsp;&nbsp;&nbsp;&nbsp;&nbsp;&nbsp;&nbsp;&nbsp;&nbsp;&nbsp;&nbsp;&nbsp;&nbsp;&nbsp;&nbsp;&nbsp;&nbsp;<\/p>\n<p><strong>&nbsp;<\/strong><\/p>\n<p><strong>&nbsp;<\/strong><\/p>\n<p><strong>INFORMACJE STA\u0141E NA <\/strong><strong>LIPIEC I SIERPIE\u0143<\/strong><\/p>\n<ol start=\"12\">\n<li>W lipcu i w sierpniu zmienione godziny odprawiania Mszy \u015bw. w niedziele i dni powszednie oraz zmienione godziny urz\u0119dowania Biura Parafialnego. W niedziele wakacyjne nie ma mszy \u015bw. o godz. 12.30.<\/li>\n<\/ol>\n<p><u>Msza \u015bw.<\/u> o godz. 8.00 w poniedzia\u0142ek, \u015brod\u0119 i pi\u0105tek<br \/>\n&nbsp;&nbsp;&nbsp;&nbsp;&nbsp;&nbsp;&nbsp;&nbsp;&nbsp;&nbsp;&nbsp;&nbsp;&nbsp;&nbsp;&nbsp; o godz. 18.00 we wtorek, czwartek i sobot\u0119.<\/p>\n<p>Nowenna do Matki Bo\u017cej Nieustaj\u0105cej Pomocy w \u015brod\u0119 o godz. 8.00.<\/p>\n<p>R\u00f3\u017caniec do Matki Bo\u017cej Patronki Dobrej \u015amierci we wtorek o godz. 17.30.<\/p>\n<p><u>Biuro Parafialne<\/u>: poniedzia\u0142ek godz. 9.00 do 10.30, czwartek godz. 16.00 do 17.30&nbsp;&nbsp;&nbsp;&nbsp;&nbsp;&nbsp;&nbsp;&nbsp;&nbsp;&nbsp;&nbsp;&nbsp;&nbsp;&nbsp;&nbsp;&nbsp;&nbsp;&nbsp;&nbsp; i sobota godz. 19.00 do 20.00.<\/p>\n<ol start=\"20\">\n<li>Msza \u015bw. niedzielna w godzinach p\u00f3\u017aniejszych w najbli\u017cszych parafiach: Parafia Pierwszych Polskich M\u0119czennik\u00f3w, os. Tysi\u0105clecia \u2013 godz. 20.00 i Parafia \u015bw. \u0141ukasza, os. Rusa \u2013 godz. 20.30.<\/li>\n<li>Spowied\u017a \u015bw. p\u00f3\u0142 godziny przed Msz\u0105 \u015bw. i w sobot\u0119 od godz. 16.00\u201318.00.<\/li>\n<\/ol>\n<p><strong>&nbsp;&nbsp;&nbsp;&nbsp;&nbsp;&nbsp;&nbsp;&nbsp;&nbsp;&nbsp;&nbsp;&nbsp;&nbsp;&nbsp;&nbsp;&nbsp;&nbsp;&nbsp;&nbsp;&nbsp;&nbsp;&nbsp;&nbsp;&nbsp;&nbsp;&nbsp;&nbsp;&nbsp;&nbsp;&nbsp;&nbsp;&nbsp;&nbsp;&nbsp;&nbsp;&nbsp;&nbsp;&nbsp;&nbsp;&nbsp;&nbsp;&nbsp;&nbsp;&nbsp;&nbsp;&nbsp;&nbsp;&nbsp;&nbsp;&nbsp;&nbsp;&nbsp;&nbsp;&nbsp;&nbsp;&nbsp;&nbsp;&nbsp;&nbsp;&nbsp;&nbsp;&nbsp;&nbsp;&nbsp;&nbsp;&nbsp;&nbsp;&nbsp;&nbsp;&nbsp;&nbsp;&nbsp;&nbsp;&nbsp;&nbsp;&nbsp;&nbsp;&nbsp;&nbsp;&nbsp;&nbsp;&nbsp;&nbsp;&nbsp;&nbsp;&nbsp;&nbsp;&nbsp;&nbsp;&nbsp;&nbsp;&nbsp;&nbsp;&nbsp;&nbsp;&nbsp;&nbsp;&nbsp;&nbsp;&nbsp;&nbsp;&nbsp;&nbsp;&nbsp;&nbsp;&nbsp;&nbsp;&nbsp;&nbsp;&nbsp;&nbsp;&nbsp;&nbsp;&nbsp;&nbsp;&nbsp;&nbsp;&nbsp;&nbsp;&nbsp;&nbsp;&nbsp;&nbsp;&nbsp;&nbsp;&nbsp;&nbsp;&nbsp;&nbsp;&nbsp;&nbsp;&nbsp;&nbsp;&nbsp;&nbsp;&nbsp;&nbsp;&nbsp;&nbsp;&nbsp;&nbsp;&nbsp;&nbsp;&nbsp;&nbsp;&nbsp;&nbsp;&nbsp;&nbsp;&nbsp;&nbsp;&nbsp;&nbsp;&nbsp;&nbsp;&nbsp;&nbsp;&nbsp;&nbsp;&nbsp;&nbsp;&nbsp;&nbsp;&nbsp;&nbsp;&nbsp;&nbsp;&nbsp;&nbsp;&nbsp;&nbsp;&nbsp;&nbsp;&nbsp;&nbsp;&nbsp;&nbsp;&nbsp;&nbsp;&nbsp;&nbsp;&nbsp;&nbsp;&nbsp;&nbsp;&nbsp;&nbsp;&nbsp;&nbsp;&nbsp;&nbsp;&nbsp;&nbsp;&nbsp;&nbsp;&nbsp;&nbsp;&nbsp;&nbsp;&nbsp;&nbsp;&nbsp;&nbsp;&nbsp;&nbsp;&nbsp;&nbsp;&nbsp;&nbsp;&nbsp;&nbsp;&nbsp;&nbsp;&nbsp;&nbsp;&nbsp;&nbsp;&nbsp;&nbsp;&nbsp;&nbsp;&nbsp;&nbsp;&nbsp;&nbsp;&nbsp;&nbsp;&nbsp;&nbsp;&nbsp;&nbsp;&nbsp;&nbsp;&nbsp;&nbsp;&nbsp;&nbsp;&nbsp;&nbsp;&nbsp;&nbsp;&nbsp;&nbsp;&nbsp;&nbsp;&nbsp;&nbsp;&nbsp;&nbsp;&nbsp; <\/strong><\/p>\n","protected":false},"excerpt":{"rendered":"<p>&nbsp; OG\u0141OSZENIA DUSZPASTERSKIE &nbsp; XIX NIEDZIELA ZWYK\u0141A 11 sierpnia 2024 r. &nbsp; Kalendarz liturgiczny: \u015broda \u2013 \u015bw. Maksymiliana Marii Kolbe; czwartek \u2013 Uroczysto\u015b\u0107&nbsp;Wniebowzi\u0119cia NMP; sobota \u2013 \u015bw. Jacka. &nbsp; W czwartek 15 sierpnia Uroczysto\u015b\u0107 Wniebowzi\u0119cia NMP \u2013 msze \u015bw. jak w niedziele wakacyjne (8:00, 9:30, 11:15, 18:00). Tak\u017ce wieczorna msza \u015bw. o godz. 18:00 w &#8230; <span class=\"more\"><a class=\"more-link\" href=\"https:\/\/www.chnk.pl\/?p=4146\">czytaj wi\u0119cej<\/a><\/span><\/p>\n","protected":false},"author":3,"featured_media":0,"comment_status":"open","ping_status":"open","sticky":false,"template":"","format":"standard","meta":{"ngg_post_thumbnail":0,"footnotes":""},"categories":[1],"tags":[],"_links":{"self":[{"href":"https:\/\/www.chnk.pl\/index.php?rest_route=\/wp\/v2\/posts\/4146"}],"collection":[{"href":"https:\/\/www.chnk.pl\/index.php?rest_route=\/wp\/v2\/posts"}],"about":[{"href":"https:\/\/www.chnk.pl\/index.php?rest_route=\/wp\/v2\/types\/post"}],"author":[{"embeddable":true,"href":"https:\/\/www.chnk.pl\/index.php?rest_route=\/wp\/v2\/users\/3"}],"replies":[{"embeddable":true,"href":"https:\/\/www.chnk.pl\/index.php?rest_route=%2Fwp%2Fv2%2Fcomments&post=4146"}],"version-history":[{"count":1,"href":"https:\/\/www.chnk.pl\/index.php?rest_route=\/wp\/v2\/posts\/4146\/revisions"}],"predecessor-version":[{"id":4147,"href":"https:\/\/www.chnk.pl\/index.php?rest_route=\/wp\/v2\/posts\/4146\/revisions\/4147"}],"wp:attachment":[{"href":"https:\/\/www.chnk.pl\/index.php?rest_route=%2Fwp%2Fv2%2Fmedia&parent=4146"}],"wp:term":[{"taxonomy":"category","embeddable":true,"href":"https:\/\/www.chnk.pl\/index.php?rest_route=%2Fwp%2Fv2%2Fcategories&post=4146"},{"taxonomy":"post_tag","embeddable":true,"href":"https:\/\/www.chnk.pl\/index.php?rest_route=%2Fwp%2Fv2%2Ftags&post=4146"}],"curies":[{"name":"wp","href":"https:\/\/api.w.org\/{rel}","templated":true}]}}