{"id":4135,"date":"2024-07-20T20:50:33","date_gmt":"2024-07-20T20:50:33","guid":{"rendered":"https:\/\/www.chnk.pl\/?p=4135"},"modified":"2024-07-20T20:50:33","modified_gmt":"2024-07-20T20:50:33","slug":"niedziela-xvi-zwykla-2","status":"publish","type":"post","link":"https:\/\/www.chnk.pl\/?p=4135","title":{"rendered":"NIEDZIELA XVI ZWYK\u0141A"},"content":{"rendered":"<p>OG\u0141OSZENIA DUSZPASTERSKIE<br \/>\nNIEDZIELA XVI ZWYK\u0141A<br \/>\n21 lipca 2024 r.<br \/>\n1. Kalendarz liturgiczny: poniedzia\u0142ek \u2013 \u015bw. Marii Magdaleny, wtorek \u2013 \u015bw. Brygidy, \u015broda \u2013 \u015bw, Kingi, czwartek &#8211; Jakuba Aposto\u0142a i \u015bw. Krzysztofa, pi\u0105tek \u2013 \u015bw. Joachima i Anny, rodzic\u00f3w NMP.<br \/>\n2. B\u0142ogos\u0142awie\u0144stwo kierowc\u00f3w i pojazd\u00f3w mechanicznych z okazji wspomnienia liturgiczne \u015bw. Krzysztofa: w sobot\u0119 po mszy \u015bw. o 18:00 oraz w niedziel\u0119 po mszy \u015bw. o godz. 9.30, 11.15 i 18.00. Przy tej okazji mo\u017cliwo\u015b\u0107 z\u0142o\u017cenia ofiary na \u015brodki transportu dla misjonarzy. Samochodami i motocyklami mo\u017cna wjecha\u0107 na plac przy ko\u015bciele (od strony Biura Parafialnego).<br \/>\n3. W czwartek o godz. 19.15 msza \u015bw. z pro\u015bba o uzdrowienie duszy i cia\u0142a. Intencje mszy \u015bw. mo\u017cna z\u0142o\u017cy\u0107 pod ch\u00f3rem.<br \/>\n4. Zapraszamy wszystkich, kt\u00f3rzy s\u0105 otwarci na niesienie wsparcia osobom starszym na terenie naszej Parafii, do udzia\u0142u w zespole pomocowym. Chodzi o pomoc w zakupach, sprz\u0105taniu, transporcie do lekarza czy urz\u0119du. Charakter udzielanej pomocy b\u0119dzie dostosowany do mo\u017cliwo\u015bci osoby pomagaj\u0105cej. Ch\u0119tnych prosimy o zg\u0142aszanie si\u0119 w zakrystii. Informacja jest wywieszona na tablicy og\u0142osze\u0144.<br \/>\n5. Archidiecezjalna Pielgrzymka ludzi Chorych, Starszych i Niepe\u0142nosprawnych tradycyjnie odbywa si\u0119 z okazji liturgicznego wspomnienia Naj\u015bwi\u0119tszej Maryi Panny Bolesnej. Serdecznie zapraszamy wszystkich, kt\u00f3rym tylko si\u0142y i stan zdrowia na to pozwalaj\u0105, do wsp\u00f3lnego pielgrzymowania w tym dniu przed oblicze Matki Bo\u017cej na \u015awi\u0119t\u0105 G\u00f3r\u0119 w Gostyniu. Pielgrzymka rozpocznie si\u0119 w sobot\u0119 14 wrze\u015bnia 2024 roku o godz. 10.30 uroczyst\u0105 Eucharysti\u0105 po\u0142\u0105czon\u0105 z nabo\u017ce\u0144stwem na wz\u00f3r sanktuarium w Lourdes. Modlitwom przewodniczy\u0107 b\u0119dzie ksi\u0105dz biskup Grzegorz Balcerek. Po Mszy \u015bw. przewidziana jest przerwa na posi\u0142ek, a nast\u0119pnie wyst\u0119p artystyczny. Zako\u0144czenie planowane jest ok. godziny 14.00. Caritas Archidiecezji Pozna\u0144skiej organizuje dojazd na pielgrzymk\u0119. Zg\u0142oszenia mo\u017cna kierowa\u0107 do biura Caritas przy Rynku Wildeckim 4a osobi\u015bcie lub pod numerem telefonu 61-835-68-50.<br \/>\n6. Zach\u0119camy do czytania prasy katolickiej. Przy zakrystii: Przewodnik Katolicki, Ma\u0142y Przewodnik Katolicki i Go\u015b\u0107 Niedzielny.<\/p>\n<p>INFORMACJE STA\u0141E NA LIPIEC I SIERPIE\u0143<br \/>\nA. W niedziele wakacyjne nie ma mszy \u015bw. o godz. 12.30.<br \/>\nMsza \u015bw. o godz. 8.00 w poniedzia\u0142ek, \u015brod\u0119 i pi\u0105tek<br \/>\no godz.18.00 we wtorek, czwartek i sobot\u0119.<br \/>\nBiuro Parafialne: poniedzia\u0142ek godz. 9.00 do 10.30, czwartek godz. 16.00 do 17.30 i sobota godz. 19.00 do 20.00.<br \/>\nB. Msza \u015bw. niedzielna w godzinach p\u00f3\u017aniejszych w najbli\u017cszych parafiach: Parafia Pierwszych Polskich M\u0119czennik\u00f3w, os. Tysi\u0105clecia &#8211; godz. 20.00 i Parafia \u015bw. \u0141ukasza, os. Rusa &#8211; godz. 20.30<br \/>\nC. Spowied\u017a \u015bw. p\u00f3\u0142 godziny przed Msz\u0105 \u015bw. i w sobot\u0119 od godz. 16.00 &#8211; 18.00.<\/p>\n<p>&nbsp;<\/p>\n<p>&nbsp;<\/p>\n<p>&nbsp;<\/p>\n<p>&nbsp;<\/p>\n<p>&nbsp;<\/p>\n<p>&nbsp;<\/p>\n<p>&nbsp;<\/p>\n<p>INFORMACJE STA\u0141E NA LIPIEC I SIERPIE\u0143<br \/>\nA. W sierpniu zmienione godziny odprawiania Mszy \u015bw. w niedziele oraz zmienione godziny urz\u0119dowania Biura Parafialnego.<br \/>\nW niedziele wakacyjne nie ma mszy \u015bw. o godz. 12.30.<br \/>\nMsza \u015bw. w dni powszednie o godz. 8.00 i 18.00.<br \/>\nNowenna do Matki Bo\u017cej Nieustaj\u0105cej Pomocy w \u015brod\u0119 o godz. 8.00<br \/>\nR\u00f3\u017caniec do Matki Bo\u017cej Patronki Dobrej \u015amierci i Nowenna do \u015bw. J\u00f3zefa we wtorek o godz. 17.30<br \/>\nBiuro Parafialne: poniedzia\u0142ek godz. 9.00 do 10.30,<br \/>\nczwartek godz. 16.00 do 17.30<br \/>\nsobota godz. 19.00 do 20.00.<br \/>\nB. Msza \u015bw. niedzielna w godzinach p\u00f3\u017aniejszych w najbli\u017cszych parafiach. Parafia Pierwszych Polskich M\u0119czennik\u00f3w, os. Tysi\u0105clecia &#8211; godz. 20.00 i Parafia \u015bw. \u0141ukasza, os. Rusa &#8211; godz. 20.30<br \/>\nC. Grupa Anonimowych Alkoholik\u00f3w spotyka si\u0119 w ka\u017cdy wtorek o godz. 19.00 w salce parafialnej.<br \/>\nD. Spowied\u017a \u015bw. p\u00f3\u0142 godziny przed Msz\u0105 \u015bw. i w sobot\u0119 od godz. 16.00-18.00.<br \/>\nE. Dzieci wyje\u017cd\u017caj\u0105ce na kolonie powinny zabra\u0107 pisemne o\u015bwiadczenie rodzic\u00f3w, i\u017c jest ich wol\u0105, aby dziecko uczestniczy\u0142o w niedzielnej Mszy \u015bw.<br \/>\nF. Spowied\u017a \u015bw. p\u00f3\u0142 godziny przed Msz\u0105 \u015bw. i w sobot\u0119 od godz. 16.00-18.00.<\/p>\n<p>Prosimy o podawanie intencji mszalnych, uprzednio zarezerwowanych, na lipiec i sierpie\u0144. Mo\u017cna to uczyni\u0107 w niedziel\u0119, po Mszy \u015bw., w zakrystii.<\/p>\n","protected":false},"excerpt":{"rendered":"<p>OG\u0141OSZENIA DUSZPASTERSKIE NIEDZIELA XVI ZWYK\u0141A 21 lipca 2024 r. 1. Kalendarz liturgiczny: poniedzia\u0142ek \u2013 \u015bw. Marii Magdaleny, wtorek \u2013 \u015bw. Brygidy, \u015broda \u2013 \u015bw, Kingi, czwartek &#8211; Jakuba Aposto\u0142a i \u015bw. Krzysztofa, pi\u0105tek \u2013 \u015bw. Joachima i Anny, rodzic\u00f3w NMP. 2. B\u0142ogos\u0142awie\u0144stwo kierowc\u00f3w i pojazd\u00f3w mechanicznych z okazji wspomnienia liturgiczne \u015bw. Krzysztofa: w sobot\u0119 po &#8230; <span class=\"more\"><a class=\"more-link\" href=\"https:\/\/www.chnk.pl\/?p=4135\">czytaj wi\u0119cej<\/a><\/span><\/p>\n","protected":false},"author":3,"featured_media":0,"comment_status":"open","ping_status":"open","sticky":false,"template":"","format":"standard","meta":{"ngg_post_thumbnail":0,"footnotes":""},"categories":[1],"tags":[],"_links":{"self":[{"href":"https:\/\/www.chnk.pl\/index.php?rest_route=\/wp\/v2\/posts\/4135"}],"collection":[{"href":"https:\/\/www.chnk.pl\/index.php?rest_route=\/wp\/v2\/posts"}],"about":[{"href":"https:\/\/www.chnk.pl\/index.php?rest_route=\/wp\/v2\/types\/post"}],"author":[{"embeddable":true,"href":"https:\/\/www.chnk.pl\/index.php?rest_route=\/wp\/v2\/users\/3"}],"replies":[{"embeddable":true,"href":"https:\/\/www.chnk.pl\/index.php?rest_route=%2Fwp%2Fv2%2Fcomments&post=4135"}],"version-history":[{"count":1,"href":"https:\/\/www.chnk.pl\/index.php?rest_route=\/wp\/v2\/posts\/4135\/revisions"}],"predecessor-version":[{"id":4136,"href":"https:\/\/www.chnk.pl\/index.php?rest_route=\/wp\/v2\/posts\/4135\/revisions\/4136"}],"wp:attachment":[{"href":"https:\/\/www.chnk.pl\/index.php?rest_route=%2Fwp%2Fv2%2Fmedia&parent=4135"}],"wp:term":[{"taxonomy":"category","embeddable":true,"href":"https:\/\/www.chnk.pl\/index.php?rest_route=%2Fwp%2Fv2%2Fcategories&post=4135"},{"taxonomy":"post_tag","embeddable":true,"href":"https:\/\/www.chnk.pl\/index.php?rest_route=%2Fwp%2Fv2%2Ftags&post=4135"}],"curies":[{"name":"wp","href":"https:\/\/api.w.org\/{rel}","templated":true}]}}