{"id":4128,"date":"2024-07-06T15:53:09","date_gmt":"2024-07-06T15:53:09","guid":{"rendered":"https:\/\/www.chnk.pl\/?p=4128"},"modified":"2024-07-06T15:53:09","modified_gmt":"2024-07-06T15:53:09","slug":"niedziela-xiii-zwykla","status":"publish","type":"post","link":"https:\/\/www.chnk.pl\/?p=4128","title":{"rendered":"NIEDZIELA XIII ZWYK\u0141A"},"content":{"rendered":"<p><strong>OG\u0141OSZENIA DUSZPASTERSKIE<\/strong><\/p>\n<p><strong>NIEDZIELA XIII ZWYK\u0141A&nbsp;<\/strong><\/p>\n<p><strong>30 czerwca 2024 r.<\/strong><\/p>\n<p><strong>1.<\/strong>Kalendarz liturgiczny: poniedzia\u0142ek \u2013 \u015bw. Ottona, \u015broda \u2013 \u015bw. Tomasza aposto\u0142a, czwartek \u2013 \u015bw. El\u017cbiety Portugalskiej, pi\u0105tek \u2013 \u015bw. Marii Goretti i \u015bw. Antoniego Zaccarii,&nbsp; &nbsp; sobota \u2013 b\u0142. Marii Teresy Led\u00f3chowskiej.<\/p>\n<ol start=\"2\">\n<li>Od poniedzia\u0142ku obowi\u0105zuj\u0105 wakacyjne zmiany w porz\u0105dku odprawiania mszy \u015bw. w dni powszednie i w niedziele oraz godzinach urz\u0119dowania Biura Parafialnego.<\/li>\n<li>W czwartek, pierwszy w miesi\u0105cu, adoracja Naj\u015bwi\u0119tszego Sakramentu od godz. 17.00 do 18.00 w intencji poszanowania \u017cycia ludzkiego, godno\u015bci jego przekazywania i kszta\u0142tuj\u0105cych opini\u0119 spo\u0142eczn\u0105 na ten temat. Zapraszamy na r\u00f3\u017caniec wszystkich, kt\u00f3rzy podj\u0119li duchow\u0105 adopcj\u0119 dziecka nienarodzonego. Adoracja w intencji zachowania i uproszenie nowych powo\u0142a\u0144 kap\u0142a\u0144skich, zakonnych i misyjnych po wieczornej mszy \u015bw. do godz. 21.00. W pierwszy pi\u0105tek miesi\u0105ca msza \u015bw. rano i wieczorem. Okazja do spowiedzi \u015bw. od godz. 15.00 do 18.00. Komunia \u015bw. pierwszopi\u0105tkowa dla dzieci o godz. 16.30. Odwiedziny chorych w pi\u0105tek wed\u0142ug sta\u0142ego porz\u0105dku. W I sobot\u0119 r\u00f3\u017caniec o godz. 7.15 i msza \u015bw. o godz. 8.00.<\/li>\n<li>B\u00f3g zap\u0142a\u0107 za ofiary na utrzymanie naszego ko\u015bcio\u0142a. B\u00f3g za ofiary na Stolic\u0119 \u015awi\u0119t\u0105 z\u0142o\u017cone w uroczysto\u015b\u0107 \u015bw. Aposto\u0142\u00f3w Piotra i Paw\u0142a, na KUL i Wydzia\u0142 Teologiczny. B\u00f3g zap\u0142a\u0107 za udzia\u0142 w sumie odpustowej w Katedrze.<\/li>\n<\/ol>\n<p><strong>5.Zach\u0119camy do czytania prasy religijnej. Przy zakrystii: <em>Przewodnik Katolicki, Ma\u0142y Przewodnik Katolicki, Go\u015b\u0107 Niedzielny, Go\u015b\u0107 Niedzielny Historia <\/em>i gazeta parafialna (ostatnia przed wakacjami).<\/strong><\/p>\n<ol start=\"6\">\n<li><strong>6<\/strong>Grupa Anonimowych Alkoholik\u00f3w spotyka si\u0119 w ka\u017cdy wtorek o godz. 19.00 i jest otwarta na wszystkich, kt\u00f3rzy szukaj\u0105 pomocy do \u017cycia w trze\u017awo\u015bci.<\/li>\n<li>M\u00f3dlmy si\u0119 za dusze zmar\u0142ych Parafian. Za dusz\u0119 \u015bp. Teresy Kujawa, os. Lecha 30 (msza \u015bw. pogrzebowa w pi\u0105tek o godz. 7.00, pogrzeb na mi\u0142ostowskim od ul. Gnie\u017anie\u0144skiej o godz. 12.00). Wieczny odpoczynek racz zmar\u0142ym da\u0107 Panie.<\/li>\n<\/ol>\n<p>&#8230;&#8230;&#8230;&#8230;&#8230;&#8230;&#8230;&#8230;&#8230;&#8230;&#8230;&#8230;&#8230;&#8230;&#8230;&#8230;&#8230;&#8230;&#8230;&#8230;&#8230;&#8230;&#8230;&#8230;&#8230;&#8230;&#8230;&#8230;&#8230;&#8230;&#8230;&#8230;&#8230;&#8230;&#8230;&#8230;&#8230;&#8230;&#8230;&#8230;&#8230;&#8230;&#8230;&#8230;..\u2026..<\/p>\n<p>&nbsp;&nbsp;&nbsp;&nbsp;&nbsp;&nbsp;&nbsp;&nbsp;&nbsp;&nbsp;&nbsp;&nbsp;&nbsp;&nbsp;&nbsp;&nbsp;&nbsp;&nbsp;&nbsp;&nbsp;&nbsp;&nbsp;&nbsp;&nbsp;&nbsp;&nbsp;&nbsp;&nbsp;&nbsp;&nbsp;&nbsp;&nbsp;&nbsp;&nbsp;&nbsp;&nbsp;&nbsp;&nbsp;&nbsp;&nbsp;&nbsp;&nbsp;&nbsp;&nbsp; INFORMACJE STA\u0141E<\/p>\n<p>\/LIPIEC&nbsp; I SIERPIE\u0143\/<\/p>\n<ol start=\"8\">\n<li>W lipcu i sierpniu msza \u015bw. niedzielna o godz. 8.00, 9,30, 11.15 i 18.00. Nie ma mszy \u015bw. o godz. 12.30. W dni powszednie msza \u015bw. o godz. 8.00 w poniedzia\u0142ek, \u015brod\u0119 i pi\u0105tek, a o godz.18.00 we wtorek, czwartek i sobot\u0119.<\/li>\n<li>Biuro Parafialne: poniedzia\u0142ek godz. 9.00 do 10.30, czwartek godz. 16.00 do 17.30 i sobota godz. 19.00 do 20.00. Sprawy pilne prosimy za\u0142atwia\u0107 w godzinach zbli\u017conych do godziny odprawiania mszy \u015bw.<\/li>\n<li>Spowied\u017a \u015bw. p\u00f3\u0142 godziny przed Msz\u0105 \u015bw. i w sobot\u0119 od godz. 16.00 -18.00.<\/li>\n<li>Msza \u015bw. niedzielna w godzinach p\u00f3\u017aniejszych w najbli\u017cszych parafiach: Parafia Pierwszych Polskich M\u0119czennik\u00f3w, os. Tysi\u0105clecia &#8211; godz. 20.00 i Parafia \u015bw. \u0141ukasza, os. Rusa &#8211; godz. 20.30<\/li>\n<li>Prosimy o podawanie intencji mszalnych, uprzednio zarezerwowanych, na lipiec i sierpie\u0144. Mo\u017cna to uczyni\u0107 w niedziel\u0119, po mszy \u015bw., w zakrystii.<\/li>\n<\/ol>\n<p><strong>&nbsp;<\/strong><\/p>\n<p>&nbsp;<\/p>\n<p>&nbsp;<\/p>\n<p>&nbsp;<\/p>\n<p>&nbsp;<\/p>\n<p>&nbsp;<\/p>\n<p>&nbsp;<\/p>\n<p>&nbsp;<\/p>\n<p>&nbsp;<\/p>\n<p>&nbsp;<\/p>\n<p>&nbsp;<\/p>\n<p>&nbsp;<\/p>\n<p>&nbsp;<\/p>\n<p>&nbsp;<\/p>\n<p>&nbsp;<\/p>\n<p>&nbsp;<\/p>\n<p>&nbsp;<\/p>\n<p>&nbsp;<\/p>\n<p>&nbsp;<\/p>\n<p>&nbsp;<\/p>\n<p>&nbsp;<\/p>\n<p>&nbsp;<\/p>\n<p>&nbsp;<\/p>\n<p>&nbsp;<\/p>\n<p>&nbsp;<\/p>\n<p>&nbsp;<\/p>\n<p>&nbsp;<\/p>\n<p>&nbsp;<\/p>\n<p>&nbsp;<\/p>\n<p>&nbsp;<\/p>\n<p>&nbsp;<\/p>\n<p>&nbsp;<\/p>\n<p>&nbsp;<\/p>\n","protected":false},"excerpt":{"rendered":"<p>OG\u0141OSZENIA DUSZPASTERSKIE NIEDZIELA XIII ZWYK\u0141A&nbsp; 30 czerwca 2024 r. 1.Kalendarz liturgiczny: poniedzia\u0142ek \u2013 \u015bw. Ottona, \u015broda \u2013 \u015bw. Tomasza aposto\u0142a, czwartek \u2013 \u015bw. El\u017cbiety Portugalskiej, pi\u0105tek \u2013 \u015bw. Marii Goretti i \u015bw. Antoniego Zaccarii,&nbsp; &nbsp; sobota \u2013 b\u0142. Marii Teresy Led\u00f3chowskiej. Od poniedzia\u0142ku obowi\u0105zuj\u0105 wakacyjne zmiany w porz\u0105dku odprawiania mszy \u015bw. w dni powszednie i &#8230; <span class=\"more\"><a class=\"more-link\" href=\"https:\/\/www.chnk.pl\/?p=4128\">czytaj wi\u0119cej<\/a><\/span><\/p>\n","protected":false},"author":3,"featured_media":0,"comment_status":"open","ping_status":"open","sticky":false,"template":"","format":"standard","meta":{"ngg_post_thumbnail":0,"footnotes":""},"categories":[1],"tags":[],"_links":{"self":[{"href":"https:\/\/www.chnk.pl\/index.php?rest_route=\/wp\/v2\/posts\/4128"}],"collection":[{"href":"https:\/\/www.chnk.pl\/index.php?rest_route=\/wp\/v2\/posts"}],"about":[{"href":"https:\/\/www.chnk.pl\/index.php?rest_route=\/wp\/v2\/types\/post"}],"author":[{"embeddable":true,"href":"https:\/\/www.chnk.pl\/index.php?rest_route=\/wp\/v2\/users\/3"}],"replies":[{"embeddable":true,"href":"https:\/\/www.chnk.pl\/index.php?rest_route=%2Fwp%2Fv2%2Fcomments&post=4128"}],"version-history":[{"count":1,"href":"https:\/\/www.chnk.pl\/index.php?rest_route=\/wp\/v2\/posts\/4128\/revisions"}],"predecessor-version":[{"id":4129,"href":"https:\/\/www.chnk.pl\/index.php?rest_route=\/wp\/v2\/posts\/4128\/revisions\/4129"}],"wp:attachment":[{"href":"https:\/\/www.chnk.pl\/index.php?rest_route=%2Fwp%2Fv2%2Fmedia&parent=4128"}],"wp:term":[{"taxonomy":"category","embeddable":true,"href":"https:\/\/www.chnk.pl\/index.php?rest_route=%2Fwp%2Fv2%2Fcategories&post=4128"},{"taxonomy":"post_tag","embeddable":true,"href":"https:\/\/www.chnk.pl\/index.php?rest_route=%2Fwp%2Fv2%2Ftags&post=4128"}],"curies":[{"name":"wp","href":"https:\/\/api.w.org\/{rel}","templated":true}]}}