{"id":4117,"date":"2024-06-22T11:42:27","date_gmt":"2024-06-22T11:42:27","guid":{"rendered":"https:\/\/www.chnk.pl\/?p=4117"},"modified":"2024-06-22T11:42:27","modified_gmt":"2024-06-22T11:42:27","slug":"12-niedziela-zwykla-7","status":"publish","type":"post","link":"https:\/\/www.chnk.pl\/?p=4117","title":{"rendered":"12 Niedziela Zwyk\u0142a"},"content":{"rendered":"<p><strong>&nbsp;<\/strong><\/p>\n<p><strong>OG\u0141OSZENIA DUSZPASTERSKIE<\/strong><\/p>\n<p><strong>NIEDZIELA&nbsp; XII ZWYK\u0141A&nbsp;&nbsp;&nbsp;&nbsp;&nbsp;&nbsp;&nbsp;&nbsp;&nbsp;&nbsp;&nbsp;&nbsp;&nbsp;&nbsp;&nbsp;&nbsp;&nbsp;&nbsp;&nbsp;&nbsp;&nbsp;&nbsp;&nbsp;&nbsp;&nbsp;&nbsp;&nbsp;&nbsp;&nbsp;&nbsp;&nbsp;&nbsp;&nbsp;&nbsp;&nbsp;&nbsp;&nbsp;&nbsp;&nbsp;&nbsp;&nbsp;&nbsp;&nbsp;&nbsp;&nbsp;&nbsp;&nbsp;&nbsp;&nbsp;&nbsp;&nbsp;&nbsp;&nbsp;&nbsp;&nbsp;&nbsp;&nbsp;&nbsp;&nbsp;&nbsp;&nbsp;&nbsp;&nbsp;&nbsp;&nbsp;&nbsp;&nbsp;&nbsp;&nbsp;&nbsp;&nbsp;&nbsp;&nbsp;&nbsp;&nbsp;&nbsp;&nbsp;&nbsp;&nbsp;&nbsp;&nbsp;&nbsp;&nbsp;&nbsp;&nbsp;&nbsp;&nbsp;&nbsp;&nbsp;&nbsp;&nbsp;&nbsp;&nbsp;&nbsp;&nbsp;&nbsp;&nbsp;&nbsp;&nbsp;&nbsp;&nbsp;&nbsp;&nbsp;&nbsp;&nbsp;&nbsp;&nbsp;&nbsp;&nbsp;&nbsp;&nbsp; <\/strong><\/p>\n<p><strong>23 czerwca<\/strong><strong> 2024 r.<\/strong><\/p>\n<p>&nbsp;<\/p>\n<ol>\n<li>Kalendarz liturgiczny: poniedzia\u0142ek \u2013 Narodzenie \u015bw. Jana Chrzciciela, wtorek \u2013 NMP \u015awi\u0119tog\u00f3rskiej z Gostynia, \u015broda &#8211; \u015bw. Zygmunta Gorazdowskiego, czwartek \u2013 \u015bw. Cyryla Aleksandryjskiego, pi\u0105tek \u2013 \u015bw. Ireneusza, sobota &#8211; Uroczysto\u015b\u0107 \u015bw. \u015bw. Aposto\u0142\u00f3w Piotra i Paw\u0142a.<\/li>\n<\/ol>\n<p>&nbsp;<\/p>\n<ol start=\"2\">\n<li>Uroczysto\u015b\u0107 \u015awi\u0119tych Aposto\u0142\u00f3w Piotra i Paw\u0142a, Patron\u00f3w Bazyliki Archikatedralnej w&nbsp;Poznaniu celebrowana b\u0119dzie w dniach 28 i 29 czerwca br. W uroczysto\u015b\u0107 \u015awi\u0119tych Aposto\u0142\u00f3ww dniu 29 czerwca suma odpustowa b\u0119dzie odprawiona o godz. 10<sup>00<\/sup>. Przewodniczy\u0107 jej b\u0119dzie Ksi\u0105dz Arcybiskup Antonio Guido Filipazzi, Nuncjusz Apostolski w Polsce. B\u0119dzie to jego pierwsza uroczysta celebracja liturgiczna w naszej archidiecezji. Podczas uroczystej celebracji nieszpor\u00f3w (pi\u0105tek) o godz. 18<sup>00<\/sup> Ksi\u0105dz Arcybiskup dokona, ju\u017c tradycyjnie, wr\u0119czenia nagr\u00f3d \u201eOptime Merito Archidioecesis Posnaniensis\u201d oraz wr\u0119czy krzy\u017ce m\u0142odzie\u017cy wyje\u017cd\u017caj\u0105cej z&nbsp;Poznania na letnie do\u015bwiadczenia misyjne. Zapraszamy serdecznie wszystkich Parafian na uroczysto\u015bci do \u015bwi\u0105tyni, kt\u00f3ra nazywana jest tradycyjnie \u201eMatk\u0105 Ko\u015bcio\u0142\u00f3w diecezji&#8221;. W naszej Parafii msza \u015bw. o godz. 8.00 i 18.00. Ofiary przeznaczone na potrzeby Stolicy Apostolskiej.<\/li>\n<\/ol>\n<p>&nbsp;<\/p>\n<ol start=\"3\">\n<li>Spotkanie wsp\u00f3lnoty r\u00f3\u017ca\u0144cowej w \u015brod\u0119 po wieczornej mszy \u015bw.<\/li>\n<\/ol>\n<p>&nbsp;<\/p>\n<ol start=\"4\">\n<li>Rozpoczynaj\u0105 si\u0119 zapisy do Szko\u0142y Katechist\u00f3w na rok formacji 2024\/2025. Osoby zainteresowanie w\u0142\u0105czeniem si\u0119 w t\u0119 pos\u0142ug\u0119 prosimy o kontakt w Biurze Parafialnym.<\/li>\n<\/ol>\n<p>&nbsp;<\/p>\n<p><strong>5.<\/strong>B\u00f3g zap\u0142a\u0107 dzieciom za pobo\u017cny udzia\u0142 we mszy \u015bw. na zako\u0144czenie roku szkolnego.<\/p>\n<p>&nbsp;<\/p>\n<ol start=\"6\">\n<li>W lipcu i sierpniu (plan og\u00f3lny) zmienione godziny odprawiania Mszy \u015bw. w niedziele i dni powszednie oraz zmienione godziny urz\u0119dowania Biura Parafialnego. W niedziele wakacyjne nie ma mszy \u015bw. o godz. 12.30. Msza \u015bw. o godz. 8.00: w poniedzia\u0142ki, \u015brody i pi\u0105tki, a o godz.18.00 we wtorki, czwartki i soboty. Nowenna do Matki Bo\u017cej Nieustaj\u0105cej Pomocy w \u015brod\u0119 o godz. 8.00. R\u00f3\u017caniec do Matki Bo\u017cej Patronki Dobrej \u015amierci we wtorki o godz. 17.30. Biuro Parafialne: poniedzia\u0142ek rano od godz. 9.00 do 10.30, czwartek po po\u0142udniu godz. 16.00 do 17.30, sobota godz. 19.00 do 20.00. Spowied\u017a \u015bw. p\u00f3\u0142 godziny przed Msz\u0105 \u015bw. i w sobot\u0119 od godz. 16.00 -18.00.<\/li>\n<\/ol>\n<p>&nbsp;<\/p>\n<ol start=\"7\">\n<li>Msza \u015bw. niedzielna w godzinach p\u00f3\u017aniejszych w najbli\u017cszych parafiach:<br \/>\nParafia Pierwszych Polskich M\u0119czennik\u00f3w, os. Tysi\u0105clecia &#8211; godz. 20.00,<\/li>\n<\/ol>\n<p>Parafia \u015bw. \u0141ukasza, os. Rusa &#8211; godz. 20.30<\/p>\n<p>&nbsp;<\/p>\n<ol start=\"8\">\n<li>Zach\u0119camy do czytania prasy religijnej. Przy zakrystii: <em>Przewodnik Katolicki, Ma\u0142y Przewodnik Katolicki, Go\u015b\u0107 Niedzielny, Go\u015b\u0107 Niedzielny Historia <\/em>i gazeta parafialna.<\/li>\n<\/ol>\n<p>&nbsp;<\/p>\n<ol start=\"9\">\n<li>9<strong>.<\/strong> M\u00f3dlmy si\u0119 za zmar\u0142ych Parafian. Za dusz\u0119 \u015bp. Marty Marcinczak, os. Lecha 111. Wieczny odpoczynek racz zmar\u0142ym da\u0107 Panie.<\/li>\n<\/ol>\n<p><strong><em><u>&nbsp;<\/u><\/em><\/strong><\/p>\n<p><strong><em><u>&nbsp;<\/u><\/em><\/strong><\/p>\n<p><strong><em><u>&nbsp;<\/u><\/em><\/strong><\/p>\n<p><strong><em><u>&nbsp;<\/u><\/em><\/strong><\/p>\n<p><strong><em><u>&nbsp;<\/u><\/em><\/strong><\/p>\n<p><strong><em><u>&nbsp;<\/u><\/em><\/strong><\/p>\n<p><strong><em><u>&nbsp;<\/u><\/em><\/strong><\/p>\n<p><strong><em><u>&nbsp;<\/u><\/em><\/strong><\/p>\n<p><strong><em><u>&nbsp;<\/u><\/em><\/strong><\/p>\n<p><strong><em><u>&nbsp;<\/u><\/em><\/strong><\/p>\n<p><strong><em><u>&nbsp;<\/u><\/em><\/strong><\/p>\n<p><strong><em><u>LIPIEC&nbsp; I&nbsp; SIERPIE\u0143<\/u><\/em><\/strong><\/p>\n<p><strong>&nbsp;<\/strong><\/p>\n<p><em><u>W niedziele<\/u><\/em> wakacyjne nie ma mszy \u015bw. o godz. 12.30.<\/p>\n<p>&nbsp;<\/p>\n<p><em><u>W dni powszednie<\/u><\/em><\/p>\n<p><em><u>&nbsp;<\/u><\/em><\/p>\n<p>Msza \u015bw. o godz. 8.00 w poniedzia\u0142ek, \u015brod\u0119 i pi\u0105tek<\/p>\n<p>&nbsp;&nbsp;&nbsp;&nbsp;&nbsp;&nbsp;&nbsp;&nbsp;&nbsp;&nbsp;&nbsp;&nbsp;&nbsp;&nbsp;&nbsp; o godz.18.00 we wtorek, czwartek i sobot\u0119.<br \/>\nNowenna do Matki Bo\u017cej Nieustaj\u0105cej Pomocy&nbsp;&nbsp;&nbsp;&nbsp;&nbsp;&nbsp;&nbsp;&nbsp;&nbsp;&nbsp;&nbsp;&nbsp;&nbsp;&nbsp;&nbsp;&nbsp;&nbsp;&nbsp;&nbsp;&nbsp;&nbsp;<\/p>\n<p>w \u015brod\u0119 o godz. 8.00.<br \/>\nR\u00f3\u017caniec do Matki Bo\u017cej Patronki Dobrej \u015amierci&nbsp;&nbsp;&nbsp;&nbsp;&nbsp;&nbsp;&nbsp;&nbsp;&nbsp;&nbsp;&nbsp;&nbsp;&nbsp;&nbsp;&nbsp;&nbsp;&nbsp;&nbsp;&nbsp;&nbsp;<\/p>\n<p>i Nowenna do \u015bw. J\u00f3zefa&nbsp; we wtorek o godz. 17.30.<\/p>\n<p>&nbsp;<\/p>\n<p><em><u>Biuro Parafialne:<\/u><\/em> poniedzia\u0142ek godz. 9.00 do 10.30,<\/p>\n<p>&nbsp;&nbsp;&nbsp;&nbsp;&nbsp;&nbsp;&nbsp;&nbsp;&nbsp;&nbsp;&nbsp;&nbsp;&nbsp;&nbsp;&nbsp;&nbsp;&nbsp;&nbsp;&nbsp;&nbsp;&nbsp;&nbsp;&nbsp;&nbsp;&nbsp; czwartek godz. 16.00 do 17.30,<\/p>\n<p>&nbsp;&nbsp;&nbsp;&nbsp;&nbsp;&nbsp;&nbsp;&nbsp;&nbsp;&nbsp;&nbsp;&nbsp;&nbsp;&nbsp;&nbsp;&nbsp;&nbsp;&nbsp;&nbsp;&nbsp;&nbsp; sobota godz. 19.00 do 20.00.<\/p>\n<p><em><u>Spowied\u017a \u015bw.<\/u><\/em> p\u00f3\u0142 godziny przed msz\u0105 \u015bw. i w sobot\u0119 od godz. 16.00 -18.00.<\/p>\n<p>&nbsp;<\/p>\n<p><em><u>Msza \u015bw. niedzielna w godzinach p\u00f3\u017aniejszych w najbli\u017cszych&nbsp;&nbsp;&nbsp;&nbsp;&nbsp;&nbsp;&nbsp;&nbsp;&nbsp;&nbsp;&nbsp;&nbsp;&nbsp;&nbsp;&nbsp;&nbsp;&nbsp;&nbsp;&nbsp;&nbsp;&nbsp;&nbsp; parafiach.<\/u><\/em><br \/>\nParafia Pierwszych Polskich M\u0119czennik\u00f3w, os. Tysi\u0105clecia &#8211; godz. 20.00,&nbsp;&nbsp;&nbsp;&nbsp;&nbsp;&nbsp;&nbsp;&nbsp;&nbsp;&nbsp;&nbsp;&nbsp;&nbsp;&nbsp;&nbsp;&nbsp;&nbsp;<\/p>\n<p>Parafia \u015bw. \u0141ukasza, os. Rusa &#8211; godz. 20.30<\/p>\n<p>&nbsp;<\/p>\n<p>&nbsp;<\/p>\n<p>&nbsp;<\/p>\n<p>&nbsp;<\/p>\n<p>&nbsp;<\/p>\n<p>&nbsp;<\/p>\n<p>&nbsp;<\/p>\n<p>&nbsp;<\/p>\n<p>&nbsp;<\/p>\n<p>&nbsp;<\/p>\n<p>&nbsp;<\/p>\n<p>&nbsp;<\/p>\n<p>&nbsp;<\/p>\n<p>&nbsp;<\/p>\n<p style=\"text-align: right;\">Warszawa 18.06.2024<\/p>\n<p>&nbsp;<\/p>\n<p><strong>O\u015bwiadczenie Przewodnicz\u0105cego Komisji Wychowania&nbsp; Katolickiego KEP<\/strong><strong><br \/>\n<\/strong>w zwi\u0105zku z informacjami Pani Minister Edukacji Barbary Nowackiej przekazanymi<br \/>\nw dniu 17 czerwca 2024 roku w stacji TVN 24, zapowiadaj\u0105cymi zmiany<br \/>\nw Rozporz\u0105dzeniu o organizacji lekcji religii<\/p>\n<p>Komisja Wychowania Katolickiego KEP odnosz\u0105c si\u0119 do informacji przekazanych przez Pani\u0105 Minister Edukacji Barbar\u0119 Nowack\u0105 wyra\u017ca stanowczy sprzeciw wobec planowanych dzia\u0142a\u0144, kt\u00f3re maj\u0105 na celu redukcj\u0119 nauczania lekcji religii do jednej godziny tygodniowo oraz \u0142\u0105czenie klas na lekcjach religii. Nawi\u0105zuj\u0105c do stanowiska Konferencji Episkopatu Polski z dnia 12 czerwca 2024 nale\u017cy podkre\u015bli\u0107, \u017ce zapowiadane zmiany s\u0105 krzywdz\u0105ce lub wr\u0119cz dyskryminuj\u0105ce. Ograniczaj\u0105 one prawa rodzic\u00f3w do wychowania w\u0142asnych dzieci w wyznawanej wierze.<\/p>\n<p>Komisja Wychowania Katolickiego pragnie przypomnie\u0107, \u017ce zgodnie z obowi\u0105zuj\u0105cym prawem wszelkie zmiany legislacyjne odnosz\u0105ce si\u0119 do nauczania lekcji w szkole powinny zosta\u0107 dokonane na drodze porozumienia z Ko\u015bcio\u0142ami oraz zwi\u0105zkami wyznaniowymi.<\/p>\n<p>Stosownie do g\u0142osu biskup\u00f3w, \u201ezach\u0119camy wszystkich wiernych, aby podejmowa\u0107 dzia\u0142ania ukazuj\u0105ce warto\u015b\u0107 lekcji religii w szkole. Szczeg\u00f3lnie prosimy katolickich rodzic\u00f3w, aby odwa\u017cnie zabierali g\u0142os w tej sprawie. Apelujemy tak\u017ce do medi\u00f3w katolickich, ruch\u00f3w<br \/>\ni wsp\u00f3lnot religijnych, aby podejmowali podobne dzia\u0142ania\u201d.<\/p>\n<p>bp Wojciech Osial<br \/>\n<em>Przewodnicz\u0105cy&nbsp;Komisji Wychowania Katolickiego KEP<\/em><\/p>\n","protected":false},"excerpt":{"rendered":"<p>&nbsp; OG\u0141OSZENIA DUSZPASTERSKIE NIEDZIELA&nbsp; XII ZWYK\u0141A&nbsp;&nbsp;&nbsp;&nbsp;&nbsp;&nbsp;&nbsp;&nbsp;&nbsp;&nbsp;&nbsp;&nbsp;&nbsp;&nbsp;&nbsp;&nbsp;&nbsp;&nbsp;&nbsp;&nbsp;&nbsp;&nbsp;&nbsp;&nbsp;&nbsp;&nbsp;&nbsp;&nbsp;&nbsp;&nbsp;&nbsp;&nbsp;&nbsp;&nbsp;&nbsp;&nbsp;&nbsp;&nbsp;&nbsp;&nbsp;&nbsp;&nbsp;&nbsp;&nbsp;&nbsp;&nbsp;&nbsp;&nbsp;&nbsp;&nbsp;&nbsp;&nbsp;&nbsp;&nbsp;&nbsp;&nbsp;&nbsp;&nbsp;&nbsp;&nbsp;&nbsp;&nbsp;&nbsp;&nbsp;&nbsp;&nbsp;&nbsp;&nbsp;&nbsp;&nbsp;&nbsp;&nbsp;&nbsp;&nbsp;&nbsp;&nbsp;&nbsp;&nbsp;&nbsp;&nbsp;&nbsp;&nbsp;&nbsp;&nbsp;&nbsp;&nbsp;&nbsp;&nbsp;&nbsp;&nbsp;&nbsp;&nbsp;&nbsp;&nbsp;&nbsp;&nbsp;&nbsp;&nbsp;&nbsp;&nbsp;&nbsp;&nbsp;&nbsp;&nbsp;&nbsp;&nbsp;&nbsp;&nbsp;&nbsp;&nbsp;&nbsp; 23 czerwca 2024 r. &nbsp; Kalendarz liturgiczny: poniedzia\u0142ek \u2013 Narodzenie \u015bw. Jana Chrzciciela, wtorek \u2013 NMP \u015awi\u0119tog\u00f3rskiej z Gostynia, \u015broda &#8211; \u015bw. Zygmunta Gorazdowskiego, czwartek \u2013 \u015bw. Cyryla Aleksandryjskiego, pi\u0105tek \u2013 \u015bw. Ireneusza, sobota &#8211; Uroczysto\u015b\u0107 \u015bw. \u015bw. Aposto\u0142\u00f3w Piotra i Paw\u0142a. &nbsp; Uroczysto\u015b\u0107 \u015awi\u0119tych Aposto\u0142\u00f3w Piotra i Paw\u0142a, &#8230; <span class=\"more\"><a class=\"more-link\" href=\"https:\/\/www.chnk.pl\/?p=4117\">czytaj wi\u0119cej<\/a><\/span><\/p>\n","protected":false},"author":3,"featured_media":0,"comment_status":"open","ping_status":"open","sticky":false,"template":"","format":"standard","meta":{"ngg_post_thumbnail":0,"footnotes":""},"categories":[1],"tags":[],"_links":{"self":[{"href":"https:\/\/www.chnk.pl\/index.php?rest_route=\/wp\/v2\/posts\/4117"}],"collection":[{"href":"https:\/\/www.chnk.pl\/index.php?rest_route=\/wp\/v2\/posts"}],"about":[{"href":"https:\/\/www.chnk.pl\/index.php?rest_route=\/wp\/v2\/types\/post"}],"author":[{"embeddable":true,"href":"https:\/\/www.chnk.pl\/index.php?rest_route=\/wp\/v2\/users\/3"}],"replies":[{"embeddable":true,"href":"https:\/\/www.chnk.pl\/index.php?rest_route=%2Fwp%2Fv2%2Fcomments&post=4117"}],"version-history":[{"count":1,"href":"https:\/\/www.chnk.pl\/index.php?rest_route=\/wp\/v2\/posts\/4117\/revisions"}],"predecessor-version":[{"id":4118,"href":"https:\/\/www.chnk.pl\/index.php?rest_route=\/wp\/v2\/posts\/4117\/revisions\/4118"}],"wp:attachment":[{"href":"https:\/\/www.chnk.pl\/index.php?rest_route=%2Fwp%2Fv2%2Fmedia&parent=4117"}],"wp:term":[{"taxonomy":"category","embeddable":true,"href":"https:\/\/www.chnk.pl\/index.php?rest_route=%2Fwp%2Fv2%2Fcategories&post=4117"},{"taxonomy":"post_tag","embeddable":true,"href":"https:\/\/www.chnk.pl\/index.php?rest_route=%2Fwp%2Fv2%2Ftags&post=4117"}],"curies":[{"name":"wp","href":"https:\/\/api.w.org\/{rel}","templated":true}]}}