{"id":4114,"date":"2024-06-21T17:39:41","date_gmt":"2024-06-21T17:39:41","guid":{"rendered":"https:\/\/www.chnk.pl\/?p=4114"},"modified":"2024-06-21T17:39:41","modified_gmt":"2024-06-21T17:39:41","slug":"komunikat-w-sprawie-beatyfikacji-slugi-bozego-stanislawa-streicha","status":"publish","type":"post","link":"https:\/\/www.chnk.pl\/?p=4114","title":{"rendered":"KOMUNIKAT W SPRAWIE BEATYFIKACJI S\u0141UGI BO\u017bEGO STANIS\u0141AWA STREICHA"},"content":{"rendered":"<p>Pozna\u0144, dnia 11 czerwca 2024 roku<\/p>\n<ol>\n<li>2752\/2024<\/li>\n<\/ol>\n<p><strong>&nbsp;<\/strong><\/p>\n<p><strong>&nbsp;<\/strong><\/p>\n<p><strong>KOMUNIKAT W SPRAWIE BEATYFIKACJI S\u0141UGI BO\u017bEGO <\/strong><strong style=\"background-color: var(--colorlight); color: var(--colorfont); letter-spacing: 0.02em;\">STANIS\u0141AWA STREICHA<\/strong><\/p>\n<p>Drodzy Bracia i Siostry w Chrystusie!<\/p>\n<p>&nbsp;&nbsp;&nbsp;&nbsp;&nbsp;&nbsp;&nbsp;&nbsp;&nbsp;&nbsp;&nbsp; Od kilku tygodni Ko\u015bci\u00f3\u0142 w Archidiecezji Pozna\u0144skiej prze\u017cywa wielk\u0105 rado\u015b\u0107, poniewa\u017c dnia 23 maja 2024 roku Ojciec \u015awi\u0119ty Franciszek wyda\u0142 Dykasterii ds.&nbsp;kanonizacyjnych zgod\u0119 na opublikowanie dekretu potwierdzaj\u0105cego m\u0119cze\u0144stwo ks.&nbsp;Stanis\u0142awa Streicha, kap\u0142ana Archidiecezji Pozna\u0144skiej. Decyzja to otwiera drog\u0119 do&nbsp;wyniesienia do chwa\u0142y o\u0142tarzy Czcigodnego S\u0142ug\u0119 Bo\u017cego ks. Stanis\u0142awa Streicha.<\/p>\n<p>&nbsp;&nbsp;&nbsp;&nbsp;&nbsp;&nbsp;&nbsp;&nbsp;&nbsp;&nbsp;&nbsp; Ks. Stanis\u0142aw Streich urodzi\u0142 si\u0119 27 sierpnia 1902 r. w Bydgoszczy jako pierwszy z&nbsp;trzech syn\u00f3w Franciszka i W\u0142adys\u0142awy z domu Birzy\u0144skiej. Po uko\u0144czeniu trzech lat nauki w szkole powszechnej ucz\u0119szcza\u0142 do o\u015bmioletniego gimnazjum humanistycznego, kt\u00f3re uko\u0144czy\u0142 w 1920 roku. W tym samym roku rozpocz\u0105\u0142 przygotowanie do kap\u0142a\u0144stwa. Dnia 6&nbsp;czerwca 1925 r. otrzyma\u0142 \u015bwi\u0119cenia kap\u0142a\u0144skie z r\u0105k biskupa Stanis\u0142awa Kostki \u0141ukomskiego, biskupa pomocniczego pozna\u0144skiego.<\/p>\n<p>Po \u015bwi\u0119ceniach kap\u0142a\u0144skich ksi\u0105dz Stanis\u0142aw studiowa\u0142 filozofi\u0119 klasyczn\u0105 na Uniwersytecie Pozna\u0144skim. By\u0142 kapelanem si\u00f3str urszulanek i uczy\u0142 religii w pozna\u0144skiej szkole handlowej. P\u00f3\u017aniej by\u0142 wikariuszem w pozna\u0144skich parafiach: Naj\u015bwi\u0119tszego Serca Jezusa i \u015awi\u0119tego Floriana, Bo\u017cego Cia\u0142a i \u015awi\u0119tego Marcina. W 1933 roku zosta\u0142 proboszczem w parafii pw. \u015bw. Barbary w \u017babikowie, a 1 pa\u017adziernika 1935 roku \u2013 w nowo utworzonej parafii pw. \u015bw. Jana Bosko w Luboniu.<\/p>\n<p>27 lutego 1938 r. o godz. 9.30 ksi\u0105dz Streich zasiad\u0142 jak zwykle w konfesjonale, by s\u0142ucha\u0107 spowiedzi, p\u00f3\u0142 godziny p\u00f3\u017aniej rozpocz\u0105\u0142 Msz\u0119 \u015awi\u0119t\u0105. Po odej\u015bciu od o\u0142tarza \u2013 zgodnie z \u00f3wczesnymi wymogami liturgicznymi \u2013 zdj\u0105\u0142 ornat i skierowa\u0142 si\u0119 ku ambonie, aby przeczyta\u0107 Ewangeli\u0119 i wyg\u0142osi\u0107 kazanie. Nagle na jego drodze pojawi\u0142 si\u0119 cz\u0142owiek z&nbsp;pistoletem, kt\u00f3ry dwukrotnie strzeli\u0142 do ksi\u0119dza, mierz\u0105c mu prosto w twarz. Jak si\u0119 p\u00f3\u017aniej okaza\u0142o, by\u0142 to Wawrzyniec Nowak \u2013 nale\u017c\u0105cy do Wydzia\u0142u Wojskowego Komunistycznej Partii Polski, mieszkaniec Lubonia, przesi\u0105kni\u0119ty nienawi\u015bci\u0105 do wiary i Ko\u015bcio\u0142a Katolickiego. Ksi\u0105dz natychmiast upad\u0142. Po kilku sekundach zamachowiec zrobi\u0142 krok naprz\u00f3d i odda\u0142 dwa kolejne strza\u0142y. Wed\u0142ug aktu zgonu \u015bmier\u0107 nast\u0105pi\u0142a o godz. 10.30.<\/p>\n<p>W jego pogrzebie uczestniczy\u0142o kilkadziesi\u0105t tysi\u0119cy mieszka\u0144c\u00f3w z ca\u0142ej Wielkopolski, a sama uroczysto\u015b\u0107 \u017ca\u0142obna sta\u0142a si\u0119 wielk\u0105 manifestacj\u0105 wiary i&nbsp;przynale\u017cno\u015bci do Ko\u015bcio\u0142a.<\/p>\n<p>Uroczysto\u015bci beatyfikacyjne b\u0119d\u0105 mia\u0142y miejsce w po\u0142owie 2025 roku, na placu katedralnym w Poznaniu. O szczeg\u00f3\u0142ach poinformujemy, gdy termin zostanie dok\u0142adnie uzgodniony z Dykasteri\u0105 ds. Kanonizacyjnych Stalicy Apostolskiej.<\/p>\n<p>Nie ulega w\u0105tpliwo\u015bci, \u017ce trzeba nam wszystkim &#8211; kt\u00f3rzy tworzymy Ko\u015bci\u00f3\u0142<br \/>\nw Archidiecezji Pozna\u0144skiej &#8211; dobrze si\u0119 do tego wydarzenia przygotowa\u0107.<\/p>\n<p>Ju\u017c teraz bardzo prosz\u0119 o modlitw\u0119 w tej intencji. Pro\u015bmy Boga, aby poznawanie postaci kap\u0142ana m\u0119czennika Stanis\u0142awa Streicha umacnia\u0142o nas w wierze oraz wszystkich nas motywowa\u0142o do codziennego dawania \u015bwiadectwa mi\u0142o\u015bci Boga i Ko\u015bcio\u0142a oraz zaanga\u017cowania w \u017cycie naszych wsp\u00f3lnot parafialnych.<\/p>\n<p>Przygotowanie do beatyfikacji b\u0119dzie wieloetapowe. B\u0119dziemy si\u0119 razem modli\u0107, odprawimy nowenn\u0119, przygotujemy katechezy dla dzieci, m\u0142odzie\u017cy i doros\u0142ych, zorganizujemy sympozjum naukowe oraz przygotujemy odpowiednie materia\u0142y, dzi\u0119ki kt\u00f3rym ka\u017cdy b\u0119dzie m\u00f3g\u0142 jeszcze lepiej pozna\u0107 i u\u015bwiadomi\u0107 sobie jak wa\u017cne dla Ko\u015bcio\u0142a jest \u015bwiadectwo krwi m\u0119czennik\u00f3w.<\/p>\n<p>Zach\u0119cam, aby w ramach grup, ruch\u00f3w i stowarzysze\u0144 katolickich parafii oraz indywidualnie pielgrzymowa\u0107 i modli\u0107 si\u0119 przy grobie S\u0142ugi Bo\u017cego Ksi\u0119dza Stanis\u0142awa Streicha, kt\u00f3ry znajduje si\u0119 w ko\u015bciele parafialnym pw. \u015bw. Jana Bosko w Luboniu, gdzie przed laty zosta\u0142 zastrzelony.<\/p>\n<p>Bardzo prosz\u0119 kap\u0142an\u00f3w, osoby \u017cycia konsekrowanego, lider\u00f3w grup, ruch\u00f3w i&nbsp;wsp\u00f3lnot katolickich, cz\u0142onk\u00f3w Parafialnych Rad Duszpasterskich, nauczycieli i katechet\u00f3w o w\u0142\u0105czenie si\u0119 w dzie\u0142o propagowania osoby ks. Steicha oraz w dalsze i bli\u017csze przygotowanie samej uroczysto\u015bci beatyfikacyjnej.<\/p>\n<p>Z serca wszystkim b\u0142ogos\u0142awi\u0119<\/p>\n<p>&nbsp;<\/p>\n<p>&nbsp;<\/p>\n<p>&nbsp;<\/p>\n<p>&nbsp;<\/p>\n<p>\u2020 Stanis\u0142aw G\u0105decki<\/p>\n<p>Arcybiskup Metropolita Pozna\u0144ski<\/p>\n<p>&nbsp;<\/p>\n<p>&nbsp;<\/p>\n<p>&nbsp;<\/p>\n<p>&nbsp;<\/p>\n<p>&nbsp;<\/p>\n<p>&nbsp;<\/p>\n<p>Pozna\u0144, dnia 7 czerwca 2024 roku<\/p>\n<p>&nbsp;<\/p>\n","protected":false},"excerpt":{"rendered":"<p>Pozna\u0144, dnia 11 czerwca 2024 roku 2752\/2024 &nbsp; &nbsp; KOMUNIKAT W SPRAWIE BEATYFIKACJI S\u0141UGI BO\u017bEGO STANIS\u0141AWA STREICHA Drodzy Bracia i Siostry w Chrystusie! &nbsp;&nbsp;&nbsp;&nbsp;&nbsp;&nbsp;&nbsp;&nbsp;&nbsp;&nbsp;&nbsp; Od kilku tygodni Ko\u015bci\u00f3\u0142 w Archidiecezji Pozna\u0144skiej prze\u017cywa wielk\u0105 rado\u015b\u0107, poniewa\u017c dnia 23 maja 2024 roku Ojciec \u015awi\u0119ty Franciszek wyda\u0142 Dykasterii ds.&nbsp;kanonizacyjnych zgod\u0119 na opublikowanie dekretu potwierdzaj\u0105cego m\u0119cze\u0144stwo ks.&nbsp;Stanis\u0142awa Streicha, kap\u0142ana &#8230; <span class=\"more\"><a class=\"more-link\" href=\"https:\/\/www.chnk.pl\/?p=4114\">czytaj wi\u0119cej<\/a><\/span><\/p>\n","protected":false},"author":3,"featured_media":0,"comment_status":"open","ping_status":"open","sticky":false,"template":"","format":"standard","meta":{"ngg_post_thumbnail":0,"footnotes":""},"categories":[1],"tags":[],"_links":{"self":[{"href":"https:\/\/www.chnk.pl\/index.php?rest_route=\/wp\/v2\/posts\/4114"}],"collection":[{"href":"https:\/\/www.chnk.pl\/index.php?rest_route=\/wp\/v2\/posts"}],"about":[{"href":"https:\/\/www.chnk.pl\/index.php?rest_route=\/wp\/v2\/types\/post"}],"author":[{"embeddable":true,"href":"https:\/\/www.chnk.pl\/index.php?rest_route=\/wp\/v2\/users\/3"}],"replies":[{"embeddable":true,"href":"https:\/\/www.chnk.pl\/index.php?rest_route=%2Fwp%2Fv2%2Fcomments&post=4114"}],"version-history":[{"count":1,"href":"https:\/\/www.chnk.pl\/index.php?rest_route=\/wp\/v2\/posts\/4114\/revisions"}],"predecessor-version":[{"id":4115,"href":"https:\/\/www.chnk.pl\/index.php?rest_route=\/wp\/v2\/posts\/4114\/revisions\/4115"}],"wp:attachment":[{"href":"https:\/\/www.chnk.pl\/index.php?rest_route=%2Fwp%2Fv2%2Fmedia&parent=4114"}],"wp:term":[{"taxonomy":"category","embeddable":true,"href":"https:\/\/www.chnk.pl\/index.php?rest_route=%2Fwp%2Fv2%2Fcategories&post=4114"},{"taxonomy":"post_tag","embeddable":true,"href":"https:\/\/www.chnk.pl\/index.php?rest_route=%2Fwp%2Fv2%2Ftags&post=4114"}],"curies":[{"name":"wp","href":"https:\/\/api.w.org\/{rel}","templated":true}]}}