{"id":4108,"date":"2024-06-15T15:37:29","date_gmt":"2024-06-15T15:37:29","guid":{"rendered":"https:\/\/www.chnk.pl\/?p=4108"},"modified":"2024-06-15T18:15:31","modified_gmt":"2024-06-15T18:15:31","slug":"9-niedziela-zwykla-4","status":"publish","type":"post","link":"https:\/\/www.chnk.pl\/?p=4108","title":{"rendered":"11 Niedziela Zwyk\u0142a"},"content":{"rendered":"<p><strong>OG\u0141OSZENIA DUSZPASTERSKIE<\/strong><\/p>\n<p><strong>NIEDZIELA&nbsp; XI ZWYK\u0141A&nbsp; &nbsp; &nbsp; &nbsp; &nbsp; &nbsp; &nbsp; &nbsp; &nbsp; &nbsp; &nbsp; &nbsp; &nbsp; &nbsp; &nbsp; &nbsp; &nbsp; &nbsp; &nbsp; &nbsp; &nbsp; &nbsp; &nbsp; &nbsp; &nbsp; &nbsp; &nbsp; &nbsp; &nbsp; &nbsp; &nbsp; &nbsp; &nbsp; &nbsp; &nbsp; &nbsp; &nbsp; &nbsp; &nbsp; &nbsp; &nbsp; &nbsp; &nbsp; &nbsp; &nbsp; &nbsp; &nbsp; &nbsp; &nbsp; &nbsp; &nbsp; &nbsp; &nbsp; &nbsp; &nbsp; &nbsp;<\/strong><\/p>\n<p><strong>16 czerwca<\/strong><strong> 2024 r.<\/strong><\/p>\n<p>&nbsp;<\/p>\n<ol>\n<li>Dnia 20 czerwca 2024 roku mija 41 lat od wizyty \u015bw. Jana Paw\u0142a II w Poznaniu (1983 rok). Spotkania Modlitewne, od nieomal 30 lat, gromadz\u0105 pod Krzy\u017cem Papieskim wiernych w ka\u017cd\u0105 rocznic\u0119 pierwszego nawiedzenia Poznania przez \u015bwi\u0119tego Jana Paw\u0142a II. Tegoroczne uroczysto\u015bci pod przewodnictwem J.E. Ks. Arcybiskupa Stanis\u0142awa G\u0105deckiego, w obecno\u015bci relikwii \u015bw. Jana Paw\u0142a II i \u015bw. Matki Urszuli Led\u00f3chowskiej SJK odb\u0119d\u0105 si\u0119 w dniu 20 czerwca o godz. 21.00.<\/li>\n<li>W \u015brod\u0119, 19 dzie\u0144 miesi\u0105ca, w naszej Parafii Dzie\u0144 Salety\u0144ski. R\u00f3\u017caniec salety\u0144ski o godz. 17.30, msza \u015bw. nabo\u017ce\u0144stwo o Serca Pana Jezusa i procesja do figury Matki Bo\u017cej&nbsp; z La Salette. Nabo\u017ce\u0144stwem, przez przyczyn\u0119 Matki Bo\u017cej, wynagradzamy za zniewagi wyrz\u0105dzone Naj\u015bwi\u0119tszemu Sercu Jezusowemu.<\/li>\n<li>Msza \u015bw. na zako\u0144czenie roku szkolnego w czwartek o godz. 10.00. Prosimy, aby dzieci przysz\u0142y na t\u0119 msz\u0119 \u015bw. od\u015bwi\u0119tnie ubrane. Okazja do spowiedzi \u015bw. dla tych dzieci w \u015brod\u0119 od godz. 16.30 do 18.00.<\/li>\n<li>Msza \u015bw. z modlitw\u0105 o uzdrowienie w czwartek o godz. 19.15. Zapisane intencje b\u0119dzie mo\u017cna sk\u0142ada\u0107 do koszyka pod ch\u00f3rem.<\/li>\n<li>Parafia organizuje zaj\u0119cia wakacyjne dla dzieci ze szko\u0142y podstawowej w dn. 29 lipca \u2013 2 sierpnia, w godz. 9:00\u201315:00. Dziecko mo\u017ce uczestniczy\u0107 w jednym, dw\u00f3ch, trzech, czterech lub pi\u0119ciu dniach. Ka\u017cdego dnia planowane jest wyj\u015bcie, a na zako\u0144czenie przek\u0105ska na ciep\u0142o. Szczeg\u00f3\u0142y i deklaracje zg\u0142oszenia dziecka do zabrania w ko\u015bciele ze stolika pod ch\u00f3rem. Koszt: 40 z\u0142 za osob\u0119 za ka\u017cdy dzie\u0144. Zapisy w poniedzia\u0142ek 10.06 i wtorek 11.06 w godz. 19:00\u201320:00 w salce parafialnej (wej\u015bcie z dziedzi\u0144ca), wy\u0142\u0105cznie z wype\u0142nionymi deklaracjami (<strong>na ka\u017cdy dzie\u0144 osobna deklaracja<\/strong>) i p\u0142atno\u015bci\u0105 w got\u00f3wce.<\/li>\n<li>W lipcu i sierpniu (plan og\u00f3lny) zmienione godziny odprawiania Mszy \u015bw. w dni powszednie i niedziele oraz zmienione godziny urz\u0119dowania Biura Parafialnego. W niedziele wakacyjne nie ma mszy \u015bw. o godz. 12.30. Msza \u015bw. o godz. 8.00: w poniedzia\u0142ki, \u015brody i pi\u0105tki, a o godz.18.00 we wtorki, czwartki i soboty. Nowenna do Matki Bo\u017cej Nieustaj\u0105cej Pomocy w \u015brod\u0119 o godz. 8.00. R\u00f3\u017caniec do Matki Bo\u017cej Patronki Dobrej \u015amierci we wtorki o godz. 17.30. Biuro Parafialne: poniedzia\u0142ek rano od godz. 9.00 do 10.30, czwartek po po\u0142udniu godz. 16.00 do 17.30, sobota godz. 19.00 do 20.00. Spowied\u017a \u015bw. p\u00f3\u0142 godziny przed msz\u0105 \u015bw. i w sobot\u0119 od godz. 16.00 -18.00.<\/li>\n<li>B\u00f3g zap\u0142a\u0107 za ofiary na KUL i Wydzia\u0142 Teologiczny, za ofiary na \u015awi\u0105tynie Opatrzno\u015bci Bo\u017cej, oraz utrzymanie naszego ko\u015bcio\u0142a.<\/li>\n<li>W Szpitalu MedPolonia w Poznaniu jest mo\u017cliwo\u015b\u0107 wykonania operacji za\u0107my- bezp\u0142atnie- w ramach Narodowego Funduszu Zdrowia. Szczeg\u00f3\u0142y pod numerem 519 623&nbsp;733 i na tablicy og\u0142osze\u0144).<\/li>\n<li>Zach\u0119camy do czytania prasy religijnej. Przy zakrystii: <em>Przewodnik Katolicki, Ma\u0142y Przewodnik Katolicki, Go\u015b\u0107 Niedzielny Go\u015b\u0107 Niedzielny Historia, ksi\u0105\u017ceczka o Arcybiskupie Antonim Baraniaku, <\/em>i gazeta parafialna.<\/li>\n<\/ol>\n<p>&nbsp;<\/p>\n<p>&nbsp;<\/p>\n<p>&nbsp;<\/p>\n<p>&nbsp;<\/p>\n<p>&nbsp;<\/p>\n<p><strong><em><u>LIPIEC&nbsp; I&nbsp; SIERPIE\u0143<\/u><\/em><\/strong><\/p>\n<p><strong>&nbsp;<\/strong><\/p>\n<p><em><u>W niedziele<\/u><\/em> wakacyjne nie ma mszy \u015bw. o godz. 12.30.<\/p>\n<p>&nbsp;<\/p>\n<p><em><u>W dni powszednie<\/u><\/em><\/p>\n<p>&nbsp;<\/p>\n<p>Msza \u015bw. o godz. 8.00 w poniedzia\u0142ek, \u015brod\u0119 i pi\u0105tek<\/p>\n<p>o godz.18.00 we wtorek, czwartek i sobot\u0119.<br \/>\nNowenna do Matki Bo\u017cej Nieustaj\u0105cej Pomocy&nbsp;&nbsp;&nbsp;&nbsp;&nbsp;&nbsp;&nbsp;&nbsp;&nbsp;&nbsp;&nbsp;&nbsp;&nbsp;&nbsp;&nbsp;&nbsp;&nbsp;&nbsp;&nbsp;&nbsp;&nbsp;<\/p>\n<p>w \u015brod\u0119 o godz. 8.00. R\u00f3\u017caniec do Matki Bo\u017cej Patronki Dobrej \u015amierci&nbsp;&nbsp;&nbsp;&nbsp;&nbsp;&nbsp;&nbsp;&nbsp;&nbsp;&nbsp;&nbsp;&nbsp;&nbsp;&nbsp;&nbsp;&nbsp;&nbsp;&nbsp;&nbsp;&nbsp;<\/p>\n<p>i Nowenna do \u015bw. J\u00f3zefa&nbsp; we wtorek o godz. 17.30.<\/p>\n<p>&nbsp;<\/p>\n<p><em><u>Biuro Parafialne:<\/u><\/em> poniedzia\u0142ek godz. 9.00 do 10.30,<\/p>\n<p>czwartek godz. 16.00 do 17.30,<\/p>\n<p>sobota godz. 19.00 do 20.00.<\/p>\n<p><em><u>Spowied\u017a \u015bw.<\/u><\/em> p\u00f3\u0142 godziny przed msz\u0105 \u015bw. i w sobot\u0119 od godz. 16.00 -18.00.<\/p>\n<p>&nbsp;<\/p>\n<p><em><u>Msza \u015bw. niedzielna w godzinach p\u00f3\u017aniejszych w najbli\u017cszych parafiach.<\/u><\/em><br \/>\nParafia Pierwszych Polskich M\u0119czennik\u00f3w, os. Tysi\u0105clecia &#8211; godz. 20.00,&nbsp;&nbsp;&nbsp;&nbsp;&nbsp;&nbsp;&nbsp;&nbsp;&nbsp;&nbsp;&nbsp;&nbsp;&nbsp;&nbsp;&nbsp;&nbsp;&nbsp;<\/p>\n<p>Parafia \u015bw. \u0141ukasza, os. Rusa &#8211; godz. 20.30<\/p>\n<p>&nbsp;&nbsp;&nbsp;&nbsp;&nbsp;&nbsp;&nbsp;&nbsp;&nbsp;&nbsp;&nbsp;&nbsp;&nbsp;&nbsp;&nbsp;&nbsp;&nbsp;&nbsp;&nbsp;&nbsp;&nbsp;&nbsp;&nbsp;&nbsp;&nbsp;&nbsp;&nbsp;&nbsp;&nbsp;&nbsp;&nbsp;&nbsp;&nbsp;&nbsp;&nbsp;&nbsp;&nbsp;&nbsp;&nbsp;&nbsp;&nbsp;&nbsp;&nbsp;&nbsp;&nbsp;&nbsp;&nbsp;&nbsp;&nbsp;&nbsp;&nbsp;&nbsp;&nbsp;&nbsp;&nbsp;&nbsp;&nbsp;&nbsp;&nbsp;&nbsp;&nbsp;&nbsp;&nbsp;&nbsp;&nbsp;&nbsp;&nbsp;&nbsp;&nbsp;&nbsp;&nbsp;&nbsp;&nbsp;&nbsp;&nbsp;&nbsp;&nbsp;&nbsp;&nbsp;&nbsp;&nbsp;&nbsp;&nbsp;&nbsp;&nbsp;&nbsp;&nbsp;&nbsp;&nbsp;&nbsp;&nbsp;&nbsp;&nbsp;&nbsp;&nbsp;&nbsp;&nbsp;&nbsp;&nbsp;&nbsp;&nbsp;&nbsp;&nbsp;&nbsp;&nbsp;&nbsp;&nbsp;&nbsp;&nbsp;&nbsp;&nbsp;&nbsp;&nbsp;&nbsp;&nbsp;&nbsp;&nbsp;&nbsp;&nbsp;&nbsp;&nbsp;&nbsp;&nbsp;&nbsp;&nbsp;&nbsp;&nbsp;&nbsp;&nbsp;&nbsp;&nbsp;&nbsp;&nbsp;&nbsp;&nbsp;&nbsp;&nbsp;&nbsp;&nbsp;&nbsp;&nbsp;&nbsp;&nbsp;&nbsp;&nbsp;&nbsp;&nbsp;&nbsp;&nbsp;&nbsp;&nbsp;&nbsp;&nbsp;&nbsp;&nbsp;&nbsp;&nbsp;&nbsp;&nbsp;&nbsp;&nbsp;&nbsp;&nbsp;&nbsp;&nbsp;&nbsp;&nbsp;&nbsp;&nbsp;&nbsp;&nbsp;&nbsp;&nbsp;&nbsp;&nbsp;&nbsp;&nbsp;&nbsp;&nbsp;&nbsp;&nbsp;&nbsp;&nbsp;&nbsp;&nbsp;&nbsp;&nbsp;&nbsp;&nbsp;&nbsp;&nbsp;&nbsp;&nbsp;&nbsp;&nbsp;&nbsp;&nbsp;&nbsp;&nbsp;&nbsp;&nbsp;&nbsp;&nbsp;&nbsp;&nbsp;&nbsp;&nbsp;&nbsp;&nbsp;&nbsp;&nbsp;&nbsp;&nbsp;&nbsp;&nbsp;&nbsp;&nbsp;&nbsp;&nbsp;&nbsp;&nbsp;&nbsp;&nbsp;&nbsp;&nbsp;&nbsp;&nbsp;&nbsp;&nbsp;&nbsp;&nbsp;&nbsp;&nbsp;&nbsp;&nbsp;&nbsp;&nbsp;&nbsp;&nbsp;&nbsp;&nbsp;&nbsp;&nbsp;&nbsp;&nbsp;&nbsp;&nbsp;&nbsp;&nbsp;&nbsp;&nbsp;&nbsp;&nbsp;&nbsp;&nbsp;&nbsp;&nbsp;&nbsp;&nbsp;&nbsp;&nbsp;&nbsp;&nbsp;&nbsp;&nbsp;&nbsp;&nbsp;&nbsp;&nbsp;&nbsp;&nbsp;&nbsp;&nbsp;&nbsp;&nbsp;&nbsp;&nbsp;&nbsp;&nbsp;&nbsp;&nbsp;&nbsp;&nbsp;&nbsp;&nbsp;&nbsp;&nbsp;&nbsp;&nbsp;&nbsp;&nbsp;&nbsp;&nbsp;&nbsp;&nbsp;&nbsp;&nbsp;&nbsp;&nbsp;&nbsp;&nbsp;&nbsp;&nbsp;&nbsp;&nbsp;&nbsp;&nbsp;&nbsp;&nbsp;&nbsp;&nbsp;&nbsp;&nbsp;&nbsp;&nbsp;&nbsp;&nbsp;&nbsp;&nbsp;&nbsp;&nbsp;&nbsp;&nbsp;&nbsp;&nbsp;&nbsp;&nbsp;&nbsp;&nbsp;&nbsp;&nbsp;&nbsp;&nbsp;&nbsp;&nbsp;&nbsp;&nbsp;&nbsp;&nbsp;&nbsp;&nbsp;&nbsp;&nbsp;&nbsp;&nbsp;&nbsp;&nbsp;&nbsp;&nbsp;&nbsp;&nbsp;&nbsp;&nbsp;&nbsp;&nbsp;&nbsp;&nbsp;&nbsp;&nbsp;&nbsp;&nbsp;&nbsp;&nbsp;&nbsp;&nbsp;&nbsp;&nbsp;&nbsp;&nbsp;&nbsp;&nbsp;&nbsp;&nbsp;&nbsp;&nbsp;&nbsp;&nbsp;<\/p>\n","protected":false},"excerpt":{"rendered":"<p>OG\u0141OSZENIA DUSZPASTERSKIE NIEDZIELA&nbsp; XI ZWYK\u0141A&nbsp; &nbsp; &nbsp; &nbsp; &nbsp; &nbsp; &nbsp; &nbsp; &nbsp; &nbsp; &nbsp; &nbsp; &nbsp; &nbsp; &nbsp; &nbsp; &nbsp; &nbsp; &nbsp; &nbsp; &nbsp; &nbsp; &nbsp; &nbsp; &nbsp; &nbsp; &nbsp; &nbsp; &nbsp; &nbsp; &nbsp; &nbsp; &nbsp; &nbsp; &nbsp; &nbsp; &nbsp; &nbsp; &nbsp; &nbsp; &nbsp; &nbsp; &nbsp; &nbsp; &nbsp; &nbsp; &nbsp; &nbsp; &nbsp; &nbsp; &nbsp; &#8230; <span class=\"more\"><a class=\"more-link\" href=\"https:\/\/www.chnk.pl\/?p=4108\">czytaj wi\u0119cej<\/a><\/span><\/p>\n","protected":false},"author":3,"featured_media":0,"comment_status":"open","ping_status":"open","sticky":false,"template":"","format":"standard","meta":{"ngg_post_thumbnail":0,"footnotes":""},"categories":[1],"tags":[],"_links":{"self":[{"href":"https:\/\/www.chnk.pl\/index.php?rest_route=\/wp\/v2\/posts\/4108"}],"collection":[{"href":"https:\/\/www.chnk.pl\/index.php?rest_route=\/wp\/v2\/posts"}],"about":[{"href":"https:\/\/www.chnk.pl\/index.php?rest_route=\/wp\/v2\/types\/post"}],"author":[{"embeddable":true,"href":"https:\/\/www.chnk.pl\/index.php?rest_route=\/wp\/v2\/users\/3"}],"replies":[{"embeddable":true,"href":"https:\/\/www.chnk.pl\/index.php?rest_route=%2Fwp%2Fv2%2Fcomments&post=4108"}],"version-history":[{"count":4,"href":"https:\/\/www.chnk.pl\/index.php?rest_route=\/wp\/v2\/posts\/4108\/revisions"}],"predecessor-version":[{"id":4112,"href":"https:\/\/www.chnk.pl\/index.php?rest_route=\/wp\/v2\/posts\/4108\/revisions\/4112"}],"wp:attachment":[{"href":"https:\/\/www.chnk.pl\/index.php?rest_route=%2Fwp%2Fv2%2Fmedia&parent=4108"}],"wp:term":[{"taxonomy":"category","embeddable":true,"href":"https:\/\/www.chnk.pl\/index.php?rest_route=%2Fwp%2Fv2%2Fcategories&post=4108"},{"taxonomy":"post_tag","embeddable":true,"href":"https:\/\/www.chnk.pl\/index.php?rest_route=%2Fwp%2Fv2%2Ftags&post=4108"}],"curies":[{"name":"wp","href":"https:\/\/api.w.org\/{rel}","templated":true}]}}