{"id":4097,"date":"2024-06-01T12:44:39","date_gmt":"2024-06-01T12:44:39","guid":{"rendered":"https:\/\/www.chnk.pl\/?p=4097"},"modified":"2024-06-01T12:44:49","modified_gmt":"2024-06-01T12:44:49","slug":"9-niedziela-zwykla-3","status":"publish","type":"post","link":"https:\/\/www.chnk.pl\/?p=4097","title":{"rendered":"9 Niedziela Zwyk\u0142a"},"content":{"rendered":"<p><strong>&nbsp;<\/strong><\/p>\n<p><strong>OG\u0141OSZENIA DUSZPASTERSKIE<\/strong><\/p>\n<p><strong>NIEDZIELA IX ZWYK\u0141A<\/strong><\/p>\n<p><strong>2 czerwca 2024 r.<\/strong><\/p>\n<ol>\n<li>Kalendarz liturgiczny: wtorek- \u015bw. Bonifacego, \u015broda &#8211; \u015bw. Norberta, pi\u0105tek &#8211; Uroczysto\u015b\u0107 Naj\u015bwi\u0119tszego Serca Pana Jezusa, sobota &#8211; Nie\u00adpokalanego Serca Naj\u015bw. Maryi Panny<\/li>\n<li>Od poniedzia\u0142ku do czwartku w oktawie Bo\u017cego Cia\u0142a msza \u015bw. o godz. 18.00 w \u0142\u0105cz\u00adno\u015bci z nieszporami i procesj\u0105. Prosimy o ofiarowanie czasu Panu Jezusowi&nbsp;&nbsp;&nbsp;&nbsp;&nbsp;&nbsp;&nbsp;&nbsp;&nbsp;&nbsp;&nbsp;&nbsp;&nbsp;&nbsp;&nbsp;&nbsp;&nbsp;&nbsp;&nbsp;&nbsp;&nbsp; i udzia\u0142 w oktawie. Liczymy na obecno\u015b\u0107 ministrant\u00f3w i dziewczynek sypi\u0105cych kwiaty.<\/li>\n<li>W pi\u0105tek, <strong>Uroczysto\u015b\u0107 Naj\u015bwi\u0119tszego Serca Pana Jezusa<\/strong>. Dzie\u0144 modlitwy o \u015bwi\u0119to\u015b\u0107 kap\u0142an\u00f3w. Centralne uroczysto\u015bci religijne miasta Poznania w ko\u015bciele pw. Naj\u015bwi\u0119tszego Serca Pana Jezusa na Je\u017cycach o godz. 19.00 i procesja Eucharystyczna na pl. Mickiewicza. Tam nabo\u017ce\u0144stwo wynagradzaj\u0105ce Naj\u015bwi\u0119tszemu Sercu Pana Jezusa. W najbli\u017cszy pi\u0105tek nie obowi\u0105zuje post. Prosimy o flagowanie mieszka\u0144. Zach\u0119camy Parafian do wzi\u0119cia udzia\u0142u w uroczysto\u015bciach og\u00f3lnomiejskich. W naszej parafii nie b\u0119dzie procesji.<\/li>\n<li>W tym tygodniu: I czwartek i I pi\u0105tek miesi\u0105ca. W czwartek adoracja Naj\u015bwi\u0119tszego Sakramentu od godz. 17.00 w intencji poszanowania \u017cycia ludzkiego, a po procesji, adoracja do godz. 21.00 w intencji zachowania i o nowe powo\u0142ania kap\u0142a\u0144skie, zakonne i misyjne. Comiesi\u0119czna spowied\u017a i komunia \u015bw. dla klas: 3, 4, 5, 6, 7 i 8 w pi\u0105tek od godz. 15.00, Komunia \u015bw. dla dzieci o godz. 16.30, msza \u015bw. pierwszopi\u0105tkowa o godz. 18.00. Odwiedzimy chorych z sakramentami \u015bw. w pi\u0105tek. Nowe zg\u0142oszenia w zakrystii.<\/li>\n<li>B\u00f3g zap\u0142a\u0107 Parafianom, kt\u00f3rzy przygotowali o\u0142tarze na Bo\u017ce Cia\u0142o, kt\u00f3rzy udekorowali swoje okna i balkony. B\u00f3g zap\u0142a\u0107 s\u0142u\u017cbie ko\u015bcielnej i liturgicznej, grupom duszpasterskim za zaanga\u017cowanie. To staranie parafian jest dla wi\u0119kszej chwa\u0142y Bo\u017cej i dla podtrzy\u00admania uroczystej tradycji Bo\u017cego Cia\u0142a i oktawy<strong>.<\/strong><\/li>\n<li>Obchodz\u0105cy w tym roku jubileusz 85-lecia pracy artystycznej Ch\u00f3r Ch\u0142opi\u0119cy Pozna\u0144skie S\u0142owiki poszukuje utalentowanych muzycznie ch\u00f3rzyst\u00f3w w wieku 7-10 lat. Ch\u0119tnych do \u015bpiewu kandydat\u00f3w mo\u017cna zg\u0142asza\u0107 telefonicznie. Dane kontaktowe znajduj\u0105 si\u0119 na wywieszonym plakacie.<\/li>\n<li>Dzisiaj \u015awi\u0119to Dzi\u0119kczynienia. W przysz\u0142\u0105 niedziel\u0119 przed ko\u015bcio\u0142em mo\u017cliwo\u015b\u0107 z\u0142o\u017cenia ofiary na \u015bwi\u0105tyni\u0119 Opatrzno\u015bci Bo\u017cej w Warszawie.<\/li>\n<li>Zach\u0119camy do czytania prasy katolickiej. Przy zakrystii: Przewodnik Katolicki, Go\u015b\u0107 Niedzielny, Ziarno, gazeta parafialna.<\/li>\n<li>M\u00f3dlmy si\u0119 za zmar\u0142ych parafian. Za dusz\u0119 \u015bp. Dagmary Szarata, os. Lecha 47, (pogrzeb odb\u0119dzie si\u0119 w Cerekwicy) i dusze \u015bp. Stefanii Standy, os. Lecha 122 ( msza \u015bw. pogrzebowa w \u015brod\u0119 o godz. 9.15). Wieczny odpoczynek racz zmar\u0142ym da\u0107 Panie.<\/li>\n<\/ol>\n<p><strong>&nbsp;<\/strong><\/p>\n<p><strong>&nbsp;<\/strong><\/p>\n<p><strong>&nbsp;<\/strong><\/p>\n<p>&nbsp;<\/p>\n<p>&nbsp;<\/p>\n<p>&nbsp;<\/p>\n<p>&nbsp;<\/p>\n<p>&nbsp;<\/p>\n<p>&nbsp;<\/p>\n<p>&nbsp;<\/p>\n<p>&nbsp;<\/p>\n<p>&nbsp;<\/p>\n<p>&nbsp;&nbsp;&nbsp;&nbsp;&nbsp;&nbsp;&nbsp;&nbsp;&nbsp;&nbsp;&nbsp;&nbsp;&nbsp;&nbsp;&nbsp;&nbsp;&nbsp;&nbsp;&nbsp;&nbsp;&nbsp;&nbsp;&nbsp;&nbsp;&nbsp;&nbsp;&nbsp;&nbsp;&nbsp;&nbsp;&nbsp;&nbsp;&nbsp;&nbsp;&nbsp;&nbsp;&nbsp;&nbsp;&nbsp;&nbsp;&nbsp;&nbsp;&nbsp;&nbsp;&nbsp;&nbsp;&nbsp;&nbsp;&nbsp;&nbsp;&nbsp;&nbsp;&nbsp;&nbsp;&nbsp;&nbsp;&nbsp;&nbsp;&nbsp;&nbsp;&nbsp;&nbsp;&nbsp; &nbsp;&nbsp;&nbsp;&nbsp;&nbsp;&nbsp;&nbsp;&nbsp;&nbsp;&nbsp;&nbsp;&nbsp;&nbsp;&nbsp;&nbsp;&nbsp;&nbsp;&nbsp;&nbsp;&nbsp;&nbsp;&nbsp;&nbsp;&nbsp;&nbsp;&nbsp;&nbsp;&nbsp;&nbsp;&nbsp;&nbsp;&nbsp;&nbsp;&nbsp;&nbsp;&nbsp;&nbsp;&nbsp;&nbsp;&nbsp;&nbsp;&nbsp;&nbsp;&nbsp;&nbsp;&nbsp;&nbsp;&nbsp;&nbsp;&nbsp;&nbsp;&nbsp;&nbsp;&nbsp;&nbsp;&nbsp;&nbsp;&nbsp;&nbsp;&nbsp;&nbsp;&nbsp;&nbsp;&nbsp;&nbsp;&nbsp;&nbsp;&nbsp;&nbsp;&nbsp;&nbsp;&nbsp;&nbsp;&nbsp;&nbsp;&nbsp;&nbsp;&nbsp;&nbsp;&nbsp;&nbsp;&nbsp;&nbsp;&nbsp;&nbsp;&nbsp;&nbsp;&nbsp;&nbsp;&nbsp;&nbsp;&nbsp;&nbsp;&nbsp;&nbsp;&nbsp;&nbsp;&nbsp;&nbsp;&nbsp;&nbsp;&nbsp;&nbsp;&nbsp;&nbsp;&nbsp;&nbsp;&nbsp;&nbsp;&nbsp;&nbsp;&nbsp;&nbsp;&nbsp;&nbsp;&nbsp;&nbsp;&nbsp;&nbsp;&nbsp;&nbsp;&nbsp;&nbsp;&nbsp;&nbsp;&nbsp;&nbsp;&nbsp;&nbsp;&nbsp;&nbsp;&nbsp;&nbsp;&nbsp;&nbsp;&nbsp;&nbsp;&nbsp;&nbsp;&nbsp;&nbsp;&nbsp;&nbsp;&nbsp;&nbsp;&nbsp;&nbsp;<\/p>\n","protected":false},"excerpt":{"rendered":"<p>&nbsp; OG\u0141OSZENIA DUSZPASTERSKIE NIEDZIELA IX ZWYK\u0141A 2 czerwca 2024 r. Kalendarz liturgiczny: wtorek- \u015bw. Bonifacego, \u015broda &#8211; \u015bw. Norberta, pi\u0105tek &#8211; Uroczysto\u015b\u0107 Naj\u015bwi\u0119tszego Serca Pana Jezusa, sobota &#8211; Nie\u00adpokalanego Serca Naj\u015bw. Maryi Panny Od poniedzia\u0142ku do czwartku w oktawie Bo\u017cego Cia\u0142a msza \u015bw. o godz. 18.00 w \u0142\u0105cz\u00adno\u015bci z nieszporami i procesj\u0105. Prosimy o ofiarowanie &#8230; <span class=\"more\"><a class=\"more-link\" href=\"https:\/\/www.chnk.pl\/?p=4097\">czytaj wi\u0119cej<\/a><\/span><\/p>\n","protected":false},"author":3,"featured_media":0,"comment_status":"open","ping_status":"open","sticky":false,"template":"","format":"standard","meta":{"ngg_post_thumbnail":0,"footnotes":""},"categories":[1],"tags":[],"_links":{"self":[{"href":"https:\/\/www.chnk.pl\/index.php?rest_route=\/wp\/v2\/posts\/4097"}],"collection":[{"href":"https:\/\/www.chnk.pl\/index.php?rest_route=\/wp\/v2\/posts"}],"about":[{"href":"https:\/\/www.chnk.pl\/index.php?rest_route=\/wp\/v2\/types\/post"}],"author":[{"embeddable":true,"href":"https:\/\/www.chnk.pl\/index.php?rest_route=\/wp\/v2\/users\/3"}],"replies":[{"embeddable":true,"href":"https:\/\/www.chnk.pl\/index.php?rest_route=%2Fwp%2Fv2%2Fcomments&post=4097"}],"version-history":[{"count":1,"href":"https:\/\/www.chnk.pl\/index.php?rest_route=\/wp\/v2\/posts\/4097\/revisions"}],"predecessor-version":[{"id":4098,"href":"https:\/\/www.chnk.pl\/index.php?rest_route=\/wp\/v2\/posts\/4097\/revisions\/4098"}],"wp:attachment":[{"href":"https:\/\/www.chnk.pl\/index.php?rest_route=%2Fwp%2Fv2%2Fmedia&parent=4097"}],"wp:term":[{"taxonomy":"category","embeddable":true,"href":"https:\/\/www.chnk.pl\/index.php?rest_route=%2Fwp%2Fv2%2Fcategories&post=4097"},{"taxonomy":"post_tag","embeddable":true,"href":"https:\/\/www.chnk.pl\/index.php?rest_route=%2Fwp%2Fv2%2Ftags&post=4097"}],"curies":[{"name":"wp","href":"https:\/\/api.w.org\/{rel}","templated":true}]}}