{"id":4089,"date":"2024-05-25T13:54:43","date_gmt":"2024-05-25T13:54:43","guid":{"rendered":"https:\/\/www.chnk.pl\/?p=4089"},"modified":"2024-05-25T13:54:43","modified_gmt":"2024-05-25T13:54:43","slug":"niedziela-trojcy-najswietszej","status":"publish","type":"post","link":"https:\/\/www.chnk.pl\/?p=4089","title":{"rendered":"Niedziela Tr\u00f3jcy Naj\u015bwi\u0119tszej"},"content":{"rendered":"<p><strong>&nbsp;<\/strong><\/p>\n<p><strong>OG\u0141OSZENIA DUSZPASTERSKIE<\/strong><\/p>\n<p><strong>NIEDZIELA NAJ\u015aWI\u0118TSZEJ TR\u00d3JCY<\/strong><\/p>\n<p><strong>&nbsp;26 maja 2024 r.<\/strong><\/p>\n<p>&nbsp;<\/p>\n<ol>\n<li>W czwartek, Uroczysto\u015b\u0107 Naj\u015bwi\u0119tszego Cia\u0142a i Krwi Chrystusa (Bo\u017ce Cia\u0142o). Centralna procesja rozpocznie si\u0119 msz\u0105 \u015bw. w Parafii Bo\u017cego Cia\u0142a o godz. 10.00 i przejdzie do Katedry. Bo\u017ce Cia\u0142o jest publicznym wyznaniem wiary w Boga obecnego w Eucharystii, dajmy temu wyraz uczestnicz\u0105c w procesji og\u00f3lnomiejskiej. Msza \u015bw. w naszej Parafii w \u015brod\u0119 o godz. 18.00 (ju\u017c \u015bwi\u0105teczna) i w Bo\u017ce Cia\u0142o o godz. 8.00, 9.30, 11.15, 14.30 i po procesji oko\u0142o 16.00. Nie b\u0119dzie Mszy \u015bw. o godz. 12.30 i 18.00. Prosimy o udekorowanie okien i balkon\u00f3w, prosimy o to tak\u017ce tych parafian, kt\u00f3rzy wyje\u017cd\u017caj\u0105. W \u015brod\u0119 okazja do spowiedzi \u015bw. od godz. 16.30 do 18.00. W oktawie Bo\u017cego Cia\u0142a w dni powszednie msza \u015bw. o godz. 18.00 z procesj\u0105, a w niedziel\u0119 po mszy \u015bw. o godz. 9.30. Prosimy Pan\u00f3w do niesienia baldachimu. Dziewczynki (zw\u0142aszcza pierwszokomunijne) prosimy o sypanie kwiat\u00f3w w Bo\u017ce Cia\u0142o i w oktaw\u0119. Pr\u00f3ba sypania kwiat\u00f3w w \u015brod\u0119, przy ko\u015bciele, o godz. 17.00. Prosimy parafian o przynoszenie&nbsp; przez ca\u0142\u0105 oktaw\u0119 p\u0142atk\u00f3w kwiat\u00f3w i zostawianie ich przy zakrystii oraz zb\u0119dnych koszyczk\u00f3w do sypania kwiat\u00f3w.<\/li>\n<\/ol>\n<p>&nbsp;<\/p>\n<ol start=\"2\">\n<li>OKTAWA BO\u017bEGO CIA\u0141A: pi\u0105tek nabo\u017ce\u0144stwo majowe i w sobot\u0119 r\u00f3\u017caniec o godz. 17.30, o godz.18.00 &#8211; nieszpory, msza \u015bw., Litania do Serca Pana Jezusa i procesja. Niedziela, 2.06: godz. 9.30 \u2013 msza \u015bw., Litania do Serca Pana Jezusa i procesja. Poniedzia\u0142ek, wtorek, \u015broda i czwartek: godz. 17.30 \u2013 r\u00f3\u017caniec, godz.18.00 &#8211; nieszpory, msza \u015bw., Litania do Serca Pana Jezusa i procesja.<\/li>\n<\/ol>\n<p><strong>&nbsp;<\/strong><\/p>\n<ol start=\"3\">\n<li>Nabo\u017ce\u0144stwa czerwcowe, do Naj\u015bwi\u0119tszego Serca Pana Jezusa, po wieczornej mszy \u015bw.<\/li>\n<\/ol>\n<p><strong>&nbsp;<\/strong><\/p>\n<ol start=\"4\">\n<li>Spotkanie duszpasterstwa m\u0142odzie\u017cy w pi\u0105tek o 19:15 w salce.<\/li>\n<\/ol>\n<p><strong>&nbsp;<\/strong><\/p>\n<ol start=\"5\">\n<li>W tym tygodniu: I sobota miesi\u0105ca. Nabo\u017ce\u0144stwo pierwszosobotnie, do Niepokalanego Serca Matki Bo\u017cej: r\u00f3\u017caniec o godz. 7.15 i msza \u015bw. Odwiedziny chorych z listy sobotniej bez zmian, z listy pi\u0105tkowej 7 czerwca. Spotkanie wsp\u00f3lnoty rodzin w sobot\u0119, o godz. 19.00 w ko\u015bciele. Zapraszamy osoby w ka\u017cdym wieku i w ka\u017cdym stanie \u017cycia.<\/li>\n<\/ol>\n<p><strong>&nbsp;<\/strong><\/p>\n<ol start=\"6\">\n<li>Dzisiaj Marsz dla \u017bycia. Pocz\u0105tek o godz. 14.00 na pl. Mickiewicza. Przejdzie do Katedry, gdzie o godz. 15.30 Festyn Rodzinny i o godz. 18.30 koncert Arki Noego.<\/li>\n<\/ol>\n<p><strong>&nbsp;<\/strong><\/p>\n<ol start=\"7\">\n<li>Odpust w Parafii Nawiedzenia NMP w pi\u0105tek, 31 maja. Suma odpustowa o godz.18.30.<\/li>\n<\/ol>\n<p><strong>&nbsp;<\/strong><\/p>\n<ol start=\"8\">\n<li>W przysz\u0142\u0105 niedziel\u0119, przed ko\u015bcio\u0142em, kwesta na KUL i Wydzia\u0142 Teologiczny.<\/li>\n<\/ol>\n<p><strong>&nbsp;<\/strong><\/p>\n<ol start=\"9\">\n<li><strong>9<\/strong><strong>. <\/strong>Zach\u0119camy do czytania prasy katolickiej. Przy zakrystii: <em>Przewodnik Katolicki, Go\u015b\u0107 Niedzielny, Ma\u0142y Przewodnik Katolicki, <\/em>gazeta parafialna.<\/li>\n<\/ol>\n<p>&nbsp;<\/p>\n<ol start=\"10\">\n<li>M\u00f3dlmy si\u0119 o pok\u00f3j w Ukrainie i w Ziemi \u015awi\u0119tej. \u015awi\u0119ty Bo\u017ce! \u015awi\u0119ty Mocny! \u015awi\u0119ty Nie\u015bmiertelny! Zmi\u0142uj si\u0119 nad nami!<\/li>\n<\/ol>\n<p><strong>&nbsp;<\/strong><\/p>\n<p>&nbsp;<\/p>\n<p>&nbsp;<\/p>\n<p><strong>&nbsp;<\/strong><\/p>\n<p><strong>UROCZYSTO\u015a\u0106 BO\u017bEGO CIA\u0141A I OKTAWA<\/strong><\/p>\n<p>&nbsp;<\/p>\n<p>&nbsp;<\/p>\n<p><strong>BO\u017bE CIA\u0141O 30.05.2024 r. Msza \u015bw.:<\/strong><\/p>\n<p>(w przeddzie\u0144) \u015broda: godz. 17.30 majowe nabo\u017ce\u0144stwo, 18.00 &#8211; msza \u015bw., czwartek: 8.00,&nbsp; 9.30,&nbsp; 11.15,&nbsp; 14.30,&nbsp; 16.00 (po procesji) Nie ma mszy \u015bw. o godz. 12.30 i 18.00<\/p>\n<p>&nbsp;<\/p>\n<p><strong>OKTAWA BO\u017bEGO CIA\u0141A<\/strong>&nbsp;<\/p>\n<p><u>&nbsp;<\/u><\/p>\n<p><u>pi\u0105tek,31<\/u>.5. godz. 17.30 majowe nabo\u017ce\u0144stwo, godz.18.00 &#8211; nieszpory, msza \u015bw. i procesja.<\/p>\n<p><u>&nbsp;<\/u><\/p>\n<p><u>Sobota<\/u>, 01.6. godz. 17.30 r\u00f3\u017caniec, godz. 18.00 &#8211; nieszpory, msza \u015bw., Litania do Serca Pana Jezusa i procesja<\/p>\n<p><u>&nbsp;<\/u><\/p>\n<p><u>niedziela<\/u>, 02.6.&nbsp; godz.&nbsp; 9.30 \u2013 msza \u015bw., Litania do Serca Pana Jezusa&nbsp;&nbsp;&nbsp;&nbsp;&nbsp;&nbsp;&nbsp;&nbsp;&nbsp;&nbsp;&nbsp;&nbsp;&nbsp;&nbsp;&nbsp;&nbsp;&nbsp;&nbsp;&nbsp;&nbsp; i procesja, godz. 17.25 \u2013 r\u00f3\u017caniec w intencji rodzin,&nbsp;&nbsp;&nbsp;&nbsp;<\/p>\n<p><u>&nbsp;<\/u><\/p>\n<p><u>poniedzia\u0142ek<\/u>, 03.6. godz. 17.30 &#8211; r\u00f3\u017caniec, godz.18.00 \u2013 nieszpory, msza \u015bw., Litania do Serca Pana Jezusa i procesja<\/p>\n<p><u>&nbsp;<\/u><\/p>\n<p><u>wtorek <\/u>, 04.6. godz.17.30 r\u00f3\u017caniec, godz. 18.00 &#8211; nieszpory, msza \u015bw., Litania do Serca Pana Jezusa i procesja<\/p>\n<p><u>&nbsp;<\/u><\/p>\n<p><u>\u015broda<\/u>, 05.6. godz.18.00 &#8211; nieszpory, msza \u015bw.,&nbsp; Litania do Serca Pana Jezusa i procesja<\/p>\n<p><u>&nbsp;<\/u><\/p>\n<p><u>czwartek<\/u>, 06.6. godz.17.30 r\u00f3\u017caniec, godz. 18.00 &#8211; nieszpory, msza \u015bw., Litania do Serca Pana Jezusa i procesja<\/p>\n<p>&nbsp;<\/p>\n<p>&nbsp;<\/p>\n<p>&nbsp;<\/p>\n<p>&nbsp;<\/p>\n<p>&nbsp;<\/p>\n<p>&nbsp;<\/p>\n<p>&nbsp;<\/p>\n<p>&nbsp;<\/p>\n<p>&nbsp;<\/p>\n<p>&nbsp;<\/p>\n<p>&nbsp;<\/p>\n<p>&nbsp;<\/p>\n<p>&nbsp;<\/p>\n<p>&nbsp;<\/p>\n<p>&nbsp;<\/p>\n<p>&nbsp;<\/p>\n<p>&nbsp;<\/p>\n<p>&nbsp;<\/p>\n<p>&nbsp;<\/p>\n<p>&nbsp;<\/p>\n<p>&nbsp;<\/p>\n<p>&nbsp;<\/p>\n<p>&nbsp;<\/p>\n<p>&nbsp;<\/p>\n<p>&nbsp;&nbsp;&nbsp;&nbsp;&nbsp;&nbsp;&nbsp;&nbsp;&nbsp;&nbsp;&nbsp;&nbsp;&nbsp;&nbsp;&nbsp;&nbsp;&nbsp;&nbsp;&nbsp;&nbsp;&nbsp;&nbsp;&nbsp;&nbsp;&nbsp;&nbsp;&nbsp;&nbsp;&nbsp;&nbsp;&nbsp;&nbsp;&nbsp;&nbsp;&nbsp;&nbsp;&nbsp;&nbsp;&nbsp;&nbsp;&nbsp;&nbsp;&nbsp;&nbsp;&nbsp;&nbsp;&nbsp;&nbsp;&nbsp;&nbsp;&nbsp;&nbsp;&nbsp;&nbsp;&nbsp;&nbsp;&nbsp;&nbsp;&nbsp;&nbsp;&nbsp;&nbsp;&nbsp;&nbsp;&nbsp;&nbsp;&nbsp;&nbsp;&nbsp;&nbsp;&nbsp;&nbsp;&nbsp;&nbsp;&nbsp;&nbsp;&nbsp;&nbsp;&nbsp;&nbsp;&nbsp;&nbsp;&nbsp;&nbsp;&nbsp;&nbsp;&nbsp;&nbsp;<\/p>\n<p>&nbsp;<\/p>\n<p>&nbsp;<\/p>\n","protected":false},"excerpt":{"rendered":"<p>&nbsp; OG\u0141OSZENIA DUSZPASTERSKIE NIEDZIELA NAJ\u015aWI\u0118TSZEJ TR\u00d3JCY &nbsp;26 maja 2024 r. &nbsp; W czwartek, Uroczysto\u015b\u0107 Naj\u015bwi\u0119tszego Cia\u0142a i Krwi Chrystusa (Bo\u017ce Cia\u0142o). Centralna procesja rozpocznie si\u0119 msz\u0105 \u015bw. w Parafii Bo\u017cego Cia\u0142a o godz. 10.00 i przejdzie do Katedry. Bo\u017ce Cia\u0142o jest publicznym wyznaniem wiary w Boga obecnego w Eucharystii, dajmy temu wyraz uczestnicz\u0105c w procesji &#8230; <span class=\"more\"><a class=\"more-link\" href=\"https:\/\/www.chnk.pl\/?p=4089\">czytaj wi\u0119cej<\/a><\/span><\/p>\n","protected":false},"author":3,"featured_media":0,"comment_status":"open","ping_status":"open","sticky":false,"template":"","format":"standard","meta":{"ngg_post_thumbnail":0,"footnotes":""},"categories":[1],"tags":[],"_links":{"self":[{"href":"https:\/\/www.chnk.pl\/index.php?rest_route=\/wp\/v2\/posts\/4089"}],"collection":[{"href":"https:\/\/www.chnk.pl\/index.php?rest_route=\/wp\/v2\/posts"}],"about":[{"href":"https:\/\/www.chnk.pl\/index.php?rest_route=\/wp\/v2\/types\/post"}],"author":[{"embeddable":true,"href":"https:\/\/www.chnk.pl\/index.php?rest_route=\/wp\/v2\/users\/3"}],"replies":[{"embeddable":true,"href":"https:\/\/www.chnk.pl\/index.php?rest_route=%2Fwp%2Fv2%2Fcomments&post=4089"}],"version-history":[{"count":1,"href":"https:\/\/www.chnk.pl\/index.php?rest_route=\/wp\/v2\/posts\/4089\/revisions"}],"predecessor-version":[{"id":4090,"href":"https:\/\/www.chnk.pl\/index.php?rest_route=\/wp\/v2\/posts\/4089\/revisions\/4090"}],"wp:attachment":[{"href":"https:\/\/www.chnk.pl\/index.php?rest_route=%2Fwp%2Fv2%2Fmedia&parent=4089"}],"wp:term":[{"taxonomy":"category","embeddable":true,"href":"https:\/\/www.chnk.pl\/index.php?rest_route=%2Fwp%2Fv2%2Fcategories&post=4089"},{"taxonomy":"post_tag","embeddable":true,"href":"https:\/\/www.chnk.pl\/index.php?rest_route=%2Fwp%2Fv2%2Ftags&post=4089"}],"curies":[{"name":"wp","href":"https:\/\/api.w.org\/{rel}","templated":true}]}}