{"id":4084,"date":"2024-05-18T07:36:52","date_gmt":"2024-05-18T07:36:52","guid":{"rendered":"https:\/\/www.chnk.pl\/?p=4084"},"modified":"2024-05-18T07:37:05","modified_gmt":"2024-05-18T07:37:05","slug":"zeslanie-ducha-swietego-6","status":"publish","type":"post","link":"https:\/\/www.chnk.pl\/?p=4084","title":{"rendered":"Zes\u0142anie Ducha \u015awi\u0119tego"},"content":{"rendered":"<p><strong>&nbsp;<\/strong><\/p>\n<p><strong>&nbsp;<\/strong><\/p>\n<p><strong>OG\u0141OSZENIA DUSZPASTERSKIE<\/strong><\/p>\n<p><strong>ZES\u0141ANIE DUCHA \u015aWI\u0118TEGO<\/strong><\/p>\n<p><strong>19 maja 2024 r.<\/strong><\/p>\n<ol>\n<li>Kalendarz liturgiczny: poniedzia\u0142ek \u2013 NMP Matki Ko\u015bcio\u0142a, wtorek \u2013 \u015bw. Karola Eugeniusza de Mazenod, \u015broda \u2013 \u015bw. Rity, czwartek \u2013 \u015bwi\u0119to Jezusa Chrystusa Najwy\u017cszego i Wiecznego Kap\u0142an, pi\u0105tek \u2013 NMP Wspomo\u017cycielki Wiernych, sobota \u2013 \u015bw. Bedy Czcigodnego.<\/li>\n<li>\u017bycie cz\u0142owieka od pocz\u0119cia do naturalnej \u015bmierci to jedna z fundamentalnych warto\u015bci. Po raz kolejny pragniemy by obrona \u017cycia i rodziny zgromadzi\u0142y nas na Marszu dla \u017bycia pod has\u0142em \u201eB\u0105d\u017amy razem!\u201d, kt\u00f3ry w tym roku b\u0119dzie po\u0142\u0105czony z Festynem Rodzinnym Caritas. Archidiecezjalny Marsz dla \u017bycia odb\u0119dzie si\u0119 w Poznaniu w niedziel\u0119 26 maja br. Rozpocz\u0119cie Msz\u0105 \u015awi\u0119t\u0105 w ko\u015bciele oo. Dominikan\u00f3w o g. 13.00 w intencji obrony \u017cycia. Nast\u0119pnie Marsz dla \u017bycia wyruszy z pl. Mickiewicza o g. 14.00 i przejdzie ulicami Poznania na plac przed Katedr\u0105, gdzie o g. 15.30 rozpocznie si\u0119 Festyn Rodzinny \u201eB\u0105d\u017amy razem!\u201d. O godz. 18.30 odb\u0119dzie si\u0119 koncert Arki Noego. Serdecznie zapraszamy wszystkich, kt\u00f3rzy swoj\u0105 obecno\u015bci\u0105 chc\u0105 za\u015bwiadczy\u0107 o warto\u015bci ludzkiego \u017cycia, ma\u0142\u017ce\u0144stwa i rodziny. W zwi\u0105zku z tym organizujemy dzisiaj, w naszej parafii, akcj\u0119 \u201cPieluszka dla Maluszka\u201d. Pieluchy zostan\u0105 przekazane Siostrom Serafitkom oraz potrzebuj\u0105cym rodzinom z naszej parafii.<\/li>\n<li>W poniedzia\u0142ek, II \u015bwi\u0119to Zielonych \u015awi\u0105t, \u015awi\u0119to Naj\u015bwi\u0119tszej Maryi Panny Matki Ko\u015bcio\u0142a. Zapraszamy na msz\u0119 \u015bw. o godz.: 8.00 i 18.00.<\/li>\n<li>Nabo\u017ce\u0144stwo majowe o godz. 17.30.<\/li>\n<li>Spotkanie wsp\u00f3lnoty r\u00f3\u017ca\u0144cowej w \u015brod\u0119 po wieczornej mszy \u015bw. w ko\u015bciele.<\/li>\n<li>W \u015brod\u0119, 22 maja, mija 10 lat od \u015bwi\u0119ce\u0144 kap\u0142a\u0144skich ks. Wikariusza. Tego dnia o godz. 17:30 w parafii na os. Stare \u017begrze wszyscy kap\u0142ani wy\u015bwi\u0119ceni tamtego roku odprawi\u0105 msz\u0119 \u015bw. rocznicow\u0105, na kt\u00f3r\u0105 zaproszeni s\u0105 wszyscy, tak\u017ce nasi parafianie. Po mszy \u015bw. kawa i ciasto.<\/li>\n<li>Zbi\u00f3rka ministrant\u00f3w, przed Bo\u017cym Cia\u0142em, w \u015brod\u0119 29 maja o godz. 19.00.<\/li>\n<li>Odpust w naszej Parafii. Papie\u017c Benedykt XVI ustanowi\u0142 \u015bwi\u0119to Jezusa Chrystusa Najwy\u017cszego i Wiecznego Kap\u0142ana. Odpust w naszej parafii w najbli\u017cszy czwartek. Adoracja Naj\u015bwi\u0119tszego Sakramentu o godz. 18.00 w intencji Ojca \u015bw. Franciszka i o powo\u0142ania kap\u0142a\u0144skie. Suma odpustowa o godz. 19.00. Sum\u0119 odprawi ks. pra\u0142at Henryk Szymczak.<\/li>\n<li>W pi\u0105tek nie b\u0119dzie spotkania duszpasterstwa m\u0142odzie\u017cy.<\/li>\n<li>W przysz\u0142\u0105 niedziel\u0119, Tr\u00f3jcy \u015awi\u0119tej, ko\u0144czy si\u0119 czas spowiedzi \u015bw. wielkanocnej.<\/li>\n<li>Podzi\u0119kowanie rodzicom dzieci pierwszokomunijnych za przygotowanie ko\u015bcio\u0142a na uroczysto\u015b\u0107 pierwszokomunijn\u0105 i za udzia\u0142 w Bia\u0142ym Tygodniu. Prosimy tych rodzic\u00f3w o przygotowanie o\u0142tarza na procesj\u0119 Bo\u017cego Cia\u0142a. Spotkanie w sprawie o\u0142tarzy na Bo\u017ce Cia\u0142o dla wszystkich przygotowuj\u0105cych o\u0142tarze w pi\u0105tek o godz. 18.45 w salce parafialnej.<\/li>\n<li>Zach\u0119camy do czytania prasy katolickiej. Przy zakrystii: <em>Przewodnik Katolicki, Ma\u0142y Przewodnik Katolicki, Go\u015b\u0107 Niedzielny, Go\u015b\u0107 Niedzielny EXTRA \u201e\u015awi\u0119te Matki, Matki \u015bwi\u0119tych\u201d, <\/em>gazeta parafialna.<\/li>\n<\/ol>\n<p>&nbsp;<\/p>\n<p>&nbsp;<\/p>\n<p>&nbsp;<\/p>\n<p>&nbsp;<\/p>\n<p>&nbsp;<\/p>\n<p>&nbsp;<\/p>\n<p>&nbsp;<\/p>\n<p>&nbsp;<\/p>\n<p>&nbsp;<\/p>\n<p><strong>&nbsp;<\/strong><\/p>\n<p><strong>&nbsp;<\/strong><\/p>\n<p><strong>&nbsp;<\/strong><\/p>\n<p><strong>&nbsp;<\/strong><\/p>\n<p><strong>&nbsp;<\/strong><\/p>\n<p><strong>&nbsp;<\/strong><\/p>\n<p>&nbsp;<\/p>\n<p><strong>&nbsp;<\/strong><\/p>\n","protected":false},"excerpt":{"rendered":"<p>&nbsp; &nbsp; OG\u0141OSZENIA DUSZPASTERSKIE ZES\u0141ANIE DUCHA \u015aWI\u0118TEGO 19 maja 2024 r. Kalendarz liturgiczny: poniedzia\u0142ek \u2013 NMP Matki Ko\u015bcio\u0142a, wtorek \u2013 \u015bw. Karola Eugeniusza de Mazenod, \u015broda \u2013 \u015bw. Rity, czwartek \u2013 \u015bwi\u0119to Jezusa Chrystusa Najwy\u017cszego i Wiecznego Kap\u0142an, pi\u0105tek \u2013 NMP Wspomo\u017cycielki Wiernych, sobota \u2013 \u015bw. Bedy Czcigodnego. \u017bycie cz\u0142owieka od pocz\u0119cia do naturalnej \u015bmierci &#8230; <span class=\"more\"><a class=\"more-link\" href=\"https:\/\/www.chnk.pl\/?p=4084\">czytaj wi\u0119cej<\/a><\/span><\/p>\n","protected":false},"author":3,"featured_media":0,"comment_status":"open","ping_status":"open","sticky":false,"template":"","format":"standard","meta":{"ngg_post_thumbnail":0,"footnotes":""},"categories":[1],"tags":[],"_links":{"self":[{"href":"https:\/\/www.chnk.pl\/index.php?rest_route=\/wp\/v2\/posts\/4084"}],"collection":[{"href":"https:\/\/www.chnk.pl\/index.php?rest_route=\/wp\/v2\/posts"}],"about":[{"href":"https:\/\/www.chnk.pl\/index.php?rest_route=\/wp\/v2\/types\/post"}],"author":[{"embeddable":true,"href":"https:\/\/www.chnk.pl\/index.php?rest_route=\/wp\/v2\/users\/3"}],"replies":[{"embeddable":true,"href":"https:\/\/www.chnk.pl\/index.php?rest_route=%2Fwp%2Fv2%2Fcomments&post=4084"}],"version-history":[{"count":1,"href":"https:\/\/www.chnk.pl\/index.php?rest_route=\/wp\/v2\/posts\/4084\/revisions"}],"predecessor-version":[{"id":4085,"href":"https:\/\/www.chnk.pl\/index.php?rest_route=\/wp\/v2\/posts\/4084\/revisions\/4085"}],"wp:attachment":[{"href":"https:\/\/www.chnk.pl\/index.php?rest_route=%2Fwp%2Fv2%2Fmedia&parent=4084"}],"wp:term":[{"taxonomy":"category","embeddable":true,"href":"https:\/\/www.chnk.pl\/index.php?rest_route=%2Fwp%2Fv2%2Fcategories&post=4084"},{"taxonomy":"post_tag","embeddable":true,"href":"https:\/\/www.chnk.pl\/index.php?rest_route=%2Fwp%2Fv2%2Ftags&post=4084"}],"curies":[{"name":"wp","href":"https:\/\/api.w.org\/{rel}","templated":true}]}}