{"id":4072,"date":"2024-05-11T13:50:18","date_gmt":"2024-05-11T13:50:18","guid":{"rendered":"https:\/\/www.chnk.pl\/?p=4072"},"modified":"2024-05-12T14:00:19","modified_gmt":"2024-05-12T14:00:19","slug":"wniebowstapienie-panskie-3","status":"publish","type":"post","link":"https:\/\/www.chnk.pl\/?p=4072","title":{"rendered":"Wniebowst\u0105pienie Pa\u0144skie"},"content":{"rendered":"<p><strong>&nbsp;<\/strong><\/p>\n<p><strong>OG\u0141OSZENIA DUSZPASTERSKIE<\/strong><\/p>\n<p><strong><em>WNIEBOWST\u0104PIENIE PA\u0143SKIE<\/em><\/strong><\/p>\n<p><strong>&nbsp;&nbsp;&nbsp;&nbsp;&nbsp;&nbsp;&nbsp;&nbsp;&nbsp;&nbsp;&nbsp;&nbsp;&nbsp;&nbsp;&nbsp;&nbsp;&nbsp;&nbsp;&nbsp;&nbsp;&nbsp;&nbsp;&nbsp;&nbsp;&nbsp;&nbsp;&nbsp;&nbsp;&nbsp;&nbsp;&nbsp;&nbsp;&nbsp;&nbsp;&nbsp;&nbsp;&nbsp;&nbsp;&nbsp;&nbsp;&nbsp;&nbsp;&nbsp;&nbsp;&nbsp;&nbsp;&nbsp;&nbsp;&nbsp;&nbsp;&nbsp;&nbsp;&nbsp;&nbsp;&nbsp;&nbsp;&nbsp;&nbsp;&nbsp;&nbsp;&nbsp;&nbsp;&nbsp;&nbsp;&nbsp;&nbsp;&nbsp;&nbsp;&nbsp;&nbsp;&nbsp;&nbsp;&nbsp;&nbsp;&nbsp;&nbsp;&nbsp;&nbsp;&nbsp;&nbsp; 12 maja 2024 r.<\/strong><\/p>\n<ol>\n<li>Kalendarz liturgiczny: poniedzia\u0142ek \u2013 NMP z Fatimy, wtorek \u015bw. Macieja, czwartek \u2013 \u015bw. Andrzeja Boboli, sobota \u2013 \u015bw. Jana I, pap. i m.<\/li>\n<\/ol>\n<p>&nbsp;<\/p>\n<ol start=\"2\">\n<li>Dnia 13 maja 2024 roku up\u0142ynie dwadzie\u015bcia pi\u0119\u0107 lat od dnia \u015bwi\u0119ce\u0144 biskupich Ksi\u0119dza Biskupa Grzegorza Balcerka. W poniedzia\u0142ek, 13 maja, obejmiemy modlitw\u0105 Ks. Bpa Jubilata w naszej parafii, a we wtorek, 14 maja o godzinie 16.00 w Katedrze Ksi\u0105dz Biskup Jubilat b\u0119dzie celebrowa\u0142 uroczyst\u0105 Eucharysti\u0119. Zach\u0119camy Parafian do udzia\u0142u w tej uroczysto\u015bci.<\/li>\n<\/ol>\n<p>&nbsp;&nbsp;&nbsp;&nbsp;&nbsp;&nbsp;&nbsp;&nbsp;&nbsp;&nbsp;&nbsp;&nbsp;&nbsp;<\/p>\n<ol start=\"3\">\n<li>Bia\u0142y Tydzie\u0144 od poniedzia\u0142ku do pi\u0105tku o godz. 18.00.<\/li>\n<\/ol>\n<p>&nbsp;<\/p>\n<ol start=\"4\">\n<li>Rocznica I Komunii \u015bw. w czwartek, 16 maja br., na mszy \u015bw. o godz. 19.15. Dzieci uczestnicz\u0105 w strojach pierwszokomunijnych lub innych od\u015bwi\u0119tnych. Na t\u0119 uroczyst\u0105 msz\u0119 \u015bw. dzieci przynosz\u0105 ksi\u0105\u017ceczki pierwszopi\u0105tkowe. Okazja do spowiedzi \u015bw. dla tych dzieci i rodzic\u00f3w w \u015brod\u0119 od godz. 16.30 do 17.30. Zebranie rodzic\u00f3w tych dzieci w poniedzia\u0142ek o godz. 19.00 w ko\u015bciele.<\/li>\n<\/ol>\n<p>&nbsp;<\/p>\n<ol start=\"5\">\n<li>Spotkanie duszpasterstwa m\u0142odzie\u017cy w pi\u0105tek o godz. 19.15 w salce parafialnej.<\/li>\n<\/ol>\n<p><strong>&nbsp;<\/strong><\/p>\n<ol start=\"6\">\n<li>Zapraszamy na czuwanie modlitewne w Wigili\u0119 Zes\u0142ania Ducha \u015awi\u0119tego w sobot\u0119, 18 maja w godz. 20:00 do 21:00. Liturgia S\u0142owa. Adoracja Naj\u015bw. Sakramentu, Schola. Procesja salety\u0144ska w niedziel\u0119, 19 maja, po mszy \u015bw. o godz. 9.30.<\/li>\n<\/ol>\n<p><strong>&nbsp;<\/strong><\/p>\n<ol start=\"7\">\n<li>Ju\u017c 26 maja 24 r. ulicami Poznani przejdzie kolejny Marsz dla \u017bycia. W zwi\u0105zku z tym organizujemy w naszej parafii akcj\u0119 \u201cPieluszka dla Maluszka\u201d. W niedziel\u0119 19 maja zbiera\u0107 b\u0119dziemy pieluchy oraz pieluchomajtki. Zostawia\u0107 je mo\u017cna pod ch\u00f3rem. Nie zbieramy zabawek, misi\u00f3w pluszowych, artyku\u0142\u00f3w spo\u017cywczych i plastycznych. Pieluchy zostan\u0105 przekazane do Domu Pomocy Spo\u0142ecznej dla Dzieci i M\u0142odzie\u017cy prowadzonego przez Siostry Serafitki oraz potrzebuj\u0105cych rodzin z naszej parafii. Zach\u0119camy do w\u0142\u0105czenia si\u0119 w akcj\u0119!<\/li>\n<\/ol>\n<p><strong>&nbsp;<\/strong><\/p>\n<ol start=\"8\">\n<li>Zbli\u017ca si\u0119 Uroczysto\u015b\u0107 Bo\u017cego Cia\u0142a. Prosimy, aby o\u0142tarze przygotowali: I &#8211; Rodzice dzieci klas trzecich. II &#8211; Rodzice ministrant\u00f3w III &#8211; M\u0142odzie\u017c i m\u0142ode ma\u0142\u017ce\u0144stwa, IV &#8211; Wsp\u00f3lnoty R\u00f3\u017ca\u0144cowe.<\/li>\n<\/ol>\n<p><strong>&nbsp;<\/strong><\/p>\n<ol start=\"9\">\n<li>Zach\u0119camy do czytania prasy katolickiej. Przy zakrystii: Przewodnik Katolicki, Ma\u0142y Przewodnik Katolicki (majowy), Go\u015b\u0107 Niedzielny, Ziarno, gazeta parafialna.<\/li>\n<\/ol>\n<p><strong>&nbsp;<\/strong><\/p>\n<ol start=\"10\">\n<li>M\u00f3dlmy si\u0119 za zmar\u0142ych. Za dusz\u0119 \u015bp. Stanis\u0142awa Stillera, os. Lecha 126, (msza \u015bw. pogrzebowa we wtorek o godz. 10.30, pogrzeb na cmentarzu przy ul. Bluszczowej o godz. 12.30) i za dusz\u0119 \u015bp. Mariana Stroi\u0144skiego, os. Lecha 119 (msza \u015bw. pogrzebowa w \u015brod\u0119 o godz. 13.00, pogrzeb w Krzesinach o godz. 14.30). Wieczny odpoczynek raz zmar\u0142ym da\u0107 Panie.<\/li>\n<\/ol>\n<p>&nbsp;<\/p>\n<p>&nbsp;<\/p>\n<p>&nbsp;<\/p>\n<p><strong>&nbsp;<\/strong><\/p>\n<p><strong>&nbsp;<\/strong><\/p>\n<p><strong>&nbsp;<\/strong><\/p>\n<p><strong>&nbsp;<\/strong><\/p>\n<p><strong>&nbsp;<\/strong><\/p>\n<p><strong>&nbsp;<\/strong><\/p>\n<p><strong>&nbsp;<\/strong><\/p>\n<p><strong>&nbsp;<\/strong><\/p>\n<p>&nbsp;<\/p>\n<p><strong>&nbsp;<\/strong><\/p>\n<p><strong>&nbsp;<\/strong><\/p>\n<p><strong>&nbsp;<\/strong><\/p>\n<p><strong>&nbsp;<\/strong><\/p>\n<p><strong>&nbsp;<\/strong><\/p>\n<p><strong>&nbsp;<\/strong><\/p>\n<p><strong>&nbsp;<\/strong><\/p>\n<p><strong>&nbsp;<\/strong><\/p>\n<p>&nbsp;<\/p>\n","protected":false},"excerpt":{"rendered":"<p>&nbsp; OG\u0141OSZENIA DUSZPASTERSKIE WNIEBOWST\u0104PIENIE PA\u0143SKIE &nbsp;&nbsp;&nbsp;&nbsp;&nbsp;&nbsp;&nbsp;&nbsp;&nbsp;&nbsp;&nbsp;&nbsp;&nbsp;&nbsp;&nbsp;&nbsp;&nbsp;&nbsp;&nbsp;&nbsp;&nbsp;&nbsp;&nbsp;&nbsp;&nbsp;&nbsp;&nbsp;&nbsp;&nbsp;&nbsp;&nbsp;&nbsp;&nbsp;&nbsp;&nbsp;&nbsp;&nbsp;&nbsp;&nbsp;&nbsp;&nbsp;&nbsp;&nbsp;&nbsp;&nbsp;&nbsp;&nbsp;&nbsp;&nbsp;&nbsp;&nbsp;&nbsp;&nbsp;&nbsp;&nbsp;&nbsp;&nbsp;&nbsp;&nbsp;&nbsp;&nbsp;&nbsp;&nbsp;&nbsp;&nbsp;&nbsp;&nbsp;&nbsp;&nbsp;&nbsp;&nbsp;&nbsp;&nbsp;&nbsp;&nbsp;&nbsp;&nbsp;&nbsp;&nbsp;&nbsp; 12 maja 2024 r. Kalendarz liturgiczny: poniedzia\u0142ek \u2013 NMP z Fatimy, wtorek \u015bw. Macieja, czwartek \u2013 \u015bw. Andrzeja Boboli, sobota \u2013 \u015bw. Jana I, pap. i m. &nbsp; Dnia 13 maja 2024 roku up\u0142ynie dwadzie\u015bcia pi\u0119\u0107 lat od dnia \u015bwi\u0119ce\u0144 biskupich Ksi\u0119dza Biskupa Grzegorza Balcerka. W poniedzia\u0142ek, 13 maja, &#8230; <span class=\"more\"><a class=\"more-link\" href=\"https:\/\/www.chnk.pl\/?p=4072\">czytaj wi\u0119cej<\/a><\/span><\/p>\n","protected":false},"author":3,"featured_media":0,"comment_status":"open","ping_status":"open","sticky":false,"template":"","format":"standard","meta":{"ngg_post_thumbnail":0,"footnotes":""},"categories":[1],"tags":[],"_links":{"self":[{"href":"https:\/\/www.chnk.pl\/index.php?rest_route=\/wp\/v2\/posts\/4072"}],"collection":[{"href":"https:\/\/www.chnk.pl\/index.php?rest_route=\/wp\/v2\/posts"}],"about":[{"href":"https:\/\/www.chnk.pl\/index.php?rest_route=\/wp\/v2\/types\/post"}],"author":[{"embeddable":true,"href":"https:\/\/www.chnk.pl\/index.php?rest_route=\/wp\/v2\/users\/3"}],"replies":[{"embeddable":true,"href":"https:\/\/www.chnk.pl\/index.php?rest_route=%2Fwp%2Fv2%2Fcomments&post=4072"}],"version-history":[{"count":3,"href":"https:\/\/www.chnk.pl\/index.php?rest_route=\/wp\/v2\/posts\/4072\/revisions"}],"predecessor-version":[{"id":4079,"href":"https:\/\/www.chnk.pl\/index.php?rest_route=\/wp\/v2\/posts\/4072\/revisions\/4079"}],"wp:attachment":[{"href":"https:\/\/www.chnk.pl\/index.php?rest_route=%2Fwp%2Fv2%2Fmedia&parent=4072"}],"wp:term":[{"taxonomy":"category","embeddable":true,"href":"https:\/\/www.chnk.pl\/index.php?rest_route=%2Fwp%2Fv2%2Fcategories&post=4072"},{"taxonomy":"post_tag","embeddable":true,"href":"https:\/\/www.chnk.pl\/index.php?rest_route=%2Fwp%2Fv2%2Ftags&post=4072"}],"curies":[{"name":"wp","href":"https:\/\/api.w.org\/{rel}","templated":true}]}}