{"id":4069,"date":"2024-05-04T11:08:14","date_gmt":"2024-05-04T11:08:14","guid":{"rendered":"https:\/\/www.chnk.pl\/?p=4069"},"modified":"2024-05-04T11:08:14","modified_gmt":"2024-05-04T11:08:14","slug":"6-niedziela-wielkanocna-7","status":"publish","type":"post","link":"https:\/\/www.chnk.pl\/?p=4069","title":{"rendered":"6 Niedziela Wielkanocna"},"content":{"rendered":"<p>&nbsp;<\/p>\n<p>&nbsp;<\/p>\n<p><strong>OG\u0141OSZENIA DUSZPASTERSKIE<\/strong><\/p>\n<p><strong>NIEDZIELA VI WIELKANOCNA<\/strong><\/p>\n<p><strong>5 maja 2024 r.<\/strong><\/p>\n<ol>\n<li>Kalendarz liturgiczny: poniedzia\u0142ek<strong> \u2013 <\/strong>\u015bw.app. Filipa i Jakuba, \u015broda \u2013 \u015bw. Stanis\u0142awa, biskupa i m\u0119czennika, g\u0142\u00f3wnego patrona Polski i Archidiecezji, pi\u0105tek &#8211; \u015bw. Jana z Avili,<\/li>\n<\/ol>\n<p>&nbsp;<\/p>\n<ol start=\"2\">\n<li>Nabo\u017ce\u0144stwa majowe codziennie o godz. 17.30. W \u015brod\u0119 nowenna do Matki Bo\u017cej Nieustaj\u0105cej Pomocy w \u0142\u0105czno\u015bci z majowym nabo\u017ce\u0144stwem.<\/li>\n<\/ol>\n<p>&nbsp;<\/p>\n<ol start=\"3\">\n<li>Nowenna do \u015bw. Andrzeja Boboli w intencji naszej Ojczyzny. Pocz\u0105tek we wtorek 7 maja, przez 9 dni, przed porann\u0105 msz\u0105 \u015bw.<\/li>\n<\/ol>\n<p>&nbsp;<\/p>\n<ol start=\"4\">\n<li>W przysz\u0142\u0105 niedziel\u0119, w uroczysto\u015b\u0107 Wniebowst\u0105pienia Pa\u0144skiego, o godz. 11.00, dzieci przyst\u0105pi\u0105 do I Komunii \u015bw. Prosimy wszystkich zwykle uczestnicz\u0105cych we mszy \u015bw. o godz. 11.15, aby w przysz\u0142\u0105 niedziel\u0119 wybrali inn\u0105 godzin\u0119.<\/li>\n<\/ol>\n<p>&nbsp;<\/p>\n<ol start=\"5\">\n<li>Dzieci pierwszokomunijne \u2013 pr\u00f3by liturgiczne w czwartek i w pi\u0105tek o godz. 16.00, rozpocz\u0119cie przy krzy\u017cu. Spowied\u017a \u015bw. dzieci w sobot\u0119: ch\u0142opcy o godz. 10.00, dziewczynki o godz. 10.45. Spowied\u017a \u015bw. dla rodzin w sobot\u0119 od godz. 7.15 do 8.00 i od 16.00 do 18.00. Dekorowanie ko\u015bcio\u0142a przez rodzic\u00f3w w pi\u0105tek o godz. 19.00.<\/li>\n<\/ol>\n<p>&nbsp;<\/p>\n<ol start=\"6\">\n<li>Rocznica I Komunii \u015bw. w czwartek, 16 maja na mszy \u015bw. o godz. 19.15. Zebranie rodzic\u00f3w tych dzieci w poniedzia\u0142ek, 13 maja o godz. 19.00 w ko\u015bciele.<\/li>\n<\/ol>\n<p>&nbsp;<\/p>\n<ol start=\"7\">\n<li>Zapraszamy na msz\u0119 \u015bw. z modlitw\u0105 o uzdrowienie, <u>wyj\u0105tkowo<\/u> w \u015brod\u0119, 8 maja, o 19:15. Intencje prosimy z\u0142o\u017cy\u0107 do koszyka pod ch\u00f3rem. Intencj\u0105 mszy \u015bw. b\u0119dzie te\u017c modlitwa za \u00f3smoklasist\u00f3w, kt\u00f3rym \u2013 na czas egzamin\u00f3w \u2013 \u017cyczymy Bo\u017cego b\u0142ogos\u0142awie\u0144stwa i zapraszamy do modlitwy.<\/li>\n<\/ol>\n<p>&nbsp;<\/p>\n<ol start=\"8\">\n<li>Spotkanie Rady Duszpasterskiej we wtorek, 14 maja, o godz. 19.15.<\/li>\n<\/ol>\n<p>&nbsp;<\/p>\n<ol start=\"9\">\n<li>B\u00f3g zap\u0142a\u0107 za ofiary na danin\u0119 diecezjaln\u0105, na potrzeby naszego ko\u015bcio\u0142a i na potrzeby naszego Seminarium Duchownego.<\/li>\n<li>Pielgrzymka Toru\u0144 \u2013 Obory \u2013 Gietrzwa\u0142d. Komunikat na tablicy og\u0142osze\u0144.<\/li>\n<li><strong>&nbsp;<\/strong>Zach\u0119camy do czytania prasy katolickiej. Przy zakrystii: <em>Przewodnik Katolicki, Ma\u0142y Przewodnik Katolicki <\/em>(majowy)<em>, Go\u015b\u0107 Niedzielny, Ziarno,<\/em> W niedziel\u0119, 12 maja o godz. 16.30 w Katedrze odb\u0119dzie si\u0119 kolejna prezentacja z cyklu Verba Sacra. Ksi\u0119g\u0119 M\u0105dro\u015bci us\u0142yszymy w interpretacji wybitnej aktorki Haliny \u0141abonarskiej. Wst\u0119p wolny.<\/li>\n<li>M\u00f3dlmy si\u0119 o pok\u00f3j w Ukrainie i Ziemi \u015awi\u0119tej. M\u00f3dlmy si\u0119 w intencji rych\u0142ej odbudowy Pomnika Naj\u015bwi\u0119tszego Serca Pana Jezusa w Poznaniu, kt\u00f3ry przypomina\u0142 o przymierzu z Bogiem jako warunku niepodleg\u0142o\u015bci Ojczyzny. &nbsp;\u015awi\u0119ty Bo\u017ce, \u015awi\u0119ty Mocny, \u015awi\u0119ty a Nie\u015bmiertelny. Zmi\u0142uj si\u0119 nad nami.<\/li>\n<\/ol>\n<p><strong>&nbsp;<\/strong><\/p>\n<p>&nbsp;<\/p>\n<p>&nbsp;<\/p>\n<p>&nbsp;<\/p>\n<p>&nbsp;<\/p>\n<p>&nbsp;<\/p>\n<p>&nbsp;<\/p>\n<p>&nbsp;<\/p>\n<p>&nbsp;<\/p>\n<p>&nbsp;<\/p>\n<p>&nbsp;<\/p>\n<p>&nbsp;<\/p>\n<p>&nbsp;<\/p>\n<p>&nbsp;<\/p>\n<p>&nbsp;<\/p>\n<p>&nbsp;<\/p>\n<p>&nbsp;<\/p>\n<p>&nbsp;<\/p>\n<p>&nbsp;<\/p>\n<p>&nbsp;<\/p>\n<p>&nbsp;<\/p>\n<p>&nbsp;<\/p>\n<p>&nbsp;<\/p>\n<p>&nbsp;<\/p>\n<p>&nbsp;<\/p>\n<p>&nbsp;<\/p>\n<p>&nbsp;<\/p>\n<p>&nbsp;<\/p>\n<p>&nbsp;<\/p>\n<p>&nbsp;<\/p>\n<p>&nbsp;<\/p>\n<p>&nbsp;<\/p>\n<p>&nbsp;<\/p>\n<p>&nbsp;<\/p>\n<p>&nbsp;<\/p>\n<p>&nbsp;<\/p>\n<p>&nbsp;&nbsp;&nbsp;&nbsp;&nbsp;&nbsp;&nbsp;&nbsp;&nbsp;&nbsp;&nbsp;&nbsp;&nbsp;&nbsp;&nbsp;&nbsp;&nbsp;&nbsp;&nbsp;&nbsp;&nbsp;&nbsp;&nbsp;&nbsp;&nbsp;&nbsp;&nbsp;&nbsp;&nbsp;&nbsp;&nbsp;&nbsp;&nbsp;&nbsp;&nbsp;&nbsp;&nbsp;&nbsp;&nbsp;&nbsp;&nbsp;&nbsp;&nbsp;&nbsp;&nbsp;&nbsp;&nbsp;&nbsp;&nbsp;&nbsp;&nbsp;&nbsp;&nbsp;&nbsp;&nbsp;&nbsp;&nbsp;&nbsp;&nbsp;&nbsp;&nbsp;&nbsp;&nbsp;&nbsp;&nbsp;&nbsp;&nbsp;&nbsp;&nbsp;&nbsp;&nbsp;&nbsp;&nbsp;&nbsp;&nbsp;&nbsp;&nbsp;&nbsp;&nbsp;&nbsp;&nbsp;&nbsp;&nbsp;&nbsp;&nbsp;&nbsp;&nbsp;&nbsp;&nbsp;&nbsp;&nbsp;&nbsp;&nbsp;&nbsp;&nbsp;&nbsp;&nbsp;&nbsp;&nbsp;&nbsp;&nbsp;&nbsp;&nbsp;&nbsp;&nbsp;&nbsp;&nbsp;&nbsp;&nbsp;&nbsp;&nbsp;&nbsp;&nbsp;&nbsp;&nbsp;&nbsp;&nbsp;&nbsp;&nbsp;&nbsp;&nbsp;&nbsp;&nbsp;&nbsp;&nbsp;&nbsp;&nbsp;&nbsp;&nbsp;&nbsp;&nbsp;&nbsp;&nbsp;&nbsp;&nbsp;&nbsp;&nbsp;&nbsp;&nbsp;&nbsp;&nbsp;&nbsp;&nbsp;&nbsp;&nbsp;&nbsp;&nbsp;&nbsp;&nbsp;&nbsp;&nbsp;&nbsp;&nbsp;&nbsp;&nbsp;&nbsp;&nbsp;&nbsp;&nbsp;&nbsp;&nbsp;&nbsp;&nbsp;&nbsp;&nbsp;&nbsp;&nbsp;&nbsp;&nbsp;&nbsp;&nbsp;&nbsp;&nbsp;&nbsp;&nbsp;&nbsp;&nbsp;&nbsp;&nbsp;&nbsp;&nbsp;&nbsp;&nbsp;&nbsp;&nbsp;&nbsp;&nbsp;&nbsp;&nbsp;&nbsp;&nbsp;&nbsp;&nbsp;&nbsp;&nbsp;&nbsp;&nbsp;&nbsp;&nbsp;&nbsp;&nbsp;&nbsp;&nbsp;&nbsp;&nbsp;&nbsp;&nbsp;&nbsp;&nbsp;&nbsp;&nbsp;&nbsp;&nbsp;&nbsp;&nbsp;&nbsp;&nbsp;&nbsp;&nbsp;&nbsp;&nbsp;&nbsp;&nbsp;&nbsp;&nbsp;&nbsp;&nbsp;&nbsp;&nbsp;&nbsp;&nbsp;&nbsp;&nbsp;&nbsp;&nbsp;&nbsp;&nbsp;&nbsp;&nbsp;&nbsp;&nbsp;&nbsp;&nbsp;&nbsp;&nbsp;&nbsp;&nbsp;&nbsp;&nbsp;&nbsp;&nbsp;&nbsp;&nbsp;&nbsp;&nbsp;&nbsp;&nbsp;&nbsp;&nbsp;&nbsp;&nbsp;&nbsp;&nbsp;&nbsp;&nbsp;&nbsp;&nbsp;&nbsp;&nbsp;&nbsp;&nbsp;&nbsp;&nbsp;&nbsp;&nbsp;&nbsp;&nbsp;&nbsp;&nbsp;&nbsp;&nbsp;&nbsp;&nbsp;&nbsp;&nbsp;&nbsp;&nbsp;&nbsp;&nbsp;&nbsp;&nbsp;&nbsp;&nbsp;&nbsp;&nbsp;&nbsp;<\/p>\n","protected":false},"excerpt":{"rendered":"<p>&nbsp; &nbsp; OG\u0141OSZENIA DUSZPASTERSKIE NIEDZIELA VI WIELKANOCNA 5 maja 2024 r. Kalendarz liturgiczny: poniedzia\u0142ek \u2013 \u015bw.app. Filipa i Jakuba, \u015broda \u2013 \u015bw. Stanis\u0142awa, biskupa i m\u0119czennika, g\u0142\u00f3wnego patrona Polski i Archidiecezji, pi\u0105tek &#8211; \u015bw. Jana z Avili, &nbsp; Nabo\u017ce\u0144stwa majowe codziennie o godz. 17.30. W \u015brod\u0119 nowenna do Matki Bo\u017cej Nieustaj\u0105cej Pomocy w \u0142\u0105czno\u015bci z &#8230; <span class=\"more\"><a class=\"more-link\" href=\"https:\/\/www.chnk.pl\/?p=4069\">czytaj wi\u0119cej<\/a><\/span><\/p>\n","protected":false},"author":3,"featured_media":0,"comment_status":"open","ping_status":"open","sticky":false,"template":"","format":"standard","meta":{"ngg_post_thumbnail":0,"footnotes":""},"categories":[1],"tags":[],"_links":{"self":[{"href":"https:\/\/www.chnk.pl\/index.php?rest_route=\/wp\/v2\/posts\/4069"}],"collection":[{"href":"https:\/\/www.chnk.pl\/index.php?rest_route=\/wp\/v2\/posts"}],"about":[{"href":"https:\/\/www.chnk.pl\/index.php?rest_route=\/wp\/v2\/types\/post"}],"author":[{"embeddable":true,"href":"https:\/\/www.chnk.pl\/index.php?rest_route=\/wp\/v2\/users\/3"}],"replies":[{"embeddable":true,"href":"https:\/\/www.chnk.pl\/index.php?rest_route=%2Fwp%2Fv2%2Fcomments&post=4069"}],"version-history":[{"count":1,"href":"https:\/\/www.chnk.pl\/index.php?rest_route=\/wp\/v2\/posts\/4069\/revisions"}],"predecessor-version":[{"id":4070,"href":"https:\/\/www.chnk.pl\/index.php?rest_route=\/wp\/v2\/posts\/4069\/revisions\/4070"}],"wp:attachment":[{"href":"https:\/\/www.chnk.pl\/index.php?rest_route=%2Fwp%2Fv2%2Fmedia&parent=4069"}],"wp:term":[{"taxonomy":"category","embeddable":true,"href":"https:\/\/www.chnk.pl\/index.php?rest_route=%2Fwp%2Fv2%2Fcategories&post=4069"},{"taxonomy":"post_tag","embeddable":true,"href":"https:\/\/www.chnk.pl\/index.php?rest_route=%2Fwp%2Fv2%2Ftags&post=4069"}],"curies":[{"name":"wp","href":"https:\/\/api.w.org\/{rel}","templated":true}]}}