{"id":4065,"date":"2024-04-27T12:25:02","date_gmt":"2024-04-27T12:25:02","guid":{"rendered":"https:\/\/www.chnk.pl\/?p=4065"},"modified":"2024-04-27T12:25:02","modified_gmt":"2024-04-27T12:25:02","slug":"5-niedziela-wielkanocna-7","status":"publish","type":"post","link":"https:\/\/www.chnk.pl\/?p=4065","title":{"rendered":"5 Niedziela Wielkanocna"},"content":{"rendered":"<p>&nbsp;<\/p>\n<p>&nbsp;<\/p>\n<p>OG\u0141OSZENIA DUSZPASTERSKIE<\/p>\n<p>NIEDZIELA V WIELKANOCNA<\/p>\n<p>28 kwietnia 2024 r.<\/p>\n<p>1. Kalendarz liturgiczny: poniedzia\u0142ek \u2013 \u015bw. Katarzyny Siene\u0144skiej, wtorek \u2013 \u015bw. Piusa V, papie\u017ca, \u015broda \u2013 \u015bw. J\u00f3zefa Rzemie\u015blnika, czwartek \u2013 \u015bw. Atanazego, pi\u0105tek \u2013 NMP Kr\u00f3lowej Polski g\u0142\u00f3wnej patronki Polski, sobota \u2013 \u015bw. Floriana.<\/p>\n<p>2. Od \u015brody rozpoczynamy nabo\u017ce\u0144stwa majowe, codziennie o godz. 17.30. \u015arodowa nowenna do Matki Bo\u017cej Nieustaj\u0105cej Pomocy razem z majowym nabo\u017ce\u0144stwem. Modlimy si\u0119 o pok\u00f3j w Ziemi \u015awi\u0119tej i Ukrainie.<\/p>\n<p>3. W pi\u0105tek, 3 maja, uroczysto\u015b\u0107 Naj\u015bwi\u0119tszej Maryi Panny Kr\u00f3lowej Polski g\u0142\u00f3wnej patronki Polski. Msza \u015bw. w naszej parafii wed\u0142ug porz\u0105dku niedzielnego. Nie obowi\u0105zuje wstrzemi\u0119\u017aliwo\u015b\u0107 od pokarm\u00f3w mi\u0119snych.<\/p>\n<p>4. W najbli\u017cszy czwartek nie b\u0119dzie spotkania dzieci pierwszokomunijnych. Nast\u0119pne spotkanie w czwartek, 9 maja br. Spotkanie dla wszystkich tych dzieci o godz. 16.00 przy krzy\u017cu misyjnym.<\/p>\n<p>5. W tym tygodniu: I czwartek, I pi\u0105tek, i I sobota miesi\u0105ca. Adoracja Naj\u015bwi\u0119t\u00acszego Sakra\u00acmentu w czwartek od godz. 17.00 do 18.00 w intencji poszanowania \u017cycia ludzkiego. Zapraszamy na r\u00f3\u017caniec wszystkich, kt\u00f3rzy staj\u0105 do modlitewnej obrony dziecka nienarodzonego. Adoracja w intencji zachowania i uproszenie nowych powo\u0142a\u0144 kap\u0142a\u0144skich, zakonnych i misyjnych po wieczornej mszy \u015bw. do godz. 21.00. Odwiedzimy chorych z sakramentami \u015bw. w sobot\u0119. Nowe zg\u0142oszenia w zakrystii. Nabo\u017ce\u0144stwo, do Niepokalanego Serca Matki Bo\u017cej w sobot\u0119 : r\u00f3\u017caniec o godz. 7.15 i msza \u015bw. Spotkanie wsp\u00f3lnoty ma\u0142\u017ce\u0144stw w sobot\u0119, 11 maja, o godz. 19.00 w ko\u015bciele.<\/p>\n<p>6. Archidiecezja Pozna\u0144ska organizuje kolejn\u0105 Archidiecezjaln\u0105 pielgrzymk\u0119, tym razem do RPA, w dniach od 16 do 27 lutego 2025 roku oraz pielgrzymk\u0119 do Bo\u015bni i Chorwacji, do Matki Bo\u017cej z Medjugorje w dniach od 3 do 10 pa\u017adziernika 2024 roku. Szczeg\u00f3\u0142y w Biurze Parafialnym.<\/p>\n<p>7. Zach\u0119camy do czytania prasy katolickiej. Przy zakrystii: Przewodnik Katolicki numer podw\u00f3jny (z modlitewnikiem na maj), Ma\u0142y Przewodnik Katolicki (majowy), Go\u015b\u0107 Niedzielny, Go\u015b\u0107 Niedzielny Historia Ko\u015bcio\u0142a, Ziarno, gazeta parafialna.<\/p>\n<p>8. M\u00f3dlmy si\u0119 za zmar\u0142ych Parafian. Za dusz\u0119 \u015bp. Eugenii Paupa, os. Lecha 117 (msza \u015bw. pogrzebowa w poniedzia\u0142ek o godz. 18.45). Wieczny odpoczynek racz zmar\u0142ym da\u0107 Panie.<\/p>\n<p>&nbsp;<\/p>\n<p>&nbsp;<\/p>\n<p>&nbsp;<\/p>\n<p>&nbsp;<\/p>\n<p>&nbsp;<\/p>\n<p>&nbsp;<\/p>\n<p>&nbsp;<\/p>\n<p>&nbsp;<\/p>\n<p>&nbsp;<\/p>\n<p>&nbsp;<\/p>\n<p>&nbsp;<\/p>\n<p>&nbsp;<\/p>\n<p>&nbsp;<\/p>\n<p>&nbsp;<\/p>\n<p>&nbsp;<\/p>\n","protected":false},"excerpt":{"rendered":"<p>&nbsp; &nbsp; OG\u0141OSZENIA DUSZPASTERSKIE NIEDZIELA V WIELKANOCNA 28 kwietnia 2024 r. 1. Kalendarz liturgiczny: poniedzia\u0142ek \u2013 \u015bw. Katarzyny Siene\u0144skiej, wtorek \u2013 \u015bw. Piusa V, papie\u017ca, \u015broda \u2013 \u015bw. J\u00f3zefa Rzemie\u015blnika, czwartek \u2013 \u015bw. Atanazego, pi\u0105tek \u2013 NMP Kr\u00f3lowej Polski g\u0142\u00f3wnej patronki Polski, sobota \u2013 \u015bw. Floriana. 2. Od \u015brody rozpoczynamy nabo\u017ce\u0144stwa majowe, codziennie o godz. &#8230; <span class=\"more\"><a class=\"more-link\" href=\"https:\/\/www.chnk.pl\/?p=4065\">czytaj wi\u0119cej<\/a><\/span><\/p>\n","protected":false},"author":3,"featured_media":0,"comment_status":"open","ping_status":"open","sticky":false,"template":"","format":"standard","meta":{"ngg_post_thumbnail":0,"footnotes":""},"categories":[1],"tags":[],"_links":{"self":[{"href":"https:\/\/www.chnk.pl\/index.php?rest_route=\/wp\/v2\/posts\/4065"}],"collection":[{"href":"https:\/\/www.chnk.pl\/index.php?rest_route=\/wp\/v2\/posts"}],"about":[{"href":"https:\/\/www.chnk.pl\/index.php?rest_route=\/wp\/v2\/types\/post"}],"author":[{"embeddable":true,"href":"https:\/\/www.chnk.pl\/index.php?rest_route=\/wp\/v2\/users\/3"}],"replies":[{"embeddable":true,"href":"https:\/\/www.chnk.pl\/index.php?rest_route=%2Fwp%2Fv2%2Fcomments&post=4065"}],"version-history":[{"count":1,"href":"https:\/\/www.chnk.pl\/index.php?rest_route=\/wp\/v2\/posts\/4065\/revisions"}],"predecessor-version":[{"id":4066,"href":"https:\/\/www.chnk.pl\/index.php?rest_route=\/wp\/v2\/posts\/4065\/revisions\/4066"}],"wp:attachment":[{"href":"https:\/\/www.chnk.pl\/index.php?rest_route=%2Fwp%2Fv2%2Fmedia&parent=4065"}],"wp:term":[{"taxonomy":"category","embeddable":true,"href":"https:\/\/www.chnk.pl\/index.php?rest_route=%2Fwp%2Fv2%2Fcategories&post=4065"},{"taxonomy":"post_tag","embeddable":true,"href":"https:\/\/www.chnk.pl\/index.php?rest_route=%2Fwp%2Fv2%2Ftags&post=4065"}],"curies":[{"name":"wp","href":"https:\/\/api.w.org\/{rel}","templated":true}]}}