{"id":4038,"date":"2024-04-13T14:41:50","date_gmt":"2024-04-13T14:41:50","guid":{"rendered":"https:\/\/www.chnk.pl\/?p=4038"},"modified":"2024-04-13T14:42:01","modified_gmt":"2024-04-13T14:42:01","slug":"3-niedziela-wielkanocna-6","status":"publish","type":"post","link":"https:\/\/www.chnk.pl\/?p=4038","title":{"rendered":"3 Niedziela Wielkanocna"},"content":{"rendered":"<p>OG\u0141OSZENIA DUSZPASTERSKIE<\/p>\n<p>NIEDZIELA III WIELKANOCNA<\/p>\n<p>&nbsp;14 kwietnia 2024 r.<\/p>\n<p>1. Dnia 20 kwietnia (sobota) 2024 roku przypada 22. rocznica ingresu do katedry pozna\u0144skiej Ksi\u0119dza Arcybiskupa Stanis\u0142awa G\u0105deckiego, Metropolity Pozna\u0144skiego. O godzinie 18.00 w katedrze Ksi\u0105dz Arcybiskup b\u0119dzie przewodniczy\u0142 uroczystej Eucharystii. Zach\u0119camy do udzia\u0142u wszystkich Parafian. Pro\u015bmy Boga w modlitwie o si\u0142y, b\u0142ogos\u0142awie\u0144stwo i \u0142ask\u0119 zdrowia dla naszego Pasterza.<\/p>\n<p>2. W czwartek, o godz. 16.00, spotkanie dla dzieci pierwszokomunijnych w salce parafialnej. Dzieci przynosz\u0105 ksi\u0105\u017ceczk\u0119 do nabo\u017ce\u0144stwa.<\/p>\n<p>3. Msza \u015bw. o uzdrowienie duszy i cia\u0142a oraz w intencji maturzyst\u00f3w w czwartek o godz. 19.15.<\/p>\n<p>4. W pi\u0105tek 19 dzie\u0144 miesi\u0105ca, dzie\u0144 salety\u0144ski w naszej parafii: r\u00f3\u017caniec salety\u0144ski o godz. 17.30, msza \u015bw. o godz. 18.00 i procesja do figury Matki Bo\u017cej z La Salette. T\u0105 modlitw\u0105, za przyczyn\u0105 Matki Bo\u017cej, wynagradzamy Panu Bogu grzechy niewiary, opuszczone lekkomy\u015blnie msze \u015bw. niedzielne i przekle\u0144stwa.<\/p>\n<p>5. Spotkanie m\u0142odzie\u017cy w salce parafialnej w pi\u0105tek o godz. 19.15.<\/p>\n<p>6. Katedralna Og\u00f3lnokszta\u0142c\u0105ca Szko\u0142a Muzyczna I st. prowadzi zapisy do I klasy. Jest to publiczna, o\u015bmioletnia szko\u0142a podstawowa z przedmiotami og\u00f3lnokszta\u0142c\u0105cymi i muzycznymi. Szko\u0142a przyjmuje dziewczynki i ch\u0142opc\u00f3w posiadaj\u0105cych predyspozycje do kszta\u0142cenia muzycznego. Program wychowawczy oparty jest na warto\u015bciach chrze\u015bcija\u0144skich. Szczeg\u00f3\u0142owe informacje mo\u017cna uzyska\u0107 drog\u0105 mailow\u0105, telefonicznie lub osobi\u015bcie w sekretariacie szko\u0142y, przy ulicy Filipi\u0144skiej 4. tel: 61 877 33 95, e-mail: dyrektor@szkolakatedralna.pl<\/p>\n<p>7. Od IV Niedzieli Wielkanocnej, 21 kwietnia br., zwanej \u201eNiedziel\u0105 Dobrego Pasterza\u201d prze\u017cywa\u0107 b\u0119dziemy \u015awiatowy Tydzie\u0144 Modlitw o Powo\u0142ania. Za przyczyn\u0105 Kr\u00f3lowej Aposto\u0142\u00f3w chcemy prosi\u0107 Pana Jezusa o nowe, \u015bwi\u0119te powo\u0142ania do kap\u0142a\u0144stwa i \u017cycia konsekrowanego. W przysz\u0142\u0105 niedziel\u0119, przed ko\u015bcio\u0142em, mo\u017cliwo\u015b\u0107 z\u0142o\u017cenia ofiary na nasze Seminarium Duchowne.<\/p>\n<p>8. B\u00f3g zap\u0142a\u0107 Paniom i Panom za sprawne rozebranie wielkanocnego wystroju ko\u015bcio\u0142a. B\u00f3g zap\u0142a\u0107 za ofiary na danin\u0119 diecezjaln\u0105 i za ofiary z\u0142o\u017cone na CARITAS w Niedziel\u0119 Mi\u0142osierdzia.<\/p>\n<p>9. Zach\u0119camy do czytania prasy katolickiej. Przy zakrystii: Przewodnik Katolicki Go\u015b\u0107 Niedzielny, Ma\u0142y Przewodnik Katolicki, Ziarno, ksi\u0105\u017ceczka na maj pt. 31 dni z Maryj\u0105, gazeta parafialna.<\/p>\n<p>10. M\u00f3dlmy si\u0119 za zmar\u0142ych Parafia. Za dusz\u0119 \u015bp. Hieronima Kordzi\u0144skiego, os. Lecha 110. Pogrzeb odby\u0142 si\u0119 19 marca w Parafii \u015bw. Antoniego na Staro\u0142\u0119ce i dusz\u0119 \u015bp. Zofii Brzozowskiej, os. Lecha 47 (msza \u015bw. pogrzebowa w \u015brod\u0119 o godz. 9.00). Wieczny odpoczynek racz zmar\u0142ym da\u0107 Panie.<\/p>\n<p style=\"text-align: right;\">&nbsp;<\/p>\n<p>&nbsp;<\/p>\n<p>&nbsp;<\/p>\n<p>&nbsp;<\/p>\n<p>&nbsp;<\/p>\n<p>&nbsp;<\/p>\n<p>&nbsp;<\/p>\n<p>&nbsp;<\/p>\n<p>&nbsp;<\/p>\n<p>&nbsp;<\/p>\n<p>&nbsp;<\/p>\n<p>&nbsp;<\/p>\n<p>&nbsp;<\/p>\n<p>&nbsp;<\/p>\n<p>&nbsp;<\/p>\n<p>&nbsp;<\/p>\n<p>&nbsp;<\/p>\n<p>&nbsp;<\/p>\n","protected":false},"excerpt":{"rendered":"<p>OG\u0141OSZENIA DUSZPASTERSKIE NIEDZIELA III WIELKANOCNA &nbsp;14 kwietnia 2024 r. 1. Dnia 20 kwietnia (sobota) 2024 roku przypada 22. rocznica ingresu do katedry pozna\u0144skiej Ksi\u0119dza Arcybiskupa Stanis\u0142awa G\u0105deckiego, Metropolity Pozna\u0144skiego. O godzinie 18.00 w katedrze Ksi\u0105dz Arcybiskup b\u0119dzie przewodniczy\u0142 uroczystej Eucharystii. Zach\u0119camy do udzia\u0142u wszystkich Parafian. Pro\u015bmy Boga w modlitwie o si\u0142y, b\u0142ogos\u0142awie\u0144stwo i \u0142ask\u0119 zdrowia &#8230; <span class=\"more\"><a class=\"more-link\" href=\"https:\/\/www.chnk.pl\/?p=4038\">czytaj wi\u0119cej<\/a><\/span><\/p>\n","protected":false},"author":3,"featured_media":0,"comment_status":"open","ping_status":"open","sticky":false,"template":"","format":"standard","meta":{"ngg_post_thumbnail":0,"footnotes":""},"categories":[1],"tags":[],"_links":{"self":[{"href":"https:\/\/www.chnk.pl\/index.php?rest_route=\/wp\/v2\/posts\/4038"}],"collection":[{"href":"https:\/\/www.chnk.pl\/index.php?rest_route=\/wp\/v2\/posts"}],"about":[{"href":"https:\/\/www.chnk.pl\/index.php?rest_route=\/wp\/v2\/types\/post"}],"author":[{"embeddable":true,"href":"https:\/\/www.chnk.pl\/index.php?rest_route=\/wp\/v2\/users\/3"}],"replies":[{"embeddable":true,"href":"https:\/\/www.chnk.pl\/index.php?rest_route=%2Fwp%2Fv2%2Fcomments&post=4038"}],"version-history":[{"count":1,"href":"https:\/\/www.chnk.pl\/index.php?rest_route=\/wp\/v2\/posts\/4038\/revisions"}],"predecessor-version":[{"id":4039,"href":"https:\/\/www.chnk.pl\/index.php?rest_route=\/wp\/v2\/posts\/4038\/revisions\/4039"}],"wp:attachment":[{"href":"https:\/\/www.chnk.pl\/index.php?rest_route=%2Fwp%2Fv2%2Fmedia&parent=4038"}],"wp:term":[{"taxonomy":"category","embeddable":true,"href":"https:\/\/www.chnk.pl\/index.php?rest_route=%2Fwp%2Fv2%2Fcategories&post=4038"},{"taxonomy":"post_tag","embeddable":true,"href":"https:\/\/www.chnk.pl\/index.php?rest_route=%2Fwp%2Fv2%2Ftags&post=4038"}],"curies":[{"name":"wp","href":"https:\/\/api.w.org\/{rel}","templated":true}]}}