{"id":4031,"date":"2024-03-30T15:56:32","date_gmt":"2024-03-30T15:56:32","guid":{"rendered":"https:\/\/www.chnk.pl\/?p=4031"},"modified":"2024-03-30T15:56:32","modified_gmt":"2024-03-30T15:56:32","slug":"niedziela-wielkanocna-7","status":"publish","type":"post","link":"https:\/\/www.chnk.pl\/?p=4031","title":{"rendered":"Niedziela Wielkanocna"},"content":{"rendered":"<p>Szanowni Parafianie i Go\u015bcie! Chrystus Zmartwychwsta\u0142y leczy zranione ludzkie serca i zmienia gorycz \u017cycia w rado\u015b\u0107 pojednania z Bogiem i lud\u017ami. Niech czas wielkanocny b\u0119dzie dla ka\u017cdego do\u015bwiadczeniem niesko\u0144czonego Mi\u0142osierdzia Bo\u017cego i niech rozpali mi\u0142o\u015b\u0107 w naszych sercach. Oby pami\u0119\u0107 na Zmartwychwsta\u0142ego gromadzi\u0142a nas licznie na mszy \u015bw. niedzielnej. \u017byczymy pe\u0142nych rado\u015bci i pokoju \u015awi\u0105t Wielkiej Nocy ! Wszystkim Szcz\u0119\u015b\u0107 Bo\u017ce!<\/p>\n<p>&nbsp; &nbsp; &nbsp; &nbsp; &nbsp; &nbsp; &nbsp; &nbsp; &nbsp; &nbsp; &nbsp; &nbsp; &nbsp; &nbsp; &nbsp; &nbsp;OG\u0141OSZENIA DUSZPASTERSKIE<\/p>\n<p>&nbsp; &nbsp; &nbsp; &nbsp; &nbsp; &nbsp; &nbsp; &nbsp; &nbsp; &nbsp; &nbsp; &nbsp; &nbsp; &nbsp; &nbsp; &nbsp; &nbsp; &nbsp; &nbsp; &nbsp; &nbsp; &nbsp; &nbsp; &nbsp; &nbsp; &nbsp; &nbsp; &nbsp; &nbsp; &nbsp; &nbsp; &nbsp; &nbsp; &nbsp; &nbsp; &nbsp; &nbsp; &nbsp; &nbsp; &nbsp; &nbsp; &nbsp; &nbsp; &nbsp; &nbsp;NIEDZIELA WIELKANOCNA<\/p>\n<p>&nbsp; &nbsp; &nbsp; &nbsp; &nbsp; &nbsp; &nbsp; &nbsp; &nbsp; &nbsp; &nbsp; &nbsp; &nbsp; &nbsp; &nbsp; &nbsp; &nbsp; &nbsp; &nbsp; &nbsp; &nbsp; &nbsp; &nbsp; &nbsp; &nbsp; &nbsp; &nbsp; &nbsp; &nbsp; &nbsp; &nbsp; &nbsp; &nbsp; &nbsp; &nbsp; &nbsp; &nbsp; &nbsp; &nbsp; &nbsp; &nbsp; &nbsp; &nbsp; &nbsp; &nbsp; &nbsp; &nbsp; &nbsp; &nbsp; &nbsp; 31 marca 2024 r.<\/p>\n<p>1. W drugie \u015bwi\u0119to Wielkanocy porz\u0105dek odprawiania mszy \u015bw. jak w niedziel\u0119.<\/p>\n<p>2. Nowenna do Mi\u0142osierdzia Bo\u017cego od II \u015awi\u0119ta do pi\u0105tku o godz. 17.30.<\/p>\n<p>3. Katecheza dla dzieci przygotowuj\u0105cych si\u0119 do I spowiedzi i komunii \u015bw. w czwartek, o godz.15.45 i 16.45 wed\u0142ug ustalonych grup, koniecznie z ksi\u0105\u017ceczkami do nabo\u017ce\u0144stwa.<\/p>\n<p>4. W tym tygodniu: I czwartek, I pi\u0105tek i I sobota miesi\u0105ca. Adoracja Naj\u015bwi\u0119tszego Sakramentu w czwartek od godz. 17.00 w intencji poszanowania \u017cycia ludzkiego i po wieczornej mszy \u015bw. do godz. 21.00 w intencji powo\u0142a\u0144 kap\u0142a\u0144skich i zakonnych. Miesi\u0119czna spowied\u017a \u015bw. dla dzieci i m\u0142odzie\u017cy w pi\u0105tek od godz. 15.00, komunia \u015bw. pierwszopi\u0105tkowa o godz. 16.30. R\u00f3\u017caniec i nabo\u017ce\u0144stwo fatimskie w sobot\u0119 o godz. 7.15. Zach\u0119camy do podj\u0119cia nabo\u017ce\u0144stwa pierwszych sob\u00f3t miesi\u0105ca o kt\u00f3re prosi\u0142a Matka Bo\u017ca w Fatimie. W pi\u0105tek i sobot\u0119 odwiedziny chorych z sakramentami \u015bw. wed\u0142ug sta\u0142ego planu.<\/p>\n<p>5. W pi\u0105tek po Wielkanocy nie obowi\u0105zuje wstrzemi\u0119\u017aliwo\u015b\u0107 od pokarm\u00f3w mi\u0119snych.<\/p>\n<p>6. W sobot\u0119 o godz. 20.00 procesja \u015bwiat\u0142a \u2013 nabo\u017ce\u0144stwo upami\u0119tniaj\u0105ce spotkanie zmartwychwsta\u0142ego Jezusa z uczniami.<\/p>\n<p>7. W przysz\u0142a niedziel\u0119, Niedziel\u0119 Mi\u0142osierdzia Bo\u017cego, rozpoczniemy Tydzie\u0144 Mi\u0142osierdzia; przed ko\u015bcio\u0142em mo\u017cliwo\u015b\u0107 z\u0142o\u017cenia ofiary na CARITAS.<\/p>\n<p>8. Duchowa Adopcja Dziecka Nienarodzonego to modlitewna obrona dzieci nienarodzonych, kt\u00f3rych \u017cycie jest zagro\u017cone z powodu braku mi\u0142o\u015bci. Podj\u0119cie modlitwy w intencji ich ocalenia mo\u017cna zadeklarowa\u0107 w tygodniu po mszy \u015bw. i w niedziel\u0119 przed msz\u0105 \u015bw. o godz. 9.30. Uroczyste podj\u0119cie Duchowej Adopcji w niedziel\u0119 7 kwietnia na mszy \u015bw. o godz. 9.30.<\/p>\n<p>9. Serdeczne podzi\u0119kowanie wszystkim Parafianom, kt\u00f3rzy przyczynili si\u0119 do przygotowania ko\u015bcio\u0142a i otoczenia na dzisiejsz\u0105 Uroczysto\u015b\u0107. Podzi\u0119kowanie za przygotowanie liturgii: ministrantom seniorom, juniorom, lektorom i paniom pe\u0142ni\u0105cym pos\u0142ug\u0119 kantor\u00f3w. Podzi\u0119kowanie Panom za ofiarn\u0105 pos\u0142ug\u0119 w zakrystii. Podzi\u0119kowanie scholi pi\u0119knie ubogacaj\u0105cej liturgi\u0119. B\u00f3g zap\u0142a\u0107 za przygotowan\u0105 liturgi\u0119 wielkotygodniow\u0105. Podzi\u0119kowanie Paniom i Panom sprz\u0105taj\u0105cym ko\u015bci\u00f3\u0142 i otoczenie. Podzi\u0119kowania dla Pa\u0144 i Pan\u00f3w dozorc\u00f3w pracuj\u0105cych na osiedlu. Uszanujmy ich prac\u0119. Szczere podzi\u0119kowania Parafianom za udzia\u0142 w nabo\u017ce\u0144stwach wielkotygodniowych i \u017cyczenia w Wielki Czwartek, w dniu ustanowienia sakramentu kap\u0142a\u0144stwa.<\/p>\n<p>10. B\u00f3g zap\u0142a\u0107 za ofiary na utrzymanie naszego ko\u015bcio\u0142a, na danin\u0119 diecezjaln\u0105 i kwiaty do Grobu Pa\u0144skiego. Parafian, kt\u00f3rzy od wiosny zamieszkuj\u0105 na dzia\u0142ce prosimy, aby zechcieli danin\u0119 diecezjaln\u0105 z\u0142o\u017cy\u0107 przed rozpocz\u0119ciem sezonu.<\/p>\n<p>&nbsp;<\/p>\n<p>&nbsp;<\/p>\n<p>&nbsp;<\/p>\n<p>&nbsp;<\/p>\n<p>&nbsp;<\/p>\n<p>&nbsp;<\/p>\n<p>&nbsp;<\/p>\n<p>&nbsp;<\/p>\n<p>&nbsp;<\/p>\n<p>&nbsp;<\/p>\n<p>&nbsp;<\/p>\n<p>&nbsp;<\/p>\n<p>&nbsp;<\/p>\n<p>&nbsp;<\/p>\n<p>&nbsp;<\/p>\n","protected":false},"excerpt":{"rendered":"<p>Szanowni Parafianie i Go\u015bcie! Chrystus Zmartwychwsta\u0142y leczy zranione ludzkie serca i zmienia gorycz \u017cycia w rado\u015b\u0107 pojednania z Bogiem i lud\u017ami. Niech czas wielkanocny b\u0119dzie dla ka\u017cdego do\u015bwiadczeniem niesko\u0144czonego Mi\u0142osierdzia Bo\u017cego i niech rozpali mi\u0142o\u015b\u0107 w naszych sercach. Oby pami\u0119\u0107 na Zmartwychwsta\u0142ego gromadzi\u0142a nas licznie na mszy \u015bw. niedzielnej. \u017byczymy pe\u0142nych rado\u015bci i pokoju \u015awi\u0105t &#8230; <span class=\"more\"><a class=\"more-link\" href=\"https:\/\/www.chnk.pl\/?p=4031\">czytaj wi\u0119cej<\/a><\/span><\/p>\n","protected":false},"author":3,"featured_media":0,"comment_status":"open","ping_status":"open","sticky":false,"template":"","format":"standard","meta":{"ngg_post_thumbnail":0,"footnotes":""},"categories":[1],"tags":[],"_links":{"self":[{"href":"https:\/\/www.chnk.pl\/index.php?rest_route=\/wp\/v2\/posts\/4031"}],"collection":[{"href":"https:\/\/www.chnk.pl\/index.php?rest_route=\/wp\/v2\/posts"}],"about":[{"href":"https:\/\/www.chnk.pl\/index.php?rest_route=\/wp\/v2\/types\/post"}],"author":[{"embeddable":true,"href":"https:\/\/www.chnk.pl\/index.php?rest_route=\/wp\/v2\/users\/3"}],"replies":[{"embeddable":true,"href":"https:\/\/www.chnk.pl\/index.php?rest_route=%2Fwp%2Fv2%2Fcomments&post=4031"}],"version-history":[{"count":1,"href":"https:\/\/www.chnk.pl\/index.php?rest_route=\/wp\/v2\/posts\/4031\/revisions"}],"predecessor-version":[{"id":4032,"href":"https:\/\/www.chnk.pl\/index.php?rest_route=\/wp\/v2\/posts\/4031\/revisions\/4032"}],"wp:attachment":[{"href":"https:\/\/www.chnk.pl\/index.php?rest_route=%2Fwp%2Fv2%2Fmedia&parent=4031"}],"wp:term":[{"taxonomy":"category","embeddable":true,"href":"https:\/\/www.chnk.pl\/index.php?rest_route=%2Fwp%2Fv2%2Fcategories&post=4031"},{"taxonomy":"post_tag","embeddable":true,"href":"https:\/\/www.chnk.pl\/index.php?rest_route=%2Fwp%2Fv2%2Ftags&post=4031"}],"curies":[{"name":"wp","href":"https:\/\/api.w.org\/{rel}","templated":true}]}}