{"id":4020,"date":"2024-03-16T16:22:00","date_gmt":"2024-03-16T16:22:00","guid":{"rendered":"https:\/\/www.chnk.pl\/?p=4020"},"modified":"2024-03-16T16:22:00","modified_gmt":"2024-03-16T16:22:00","slug":"5-niedziela-wielkiego-postu-6","status":"publish","type":"post","link":"https:\/\/www.chnk.pl\/?p=4020","title":{"rendered":"5 Niedziela Wielkiego Postu"},"content":{"rendered":"<p><strong>&nbsp;<\/strong><\/p>\n<p><strong>&nbsp;<\/strong><\/p>\n<p><strong>&nbsp;OG\u0141OSZENIA DUSZPASTERSKIE<\/strong><\/p>\n<p><strong>NIEDZIELA V WIELKIEGO POSTU<\/strong><\/p>\n<p><strong>17 marca 2024 <\/strong><strong>r.<\/strong><\/p>\n<ol>\n<li>W poniedzia\u0142ek, wtorek i \u015brod\u0119 odb\u0119d\u0105 si\u0119 spotkania rekolekcyjne w ko\u015bciele dla uczni\u00f3w Szko\u0142y Podstawowej, w godzinach od 8.50 do 14.00. W czasie trwania nauk prosimy nie wchodzi\u0107 do ko\u015bcio\u0142a, aby u\u0142atwi\u0107 im skupienie.<\/li>\n<li>W poniedzia\u0142ek na godz. 19.20 zapraszamy Pan\u00f3w do pomocy w przygotowaniu ciemnicy.<\/li>\n<li><strong>3<\/strong><strong>. <\/strong>Procesja salety\u0144ska we wtorek po mszy \u015bw. o godz. 8.00.<\/li>\n<li>Coroczna adoracja Naj\u015bwi\u0119tszego Sakramentu w naszej Parafii odbywa si\u0119 zawsze w Uroczysto\u015b\u0107 \u015bw. J\u00f3zefa. Rozpoczniemy j\u0105 we wtorek o godz. 14.15 i potrwa do godz. 20.00. Proponujemy aby o godz. 14.15 rozpocz\u0119li j\u0105 Parafianie z blok\u00f3w 15 do 20, o godz. 15.00 Parafianie z blok\u00f3w 122 do 129, o godz. 16.00 z blok\u00f3w 39, 40, 42, o godz. 17.00 \u017bywy R\u00f3\u017caniec, Parafianie z blok\u00f3w czteropi\u0119trowych, od godz. 19.00 do 20.00. Plan ad\u00adoracji nale\u017cy traktowa\u0107 ramowo. Nie mo\u017cna zlekcewa\u017cy\u0107 dnia uroczystej czci oddawanej Panu Jezusowi w Naj\u015bwi\u0119tszym Sakramencie. Plan adoracji na tablicy og\u0142osze\u0144.<\/li>\n<li>M\u0142odzie\u017c przygotowuj\u0105c\u0105 si\u0119 do bierzmowania zapraszamy w \u015brod\u0119 na godz. 19:30 do ko\u015bcio\u0142a na wiecz\u00f3r modlitwy z okazj\u0105 do spowiedzi \u015bw.<\/li>\n<li>DROGA KRZY\u017bOWA w pi\u0105tek: dla dzieci godz. 16.30, dla doros\u0142ych: po porannej mszy \u015bw. i o godz. 17.30, ulicami osiedla o godz. 19.00 ( w tym tygodniu od wej\u015bcia nr 20, przynosimy ze sob\u0105 \u015bwiece lub znicze). GORZKIE \u017bALE w niedziele wielkopostne o godz. 15.30.<\/li>\n<li>Prosimy zg\u0142asza\u0107 starszych parafian do komunii \u015bw. wielkanocnej, na sobot\u0119 przed Niedziel\u0105 Palmow\u0105.<\/li>\n<li>M\u0142odzie\u017c przygotowuj\u0105c\u0105 si\u0119 do bierzmowania zapraszamy w \u015brod\u0119 na godz. 19:30 do ko\u015bcio\u0142a na wiecz\u00f3r modlitwy z okazj\u0105 do spowiedzi \u015bw.<\/li>\n<li>W tym tygodniu okazja do spowiedzi \u015bw. p\u00f3\u0142 godziny przed ka\u017cd\u0105 msz\u0105 \u015bw. oraz we wtorek od godz. 17.00 do 18.00, w pi\u0105tek od godz. 16.30 do godz. 18.00 i w sobot\u0119 od godz. 16.00 do godz.18.00.<\/li>\n<li>W przysz\u0142\u0105 niedziel\u0119 zapraszamy m\u0142odzie\u017c i dzieci z rodzicami na procesj\u0119&nbsp; z palmami wok\u00f3\u0142 ko\u015bcio\u0142a. Rozpoczniemy 15 minut wcze\u015bniej, o godz. 11.00 przy krzy\u017cu misyjnym, przy ko\u015bciele. Zapraszamy m\u0142odzie\u017c i dzieci z przygotowanymi przez siebie palmami na procesj\u0119 upami\u0119tniaj\u0105c\u0105 wjazd Pana Jezusa do Jerozolimy.<\/li>\n<li>Ch\u00f3r i Orkiestra Jordan oraz Sanktuarium Bo\u017cego Cia\u0142a w Poznaniu zaprasza do Wsp\u00f3lnego prze\u017cywania Niedzieli Palmowej. Msza \u015bw. o godz. 18.00, a oko\u0142o godziny 19:00 koncert pasyjny \u201cStabat Mater\u201d. Polecamy zw\u0142aszcza m\u0142odzie\u017cy.<\/li>\n<li>W Niedziel\u0119 Palmow\u0105, przed ko\u015bcio\u0142em mo\u017cliwo\u015b\u0107 z\u0142o\u017cenia ofiary na kwiaty do Grobu Pa\u0144skiego. Palmy na Niedziel\u0119 Palmow\u0105 prosimy przygotowa\u0107 we w\u0142asnym zakresie.<\/li>\n<li><strong>12<\/strong><strong>.<\/strong> B\u00f3g zap\u0142a\u0107 za ofiary na danin\u0119 diecezjaln\u0105.<\/li>\n<li>Przy zakrystii: Przewodnik Katolicki, Go\u015b\u0107 Niedzielny, Go\u015b\u0107 Niedzielny Extra, Ziarno, karty \u015bwi\u0105teczne z religijnymi motywami Wielkanocy, koperty na danin\u0119 diecezjaln\u0105 i ostatnie paschaliki na st\u00f3\u0142 wielkanocny.<\/li>\n<li>Archidiecezja Pozna\u0144ska organizuje kolejn\u0105 Archidiecezjaln\u0105 pielgrzymk\u0119 do Lourdes, w dniach od&nbsp;1 do 8 lipca 2024&nbsp;roku. Szczeg\u00f3\u0142y w Biurze Parafialnym i na stronie Archidiecezji.<\/li>\n<li>M\u00f3dlmy si\u0119 za zmar\u0142ych Parafian. Za dusz\u0119 \u015bp. Jaros\u0142awa P\u00f3\u0142toraka, os. Lecha 63. Wieczny odpoczynek racz zmar\u0142ym da\u0107 Panie.<\/li>\n<\/ol>\n<p>&nbsp;&nbsp;&nbsp;&nbsp;&nbsp;&nbsp;&nbsp;&nbsp;&nbsp;&nbsp;&nbsp;&nbsp;&nbsp;&nbsp;&nbsp;&nbsp;&nbsp;&nbsp;&nbsp;&nbsp;&nbsp;&nbsp;&nbsp;&nbsp;&nbsp;&nbsp;<\/p>\n<p>&nbsp;&nbsp;&nbsp;&nbsp;&nbsp;&nbsp;&nbsp;&nbsp;&nbsp;&nbsp;&nbsp;&nbsp;&nbsp;&nbsp;&nbsp;<\/p>\n<p><strong><em>&nbsp;<\/em><\/strong><\/p>\n<p>&nbsp;&nbsp;&nbsp;&nbsp;&nbsp;&nbsp;&nbsp;&nbsp;&nbsp;&nbsp;&nbsp;&nbsp;&nbsp;&nbsp;&nbsp;&nbsp;&nbsp;&nbsp;&nbsp;&nbsp;&nbsp;&nbsp;&nbsp;&nbsp;<\/p>\n<p><strong><em>&nbsp;<\/em><\/strong><\/p>\n<p><strong><em>&nbsp;<\/em><\/strong><\/p>\n<p><strong><em>&nbsp;<\/em><\/strong><\/p>\n<p><strong><em>&nbsp;<\/em><\/strong><\/p>\n<p><strong><em>&nbsp;<\/em><\/strong><\/p>\n<p>&nbsp;&nbsp;&nbsp;&nbsp;&nbsp;&nbsp;&nbsp;&nbsp;&nbsp;&nbsp;&nbsp;&nbsp;&nbsp;&nbsp;&nbsp;&nbsp;&nbsp;&nbsp;&nbsp; UROCZYSTO\u015a\u0106 \u015aW. J\u00d3ZEFA<\/p>\n<p><strong><em>&nbsp;<\/em><\/strong><\/p>\n<p>&nbsp;COROCZNA ADORACJE NAJ\u015aWI\u0118TSZEGO SAKRAMENTU<\/p>\n<p><strong><em>&nbsp;<\/em><\/strong><\/p>\n<p>&nbsp;&nbsp;&nbsp; Rozpoczniemy j\u0105 o godz. 14.15 i potrwa do godz. 20.00.<\/p>\n<p><strong><em>&nbsp;<\/em><\/strong><\/p>\n<p>&nbsp;&nbsp; Godz. 14.15 Parafianie z blok\u00f3w 15 do 20,<\/p>\n<p>&nbsp;<\/p>\n<p>&nbsp;&nbsp; Godz. 15.00. Parafianie z blok\u00f3w 122 do 129,<\/p>\n<p><strong><em>&nbsp;<\/em><\/strong><\/p>\n<p>&nbsp;&nbsp; Godz. 16.00 Parafianie z blok\u00f3w 39, 40, 42,<\/p>\n<p>&nbsp;<\/p>\n<p>&nbsp;&nbsp; Godz. 17.00 \u017bywy R\u00f3\u017caniec<\/p>\n<p>&nbsp;<\/p>\n<p>&nbsp; Godz. 19.00 do 20.00 Parafianie z blok\u00f3w czteropi\u0119trowych<\/p>\n<p><strong><em>&nbsp;<\/em><\/strong><\/p>\n<p><strong><em>&nbsp;<\/em><\/strong><\/p>\n<p>Plan ad\u00adoracji nale\u017cy traktowa\u0107 ramowo. Nie mo\u017cna zlekcewa\u017cy\u0107&nbsp; dnia uroczystej czci oddawanej Panu Jezusowi w Naj\u015bwi\u0119tszym Sakramencie.<\/p>\n<p><strong><em>&nbsp;<\/em><\/strong><\/p>\n<p>&nbsp;<\/p>\n<p><strong>&nbsp;<\/strong><\/p>\n<p><strong>&nbsp;<\/strong><\/p>\n","protected":false},"excerpt":{"rendered":"<p>&nbsp; &nbsp; &nbsp;OG\u0141OSZENIA DUSZPASTERSKIE NIEDZIELA V WIELKIEGO POSTU 17 marca 2024 r. W poniedzia\u0142ek, wtorek i \u015brod\u0119 odb\u0119d\u0105 si\u0119 spotkania rekolekcyjne w ko\u015bciele dla uczni\u00f3w Szko\u0142y Podstawowej, w godzinach od 8.50 do 14.00. W czasie trwania nauk prosimy nie wchodzi\u0107 do ko\u015bcio\u0142a, aby u\u0142atwi\u0107 im skupienie. W poniedzia\u0142ek na godz. 19.20 zapraszamy Pan\u00f3w do pomocy &#8230; <span class=\"more\"><a class=\"more-link\" href=\"https:\/\/www.chnk.pl\/?p=4020\">czytaj wi\u0119cej<\/a><\/span><\/p>\n","protected":false},"author":3,"featured_media":0,"comment_status":"open","ping_status":"open","sticky":false,"template":"","format":"standard","meta":{"ngg_post_thumbnail":0,"footnotes":""},"categories":[1],"tags":[],"_links":{"self":[{"href":"https:\/\/www.chnk.pl\/index.php?rest_route=\/wp\/v2\/posts\/4020"}],"collection":[{"href":"https:\/\/www.chnk.pl\/index.php?rest_route=\/wp\/v2\/posts"}],"about":[{"href":"https:\/\/www.chnk.pl\/index.php?rest_route=\/wp\/v2\/types\/post"}],"author":[{"embeddable":true,"href":"https:\/\/www.chnk.pl\/index.php?rest_route=\/wp\/v2\/users\/3"}],"replies":[{"embeddable":true,"href":"https:\/\/www.chnk.pl\/index.php?rest_route=%2Fwp%2Fv2%2Fcomments&post=4020"}],"version-history":[{"count":1,"href":"https:\/\/www.chnk.pl\/index.php?rest_route=\/wp\/v2\/posts\/4020\/revisions"}],"predecessor-version":[{"id":4021,"href":"https:\/\/www.chnk.pl\/index.php?rest_route=\/wp\/v2\/posts\/4020\/revisions\/4021"}],"wp:attachment":[{"href":"https:\/\/www.chnk.pl\/index.php?rest_route=%2Fwp%2Fv2%2Fmedia&parent=4020"}],"wp:term":[{"taxonomy":"category","embeddable":true,"href":"https:\/\/www.chnk.pl\/index.php?rest_route=%2Fwp%2Fv2%2Fcategories&post=4020"},{"taxonomy":"post_tag","embeddable":true,"href":"https:\/\/www.chnk.pl\/index.php?rest_route=%2Fwp%2Fv2%2Ftags&post=4020"}],"curies":[{"name":"wp","href":"https:\/\/api.w.org\/{rel}","templated":true}]}}