{"id":4016,"date":"2024-03-09T17:41:12","date_gmt":"2024-03-09T17:41:12","guid":{"rendered":"https:\/\/www.chnk.pl\/?p=4016"},"modified":"2024-03-09T17:41:12","modified_gmt":"2024-03-09T17:41:12","slug":"4-niedziela-wielkiego-postu-5","status":"publish","type":"post","link":"https:\/\/www.chnk.pl\/?p=4016","title":{"rendered":"4 Niedziela Wielkiego Postu"},"content":{"rendered":"<p><strong>&nbsp;<\/strong><\/p>\n<p><strong>OG\u0141OSZENIA DUSZPASTERSKIE<\/strong><\/p>\n<p><strong>NIEDZIELA IV WIELKIEGO POSTU<\/strong><\/p>\n<p><strong>10 marca 2024 r.<\/strong><\/p>\n<ol>\n<li>Duchowa Adopcja Dziecka Nienarodzonego to modlitewna obrona dzieci nienarodzonych, kt\u00f3rych \u017cycie jest zagro\u017cone z powodu braku mi\u0142o\u015bci. Podj\u0119cie modlitwy w intencji ich ocalenia mo\u017cna zadeklarowa\u0107 w tygodniu po mszy \u015bw. i w niedziel\u0119 przed msz\u0105 \u015bw. o godz. 9.30. Uroczyste podj\u0119cie Duchowej Adopcji w niedziel\u0119 7 kwietnia na mszy \u015bw. o godz. 9.30. Ponad to odpowiadaj\u0105c na Apel Ks. Arcybiskupa Stanis\u0142awa G\u0105deckiego, w sobot\u0119, 16 marca rozpoczniemy nowenn\u0119 przed Dniem \u015awi\u0119to\u015bci \u017bycia, kt\u00f3ry przypada 25 marca. Modli\u0107 si\u0119 b\u0119dziemy w intencji Ojczyzny, zgody narodowej i poszanowania \u017cycia ludzkiego. Zaproszenie i pomoc do modlitwy nowennowej wy\u0142o\u017cone s\u0105 pod ch\u00f3rem i przy stoliku z pras\u0105.<\/li>\n<\/ol>\n<p>&nbsp;<\/p>\n<ol start=\"2\">\n<li>Spotkanie dzieci pierwszokomunijnych, przygotowuj\u0105ce do spowiedzi \u015bw. odb\u0119dzie si\u0119 w czwartek, 14 marca o godz. 15.45 i 16.45 w salce parafialnej wed\u0142ug ustalonych grup. Dzieci konicznie przynosz\u0105 ksi\u0105\u017ceczk\u0119 do nabo\u017ce\u0144stwa.<\/li>\n<\/ol>\n<p>&nbsp;<\/p>\n<ol start=\"3\">\n<li>DROGA KRZY\u017bOWA w pi\u0105tki Wielkiego Postu: dla dzieci godz. 16.30, dla doros\u0142ych: po porannej mszy \u015bw. i o godz. 17.30, ulicami osiedla o godz. 19.00 ( w tym tygodniu od wej\u015bcia nr 119, przynosimy ze sob\u0105 \u015bwiece lub znicze).<\/li>\n<\/ol>\n<p>&nbsp;<\/p>\n<ol start=\"4\">\n<li>GORZKIE \u017bALE w niedziel\u0119 o godz. 15.30.<\/li>\n<\/ol>\n<p>&nbsp;<\/p>\n<ol start=\"5\">\n<li>M\u0119ska Doga Krzy\u017cowa ulicami Ostrowa Tumskiego w pi\u0105tek, 15 marca o godz. 19.30. Pocz\u0105tek przy gmachu Seminarium Duchownego.<\/li>\n<\/ol>\n<p>&nbsp;<\/p>\n<ol start=\"6\">\n<li>Spotkanie dla m\u0142odzie\u017cy w pi\u0105tek o godz. 19.15 w salce parafialnej.<\/li>\n<\/ol>\n<p>&nbsp;<\/p>\n<ol start=\"7\">\n<li>Spotkanie ministrant\u00f3w w sobot\u0119 o godz. 10.30.<\/li>\n<\/ol>\n<p>&nbsp;<\/p>\n<ol start=\"8\">\n<li>Trwa rekrutacja do Publicznej Szko\u0142y Podstawowej im. b\u0142. Natalii Tu\u0142asiewicz i Publicznego Liceum Og\u00f3lnokszta\u0142c\u0105cego KSW im. kard. Augusta Hlonda, przy ul. Mi\u0144skiej 32 w Poznaniu. Zapraszamy na Dzie\u0144 Drzwi Otwartych 15 marca o godz. 17.00 Tel. kontaktowy 505 659 199 (na tablicy og\u0142osze\u0144)<\/li>\n<\/ol>\n<p>&nbsp;<\/p>\n<ol start=\"9\">\n<li>Ch\u00f3r i Orkiestra Jordan we wsp\u00f3\u0142pracy z Archidiecezj\u0105 Pozna\u0144sk\u0105 oraz Sanktuarium Bo\u017cego Cia\u0142a w Poznaniu serdecznie zaprasza do Wsp\u00f3lnego prze\u017cywania Niedzieli Palmowej. 24 marca 2024 roku, Ch\u00f3r i Orkiestra JORDAN b\u0119dzie s\u0142u\u017cy\u0142 muzycznie podczas Eucharystii w Sanktuarium Bo\u017cego Cia\u0142a w Poznaniu o godzinie 18:00. Nast\u0119pnie oko\u0142o godziny 19:00 w ramach koncertu pasyjnego wykona dzie\u0142o \u201cStabat Mater\u201d.<\/li>\n<\/ol>\n<p>&nbsp;<\/p>\n<ol start=\"10\">\n<li>Archidiecezja Pozna\u0144ska organizuje kolejn\u0105 Archidiecezjaln\u0105 Pielgrzymk\u0119, tym razem do Libanu do \u015bw. Charbela, w dniach od 16&nbsp;do&nbsp;24&nbsp;sierpnia 2024 roku.<\/li>\n<\/ol>\n<p>&nbsp;<\/p>\n<ol start=\"11\">\n<li>B\u00f3g zap\u0142a\u0107 za ofiary na danin\u0119 diecezjaln\u0105 i utrzymanie naszego ko\u015bcio\u0142a.<\/li>\n<\/ol>\n<p>&nbsp;<\/p>\n<ol start=\"12\">\n<li>Przy zakrystii: <em>Przewodnik Katolicki<\/em>, <em>Ma\u0142y Przewodnik Katolicki<\/em>, <em>Go\u015b\u0107 Niedzielny <\/em>oraz paschaliki na st\u00f3\u0142 wielkanocny, koperty na danin\u0119 diecezjaln\u0105 i poczt\u00f3wki wielkanocne.<\/li>\n<\/ol>\n<p><strong>&nbsp;<\/strong><\/p>\n<p><strong>&nbsp;<\/strong><\/p>\n<p><strong>&nbsp;<\/strong><\/p>\n<p><strong>&nbsp;<\/strong><\/p>\n<p>&nbsp;<\/p>\n<p>&nbsp;<\/p>\n","protected":false},"excerpt":{"rendered":"<p>&nbsp; OG\u0141OSZENIA DUSZPASTERSKIE NIEDZIELA IV WIELKIEGO POSTU 10 marca 2024 r. Duchowa Adopcja Dziecka Nienarodzonego to modlitewna obrona dzieci nienarodzonych, kt\u00f3rych \u017cycie jest zagro\u017cone z powodu braku mi\u0142o\u015bci. Podj\u0119cie modlitwy w intencji ich ocalenia mo\u017cna zadeklarowa\u0107 w tygodniu po mszy \u015bw. i w niedziel\u0119 przed msz\u0105 \u015bw. o godz. 9.30. Uroczyste podj\u0119cie Duchowej Adopcji w &#8230; <span class=\"more\"><a class=\"more-link\" href=\"https:\/\/www.chnk.pl\/?p=4016\">czytaj wi\u0119cej<\/a><\/span><\/p>\n","protected":false},"author":3,"featured_media":0,"comment_status":"open","ping_status":"open","sticky":false,"template":"","format":"standard","meta":{"ngg_post_thumbnail":0,"footnotes":""},"categories":[1],"tags":[],"_links":{"self":[{"href":"https:\/\/www.chnk.pl\/index.php?rest_route=\/wp\/v2\/posts\/4016"}],"collection":[{"href":"https:\/\/www.chnk.pl\/index.php?rest_route=\/wp\/v2\/posts"}],"about":[{"href":"https:\/\/www.chnk.pl\/index.php?rest_route=\/wp\/v2\/types\/post"}],"author":[{"embeddable":true,"href":"https:\/\/www.chnk.pl\/index.php?rest_route=\/wp\/v2\/users\/3"}],"replies":[{"embeddable":true,"href":"https:\/\/www.chnk.pl\/index.php?rest_route=%2Fwp%2Fv2%2Fcomments&post=4016"}],"version-history":[{"count":1,"href":"https:\/\/www.chnk.pl\/index.php?rest_route=\/wp\/v2\/posts\/4016\/revisions"}],"predecessor-version":[{"id":4017,"href":"https:\/\/www.chnk.pl\/index.php?rest_route=\/wp\/v2\/posts\/4016\/revisions\/4017"}],"wp:attachment":[{"href":"https:\/\/www.chnk.pl\/index.php?rest_route=%2Fwp%2Fv2%2Fmedia&parent=4016"}],"wp:term":[{"taxonomy":"category","embeddable":true,"href":"https:\/\/www.chnk.pl\/index.php?rest_route=%2Fwp%2Fv2%2Fcategories&post=4016"},{"taxonomy":"post_tag","embeddable":true,"href":"https:\/\/www.chnk.pl\/index.php?rest_route=%2Fwp%2Fv2%2Ftags&post=4016"}],"curies":[{"name":"wp","href":"https:\/\/api.w.org\/{rel}","templated":true}]}}