{"id":4010,"date":"2024-03-02T18:00:51","date_gmt":"2024-03-02T18:00:51","guid":{"rendered":"https:\/\/www.chnk.pl\/?p=4010"},"modified":"2024-03-03T09:46:34","modified_gmt":"2024-03-03T09:46:34","slug":"3-niedziela-wielkiego-postu-6","status":"publish","type":"post","link":"https:\/\/www.chnk.pl\/?p=4010","title":{"rendered":"3 Niedziela Wielkiego Postu"},"content":{"rendered":"<p>&nbsp;<\/p>\n<p><strong>&nbsp;OG\u0141OSZENIA DUSZPASTERSKIE<\/strong><\/p>\n<p><strong>Niedziela III Wielkiego Postu<\/strong><\/p>\n<p><strong>&nbsp;&nbsp;&nbsp;&nbsp;&nbsp;&nbsp;&nbsp;&nbsp;&nbsp;&nbsp;&nbsp;&nbsp;&nbsp;&nbsp;&nbsp;&nbsp;&nbsp;&nbsp;&nbsp;&nbsp;&nbsp;&nbsp;&nbsp;&nbsp;&nbsp;&nbsp;&nbsp;&nbsp;&nbsp;&nbsp;&nbsp;&nbsp;&nbsp;&nbsp;&nbsp;&nbsp;&nbsp;&nbsp;&nbsp;&nbsp;&nbsp;&nbsp;&nbsp;&nbsp;&nbsp;&nbsp;&nbsp;&nbsp;&nbsp;&nbsp;&nbsp;&nbsp;&nbsp;&nbsp;&nbsp;&nbsp;&nbsp;&nbsp;&nbsp;&nbsp;&nbsp;&nbsp;&nbsp;&nbsp;&nbsp;&nbsp;&nbsp;&nbsp;&nbsp;&nbsp;&nbsp;&nbsp;&nbsp;&nbsp;&nbsp;&nbsp;&nbsp;&nbsp;&nbsp;&nbsp;&nbsp;&nbsp;&nbsp;&nbsp;&nbsp;&nbsp;&nbsp;&nbsp;&nbsp;&nbsp;&nbsp;&nbsp;&nbsp;&nbsp; 3 marca 2024 r.<\/strong><\/p>\n<ol>\n<li>Spotkanie Grupy Wsparcia CARITAS z naszej Parafii odb\u0119dzie si\u0119 w poniedzia\u0142ek o godz. 19.00 w salce parafialnej.<\/li>\n<li>W \u015brod\u0119 zebranie r\u00f3\u017ca\u0144cowe po wieczornej mszy \u015bw.<\/li>\n<li>Spotkanie dzieci pierwszokomunijnych, przygotowuj\u0105ce do spowiedzi \u015bw. odb\u0119dzie si\u0119 w czwartek, 7 marca o godz. 15.45 i 16.45 w salce parafialnej wed\u0142ug ustalonych grup. Dzieci konicznie przynosz\u0105 ksi\u0105\u017ceczki do nabo\u017ce\u0144stwa.<\/li>\n<li>W tym tygodniu: I czwartek miesi\u0105ca. Adoracja Naj\u015bwi\u0119tszego Sakramentu od godz. 17.00 w intencji poszanowania \u017cycia ludzkiego od pocz\u0119cia do naturalnej \u015bmierci i po wieczornej mszy \u015bw. do godz. 21.00 w intencji powo\u0142a\u0144 kap\u0142a\u0144skich i zakonnych.<\/li>\n<li><strong> DROGA KRZY\u017bOWA<\/strong> w pi\u0105tki Wielkiego Postu: dla dzieci godz. 16.30, dla doros\u0142ych po porannej mszy \u015bw. i o godz. 17.30 oraz ulicami osiedla o godz. 19.00 od wej\u015bcia 122 (przynosimy lampiony lub znicze).<\/li>\n<li>Spotkanie duszpasterstwa m\u0142odzie\u017cy w pi\u0105tek o godz. 19.00.<\/li>\n<li><strong> GORZKIE \u017bALE <\/strong>w niedziele Wielkiego Postu o godz. 15.30.<\/li>\n<li>W Biurze Parafialnym i w zakrystii zg\u0142oszenia chorych i starszych parafian do komunii \u015bw. wielkanocnej, na sobot\u0119 przed Niedziel\u0105 Palmow\u0105.<\/li>\n<li>Okazja do spowiedzi \u015bw. w soboty od godz. 16.00 do 18.00 i ka\u017cdego dnia p\u00f3\u0142 godziny przed msz\u0105 \u015bw. Trwa ju\u017c czas spowiedzi i komunii \u015bw. wielkanocnej.<\/li>\n<li>Duchowa adopcja dziecka nienarodzonego. W niedziel\u0119 7 kwietnia na mszy \u015bw. o godz. 9.30, grupa parafian podejmie modlitw\u0119 duchowej adopcji dziecka nienarodzonego. Zadeklarowanie modlitwy w tej intencji i do\u0142\u0105czenie do grupy modlitewnej mo\u017cna zg\u0142osi\u0107, przez najbli\u017csze tygodnie w dni powszednie, po mszy \u015bw. i w niedziel\u0119&nbsp; po mszy \u015bw. o godz. 9.30.<\/li>\n<\/ol>\n<p><strong>11.<\/strong>W Wielkim Po\u015bcie sk\u0142adamy ofiary na danin\u0119 diecezjaln\u0105, kt\u00f3ra jest przeznaczona na utrzymanie centralnych instytucji diecezjalnych tzn. Seminarium Duchownego, Domu Ksi\u0119\u017cy Emeryt\u00f3w, Muzeum i Archiwum, Katedry, Kurii Metropolitalnej&nbsp;&nbsp;&nbsp;&nbsp;&nbsp;&nbsp;&nbsp;&nbsp;&nbsp;&nbsp;&nbsp;&nbsp;&nbsp;&nbsp;&nbsp; i na Caritas. Koperty na danin\u0119 diecezjaln\u0105 z \u017c\u00f3\u0142t\u0105 kartk\u0105 na cele parafialne mo\u017cna odbiera\u0107 przy zakrystii.<\/p>\n<ol start=\"12\">\n<li>Zesp\u00f3\u0142 Szk\u00f3\u0142 Si\u00f3str Zmartwychwstanek zaprasza na Drzwi Otwarte, w sobot\u0119 16 marca w godzinach 10.00 do 12.00. Komunikat na tablicy og\u0142osze\u0144.<\/li>\n<li>Rekolekcje wielkopostne dla \u015brodowiska medycznego odb\u0119d\u0105 si\u0119 w ko\u015bciele Przemienienia Pa\u0144skiego, przy Rynku Bernardy\u0144skim w dniach od 18 do 20 marca o godz. 19.00. Komunikat na tablicy og\u0142osze\u0144.<\/li>\n<li>Zach\u0119camy do czytania prasy katolickiej: Przy zakrystii: <em>Przewodnik Katolicki, Ma\u0142y Przewodnik Katolicki, Go\u015b\u0107 Niedzielny,<\/em> gazeta parafialna.<\/li>\n<li>M\u00f3dlmy si\u0119 za zmar\u0142ych Parafian. Za dusze \u015bp. Ireny Pi\u0105tek, os. Lecha 74 (msza \u015bw. pogrzebowa we wtorek o godz. 11.00). Wieczny odpoczynek racz zmar\u0142ym da\u0107 Panie.<\/li>\n<\/ol>\n<p><strong>&nbsp;<\/strong><\/p>\n<p>&nbsp;<\/p>\n<p>&nbsp;<\/p>\n<p>&nbsp;<\/p>\n<p>&nbsp;<\/p>\n<p>&nbsp;<\/p>\n<p>&nbsp;<\/p>\n<p><strong>&nbsp;&nbsp;&nbsp;&nbsp;&nbsp;&nbsp;&nbsp;&nbsp;&nbsp;&nbsp;&nbsp;&nbsp;&nbsp;&nbsp;&nbsp;&nbsp;&nbsp;&nbsp;&nbsp;&nbsp;&nbsp;&nbsp;&nbsp; <\/strong><\/p>\n<p>&nbsp;<\/p>\n<p>&nbsp;<\/p>\n<p>&nbsp;<\/p>\n<p>&nbsp;<\/p>\n<p>&nbsp;<\/p>\n<p>&nbsp;<\/p>\n<p><strong>&nbsp;&nbsp;&nbsp;&nbsp;&nbsp;&nbsp;&nbsp;&nbsp;&nbsp;&nbsp;&nbsp;&nbsp;&nbsp;&nbsp;&nbsp;&nbsp;&nbsp;&nbsp;&nbsp;&nbsp;&nbsp;&nbsp;&nbsp; <\/strong><\/p>\n","protected":false},"excerpt":{"rendered":"<p>&nbsp; &nbsp;OG\u0141OSZENIA DUSZPASTERSKIE Niedziela III Wielkiego Postu &nbsp;&nbsp;&nbsp;&nbsp;&nbsp;&nbsp;&nbsp;&nbsp;&nbsp;&nbsp;&nbsp;&nbsp;&nbsp;&nbsp;&nbsp;&nbsp;&nbsp;&nbsp;&nbsp;&nbsp;&nbsp;&nbsp;&nbsp;&nbsp;&nbsp;&nbsp;&nbsp;&nbsp;&nbsp;&nbsp;&nbsp;&nbsp;&nbsp;&nbsp;&nbsp;&nbsp;&nbsp;&nbsp;&nbsp;&nbsp;&nbsp;&nbsp;&nbsp;&nbsp;&nbsp;&nbsp;&nbsp;&nbsp;&nbsp;&nbsp;&nbsp;&nbsp;&nbsp;&nbsp;&nbsp;&nbsp;&nbsp;&nbsp;&nbsp;&nbsp;&nbsp;&nbsp;&nbsp;&nbsp;&nbsp;&nbsp;&nbsp;&nbsp;&nbsp;&nbsp;&nbsp;&nbsp;&nbsp;&nbsp;&nbsp;&nbsp;&nbsp;&nbsp;&nbsp;&nbsp;&nbsp;&nbsp;&nbsp;&nbsp;&nbsp;&nbsp;&nbsp;&nbsp;&nbsp;&nbsp;&nbsp;&nbsp;&nbsp;&nbsp; 3 marca 2024 r. Spotkanie Grupy Wsparcia CARITAS z naszej Parafii odb\u0119dzie si\u0119 w poniedzia\u0142ek o godz. 19.00 w salce parafialnej. W \u015brod\u0119 zebranie r\u00f3\u017ca\u0144cowe po wieczornej mszy \u015bw. Spotkanie dzieci pierwszokomunijnych, przygotowuj\u0105ce do spowiedzi \u015bw. odb\u0119dzie si\u0119 w czwartek, 7 marca o godz. 15.45 i 16.45 &#8230; <span class=\"more\"><a class=\"more-link\" href=\"https:\/\/www.chnk.pl\/?p=4010\">czytaj wi\u0119cej<\/a><\/span><\/p>\n","protected":false},"author":3,"featured_media":0,"comment_status":"open","ping_status":"open","sticky":false,"template":"","format":"standard","meta":{"ngg_post_thumbnail":0,"footnotes":""},"categories":[1],"tags":[],"_links":{"self":[{"href":"https:\/\/www.chnk.pl\/index.php?rest_route=\/wp\/v2\/posts\/4010"}],"collection":[{"href":"https:\/\/www.chnk.pl\/index.php?rest_route=\/wp\/v2\/posts"}],"about":[{"href":"https:\/\/www.chnk.pl\/index.php?rest_route=\/wp\/v2\/types\/post"}],"author":[{"embeddable":true,"href":"https:\/\/www.chnk.pl\/index.php?rest_route=\/wp\/v2\/users\/3"}],"replies":[{"embeddable":true,"href":"https:\/\/www.chnk.pl\/index.php?rest_route=%2Fwp%2Fv2%2Fcomments&post=4010"}],"version-history":[{"count":3,"href":"https:\/\/www.chnk.pl\/index.php?rest_route=\/wp\/v2\/posts\/4010\/revisions"}],"predecessor-version":[{"id":4015,"href":"https:\/\/www.chnk.pl\/index.php?rest_route=\/wp\/v2\/posts\/4010\/revisions\/4015"}],"wp:attachment":[{"href":"https:\/\/www.chnk.pl\/index.php?rest_route=%2Fwp%2Fv2%2Fmedia&parent=4010"}],"wp:term":[{"taxonomy":"category","embeddable":true,"href":"https:\/\/www.chnk.pl\/index.php?rest_route=%2Fwp%2Fv2%2Fcategories&post=4010"},{"taxonomy":"post_tag","embeddable":true,"href":"https:\/\/www.chnk.pl\/index.php?rest_route=%2Fwp%2Fv2%2Ftags&post=4010"}],"curies":[{"name":"wp","href":"https:\/\/api.w.org\/{rel}","templated":true}]}}