{"id":4003,"date":"2024-02-24T18:44:20","date_gmt":"2024-02-24T18:44:20","guid":{"rendered":"https:\/\/www.chnk.pl\/?p=4003"},"modified":"2024-02-24T18:44:20","modified_gmt":"2024-02-24T18:44:20","slug":"2-niedziela-wielkiego-postu-6","status":"publish","type":"post","link":"https:\/\/www.chnk.pl\/?p=4003","title":{"rendered":"2 Niedziela Wielkiego Postu"},"content":{"rendered":"<p>&nbsp;<\/p>\n<p><strong>&nbsp;<\/strong><\/p>\n<p><strong>OG\u0141OSZENIA DUSZPASTERSKIE<\/strong><\/p>\n<p><strong>NIEDZIELA II WIELKIEGO POSTU<\/strong><\/p>\n<p><strong>25 lutego 2024 r.<\/strong><\/p>\n<ol>\n<li>PRZEPISY POSTNE. Wierni, kt\u00f3rzy uko\u0144czyli 14 rok \u017cycia, s\u0105 zobowi\u0105zani do do zachowania w ci\u0105gu ca\u0142ego \u017cycia wstrzemi\u0119\u017aliwo\u015bci od pokarm\u00f3w mi\u0119snych we wszystkie pi\u0105tki ca\u0142ego roku i w \u015arod\u0119 Popielcow\u0105. Wstrzemi\u0119\u017aliwo\u015b\u0107 nie obowi\u0105zuje, je\u017celi w pi\u0105tek przypada uroczysto\u015b\u0107 ko\u015bcielna. Wierni, kt\u00f3rzy uko\u0144czyli 18 rok \u017cycia, a\u017c do rozpocz\u0119cia 60 roku \u017cycia, opr\u00f3cz wstrzemi\u0119\u017aliwo\u015bci od pokarm\u00f3w mi\u0119snych s\u0105 zobowi\u0105zani do zachowania postu \u015bcis\u0142ego w \u015arod\u0119 Popielcow\u0105 i Wielki Pi\u0105tek. Post \u015bcis\u0142y pozwala na jednorazowy posi\u0142ek do syta oraz dwa skromne posi\u0142ki w ci\u0105gu dnia. Wierni, kt\u00f3rzy nie maj\u0105 mo\u017cliwo\u015bci wyboru pokarm\u00f3w i musz\u0105 spo\u017cywa\u0107 to, co zostanie im podane, mog\u0105 korzysta\u0107 z dyspensy od obowi\u0105zku wstrzymania si\u0119 od potraw mi\u0119snych w pi\u0105tki ca\u0142ego roku. Taka dyspensa nie istnieje w \u015arod\u0119 Popielcow\u0105 i Wielki Pi\u0105tek. Niemo\u017cno\u015b\u0107 zachowania wstrzemi\u0119\u017aliwo\u015bci w pi\u0105tek zak\u0142ada jednak podj\u0119cie innych form pokuty, takich jak: modlitwa, ja\u0142mu\u017cna, uczynki pobo\u017cno\u015bci i mi\u0142o\u015bci, wierniejsze spe\u0142nianie obowi\u0105zk\u00f3w.<\/li>\n<li>Nale\u017c\u0105cych do Parafialnej Rady Duszpasterskiej i Ekonomicznej zapraszamy na spotkanie w \u015brod\u0119 o godz. 19.00, po wieczornej mszy \u015bw.<\/li>\n<li><strong>3<\/strong>. Msza \u015bw. z modlitw\u0105 o uzdrowienie w czwartek o godz. 19.15. Pod ch\u00f3rem mo\u017cna zostawi\u0107 zapisane intencje, kt\u00f3re maj\u0105 by\u0107 w\u0142\u0105czone w odprawian\u0105 msz\u0119 \u015bw.<\/li>\n<li>W tym tygodniu: I pi\u0105tek i I sobota miesi\u0105ca. Miesi\u0119czna spowied\u017a \u015bw. dla klas: 4, 5, 6, 7, 8 i m\u0142odzie\u017cy w pi\u0105tek od godz. 15.00. Droga Krzy\u017cowa dla dzieci godz. 16.30 i komunia \u015bw. W pi\u0105tek i sobot\u0119 odwiedziny chorych z sakramentami \u015bw. wed\u0142ug sta\u0142ego planu. Nowe zg\u0142oszenia w zakrystii.&nbsp; R\u00f3\u017caniec i nabo\u017ce\u0144stwo fatimskie&nbsp; w sobot\u0119 o godz. 7.15. Zach\u0119camy do podj\u0119cia nabo\u017ce\u0144stwa pierwszych sob\u00f3t miesi\u0105ca o nawr\u00f3cenie Rosji. Spotkanie wsp\u00f3lnoty rodzin w sobot\u0119: o godz. 19.15 modlitwa w ko\u015bciele, nast\u0119pnie spotkanie w salce.<\/li>\n<li>Spotkanie dla m\u0142odzie\u017cy w pi\u0105tek o godz. 19.15 w salce parafialnej.<\/li>\n<li>DROGA KRZY\u017bOWA w pi\u0105tki Wielkiego Postu: dla dzieci godz. 16.30, dla doros\u0142ych: po porannej mszy \u015bw. i o godz. 17.30, a ulicami osiedla o godz. 19.00 (od wej\u015bcia nr 13, przynosimy ze sob\u0105 \u015bwiece lub znicze). GORZKIE \u017bALE w niedziele o godz. 15.30.<\/li>\n<li>W Wielkim Po\u015bcie sk\u0142adamy ofiary na danin\u0119 diecezjaln\u0105, kt\u00f3ra jest przeznaczona na utrzymanie centralnych instytucji diecezjalnych tzn. Seminarium Duchownego, Domu Ksi\u0119\u017cy Emeryt\u00f3w, Muzeum i Archiwum, Katedry, Kurii Metropolitalnej i na Caritas. Koperty na danin\u0119 diecezjaln\u0105 z \u017c\u00f3\u0142t\u0105 kartk\u0105 na cele parafialne mo\u017cna odbiera\u0107 przy zakrystii.<\/li>\n<li>Prosimy zg\u0142asza\u0107 chorych i starszych parafian do komunii \u015bw. wielkanocnej, na sobot\u0119 przed Niedziel\u0105 Palmow\u0105.<\/li>\n<li>B\u00f3g zap\u0142a\u0107 za hojne wsparcie Caritas dla Ukrainy. Dzisiaj przed ko\u015bcio\u0142em kwesta na dzie\u0142o misyjne Ko\u015bcio\u0142a.<\/li>\n<li><strong>10<\/strong><strong>. <\/strong>Z okazji \u015awiatowego Dnia Modlitwy, Pozna\u0144ska Grupa Ekumeniczna zaprasza do wsp\u00f3lnej modlitwy w ramach nabo\u017ce\u0144stwa ekumenicznego, przygotowanego przez Ekumeniczn\u0105 Grup\u0119 Kobiet. Nabo\u017ce\u0144stwo odb\u0119dzie si\u0119 1 marca (pi\u0105tek), o godz. 18.00 w ko\u015bciele Ewangelicko-Augsburskim \u0141aski Bo\u017cej, ul Obozowa 5.<\/li>\n<li>Przy zakrystii: <em>Przewodnik Katolicki<\/em>, <em>Ma\u0142y Przewodnik<\/em>, <em>Go\u015b\u0107 Niedzielny <\/em>oraz koperty na danin\u0119 diecezjaln\u0105.<\/li>\n<li>M\u00f3dlmy si\u0119 za zmar\u0142ych Parafian. Za dusz\u0119 \u015bp. Stefana Standego, os. Lecha 122 ( msza \u015bw. pogrzebowa we wtorek o godz. 8.00) . Wieczny odpoczynek racz zmar\u0142ym da\u0107 Panie.<\/li>\n<\/ol>\n","protected":false},"excerpt":{"rendered":"<p>&nbsp; &nbsp; OG\u0141OSZENIA DUSZPASTERSKIE NIEDZIELA II WIELKIEGO POSTU 25 lutego 2024 r. PRZEPISY POSTNE. Wierni, kt\u00f3rzy uko\u0144czyli 14 rok \u017cycia, s\u0105 zobowi\u0105zani do do zachowania w ci\u0105gu ca\u0142ego \u017cycia wstrzemi\u0119\u017aliwo\u015bci od pokarm\u00f3w mi\u0119snych we wszystkie pi\u0105tki ca\u0142ego roku i w \u015arod\u0119 Popielcow\u0105. Wstrzemi\u0119\u017aliwo\u015b\u0107 nie obowi\u0105zuje, je\u017celi w pi\u0105tek przypada uroczysto\u015b\u0107 ko\u015bcielna. Wierni, kt\u00f3rzy uko\u0144czyli 18 &#8230; <span class=\"more\"><a class=\"more-link\" href=\"https:\/\/www.chnk.pl\/?p=4003\">czytaj wi\u0119cej<\/a><\/span><\/p>\n","protected":false},"author":3,"featured_media":0,"comment_status":"open","ping_status":"open","sticky":false,"template":"","format":"standard","meta":{"ngg_post_thumbnail":0,"footnotes":""},"categories":[1],"tags":[],"_links":{"self":[{"href":"https:\/\/www.chnk.pl\/index.php?rest_route=\/wp\/v2\/posts\/4003"}],"collection":[{"href":"https:\/\/www.chnk.pl\/index.php?rest_route=\/wp\/v2\/posts"}],"about":[{"href":"https:\/\/www.chnk.pl\/index.php?rest_route=\/wp\/v2\/types\/post"}],"author":[{"embeddable":true,"href":"https:\/\/www.chnk.pl\/index.php?rest_route=\/wp\/v2\/users\/3"}],"replies":[{"embeddable":true,"href":"https:\/\/www.chnk.pl\/index.php?rest_route=%2Fwp%2Fv2%2Fcomments&post=4003"}],"version-history":[{"count":1,"href":"https:\/\/www.chnk.pl\/index.php?rest_route=\/wp\/v2\/posts\/4003\/revisions"}],"predecessor-version":[{"id":4004,"href":"https:\/\/www.chnk.pl\/index.php?rest_route=\/wp\/v2\/posts\/4003\/revisions\/4004"}],"wp:attachment":[{"href":"https:\/\/www.chnk.pl\/index.php?rest_route=%2Fwp%2Fv2%2Fmedia&parent=4003"}],"wp:term":[{"taxonomy":"category","embeddable":true,"href":"https:\/\/www.chnk.pl\/index.php?rest_route=%2Fwp%2Fv2%2Fcategories&post=4003"},{"taxonomy":"post_tag","embeddable":true,"href":"https:\/\/www.chnk.pl\/index.php?rest_route=%2Fwp%2Fv2%2Ftags&post=4003"}],"curies":[{"name":"wp","href":"https:\/\/api.w.org\/{rel}","templated":true}]}}