{"id":3997,"date":"2024-02-17T17:22:57","date_gmt":"2024-02-17T17:22:57","guid":{"rendered":"https:\/\/www.chnk.pl\/?p=3997"},"modified":"2024-02-18T12:23:00","modified_gmt":"2024-02-18T12:23:00","slug":"1-niedziela-wielkiego-postu-7","status":"publish","type":"post","link":"https:\/\/www.chnk.pl\/?p=3997","title":{"rendered":"1 Niedziela Wielkiego Postu"},"content":{"rendered":"<p><strong>&nbsp;<\/strong><\/p>\n<p><strong>OG\u0141OSZENIA DUSZPASTERSKIE<\/strong><\/p>\n<p><strong>NIEDZIELA I WIELKIEGO POSTU<\/strong><\/p>\n<p><strong>&nbsp;18 lutego 2024 r.<\/strong><\/p>\n<ol>\n<li>W czwartek obchodzimy \u015awi\u0119to Katedry \u015bwi\u0119tego Piotra kt\u00f3re przypomina, \u017ce Stolica Piotrowa jest podstaw\u0105 jedno\u015bci Ko\u015bcio\u0142a. Ca\u0142y Ko\u015bci\u00f3\u0142 modli si\u0119 wtedy, aby \u201epo\u015br\u00f3d zam\u0119tu \u015bwiata nasza wiara pozosta\u0142a nienaruszona\u201d. Z okazji tego \u015bwi\u0119ta, w czwartek 22 lutego o&nbsp;godz.&nbsp;18.00 odb\u0119d\u0105 si\u0119 w&nbsp;Katedrze Pozna\u0144skiej uroczyste Nieszpory pod przewodnictwem Ksi\u0119dza Arcybiskupa Stanis\u0142awa G\u0105deckiego, Metropolity Pozna\u0144skiego. Homili\u0119 wyg\u0142osi Ksi\u0105dz prof. dr hab. Pawe\u0142 Wygralak Dziekan WT UAM w Poznaniu. Do udzia\u0142u w Nieszporach zapraszamy szczeg\u00f3lnie wszystkich Profesor\u00f3w i innych Pracownik\u00f3w Akademickich miasta Poznania.<\/li>\n<li>Ko\u0144czymy rekolekcje parafialne. B\u00f3g zap\u0142a\u0107 o. Arturowi Piwowarczykowi za pos\u0142ug\u0119 rekolekcyjn\u0105 oraz Parafianom za udzia\u0142 w rekolekcjach i miejskiej Drodze Krzy\u017cowej.<\/li>\n<li>W poniedzia\u0142ek Dzie\u0144 Salety\u0144ski w naszej parafii. Procesja do Figury Matki Bo\u017cej z La Salette po mszy \u015bw. o godz. 8.00. R\u00f3\u017caniec salety\u0144ski w intencji rodzin o godz. 7.25. Intencj\u0105 nabo\u017ce\u0144stwa jest wynagrodzenie Panu Bogu, za przyczyn\u0105 Matki Bo\u017cej, wszelkich zniewag doznawanych w naszej parafii.<\/li>\n<li>Spotkanie duszpasterstwa m\u0142odzie\u017cy w pi\u0105tek o 19:15 w salce.<\/li>\n<li>DROGA KRZY\u017bOWA w pi\u0105tki Wielkiego Postu: dla dzieci godz. 16.30, dla doros\u0142ych o godz. 8.40 (po porannej mszy \u015bw.) i godz. o 17.30 oraz ulicami osiedla o godz. 19.00 (w tym tygodniu od wej\u015bcia 78, przynosimy ze sob\u0105 \u015bwiece-znicze). GORZKIE \u017bALE w niedziele Wielkiego Postu o godz. 15.30.<\/li>\n<li>Grupa Anonimowych Alkoholik\u00f3w spotyka si\u0119 we wtorki w salce parafialnej o godz. 19.00 i jest otwarta na wszystkich, kt\u00f3rzy szukaj\u0105 pomocy do \u017cycia w trze\u017awo\u015bci.<\/li>\n<li>Prosimy zg\u0142asza\u0107 chorych i starszych Parafian do Komunii \u015bw. wielkanocnej, na sobot\u0119 przed Niedziel\u0105 Palmow\u0105.<\/li>\n<li>Ekumeniczne nabo\u017ce\u0144stwo \u017ca\u0142obne w intencji ofiar wojny po\u0142\u0105czone z modlitw\u0105 o pok\u00f3j w&nbsp;drug\u0105 rocznic\u0119 wybuchu wojny na Ukrainie zostanie odprawione 24 lutego o godz. 17.00 w ko\u015bciele pw. Naj\u015bwi\u0119tszego Serca Pana Jezusa. Modlitwie b\u0119dzie przewodniczy\u0142 ks. bp Jan Glapiak.<\/li>\n<li>Zach\u0119camy do w\u0142\u0105czenia si\u0119 w wielkopostne wydarzenie \u201eKo\u015bcio\u0142\u00f3w stacyjnych miasta Poznania\u201d. Ka\u017cdego dnia, z wy\u0142\u0105czeniem niedziel, pielgrzymi gromadz\u0105 si\u0119 w innej \u015bwi\u0105tyni miasta, aby trwa\u0107 na modlitwie. Spis ko\u015bcio\u0142\u00f3w znajdziemy w \u201ePrzewodniku Katolickim\u201d i na stronie internetowej Archidiecezji Pozna\u0144skiej.<\/li>\n<li>B\u00f3g zap\u0142a\u0107 za ofiary z\u0142o\u017cone w \u015arod\u0119 Popielcow\u0105 na Pomoc Ukrainie.<\/li>\n<\/ol>\n<p><strong>11.<\/strong>W przysz\u0142\u0105 niedziel\u0119, II Wielkiego Postu, przed ko\u015bcio\u0142em zbi\u00f3rka ofiar na misje.<\/p>\n<ol start=\"12\">\n<li>Zach\u0119camy do czytania prasy religijnej. Przy zakrystii: <em>Przewodnik Katolicki,<\/em> <em>Go\u015b\u0107 Niedzielny<\/em>,Go\u015b\u0107 Niedzielny Exstra, <em>Ma\u0142y Przewodnik Katolicki, Ziarno.<\/em> Dzieci zach\u0119camy do wype\u0142niania zada\u0144 z <em>Ziarna. <\/em>W niedziele po mszy \u015bw. o godz. 11.15 losowanie nagrody spo\u015br\u00f3d prawid\u0142owych rozwi\u0105za\u0144.<\/li>\n<li>M\u00f3dlmy si\u0119 za zmar\u0142ych parafian. Za dusz\u0119 \u015bp. J\u00f3zefa Majewskiego, os. Lecha 125 (Msza \u015bw. pogrzebowa w \u015brod\u0119 o godz. 13.30 na Staro\u0142\u0119ce). Wieczny odpoczynek racz zmar\u0142ym da\u0107 Panie.<\/li>\n<\/ol>\n<p>&nbsp;<\/p>\n<p><strong>&nbsp;<\/strong><\/p>\n<p><strong>&nbsp;<\/strong><\/p>\n<p><strong>&nbsp;<\/strong><\/p>\n<p><strong>&nbsp;<\/strong><\/p>\n<p><strong>&nbsp;<\/strong><\/p>\n<p><strong>&nbsp;<\/strong><\/p>\n","protected":false},"excerpt":{"rendered":"<p>&nbsp; OG\u0141OSZENIA DUSZPASTERSKIE NIEDZIELA I WIELKIEGO POSTU &nbsp;18 lutego 2024 r. W czwartek obchodzimy \u015awi\u0119to Katedry \u015bwi\u0119tego Piotra kt\u00f3re przypomina, \u017ce Stolica Piotrowa jest podstaw\u0105 jedno\u015bci Ko\u015bcio\u0142a. Ca\u0142y Ko\u015bci\u00f3\u0142 modli si\u0119 wtedy, aby \u201epo\u015br\u00f3d zam\u0119tu \u015bwiata nasza wiara pozosta\u0142a nienaruszona\u201d. Z okazji tego \u015bwi\u0119ta, w czwartek 22 lutego o&nbsp;godz.&nbsp;18.00 odb\u0119d\u0105 si\u0119 w&nbsp;Katedrze Pozna\u0144skiej uroczyste Nieszpory &#8230; <span class=\"more\"><a class=\"more-link\" href=\"https:\/\/www.chnk.pl\/?p=3997\">czytaj wi\u0119cej<\/a><\/span><\/p>\n","protected":false},"author":3,"featured_media":0,"comment_status":"open","ping_status":"open","sticky":false,"template":"","format":"standard","meta":{"ngg_post_thumbnail":0,"footnotes":""},"categories":[1],"tags":[],"_links":{"self":[{"href":"https:\/\/www.chnk.pl\/index.php?rest_route=\/wp\/v2\/posts\/3997"}],"collection":[{"href":"https:\/\/www.chnk.pl\/index.php?rest_route=\/wp\/v2\/posts"}],"about":[{"href":"https:\/\/www.chnk.pl\/index.php?rest_route=\/wp\/v2\/types\/post"}],"author":[{"embeddable":true,"href":"https:\/\/www.chnk.pl\/index.php?rest_route=\/wp\/v2\/users\/3"}],"replies":[{"embeddable":true,"href":"https:\/\/www.chnk.pl\/index.php?rest_route=%2Fwp%2Fv2%2Fcomments&post=3997"}],"version-history":[{"count":3,"href":"https:\/\/www.chnk.pl\/index.php?rest_route=\/wp\/v2\/posts\/3997\/revisions"}],"predecessor-version":[{"id":4002,"href":"https:\/\/www.chnk.pl\/index.php?rest_route=\/wp\/v2\/posts\/3997\/revisions\/4002"}],"wp:attachment":[{"href":"https:\/\/www.chnk.pl\/index.php?rest_route=%2Fwp%2Fv2%2Fmedia&parent=3997"}],"wp:term":[{"taxonomy":"category","embeddable":true,"href":"https:\/\/www.chnk.pl\/index.php?rest_route=%2Fwp%2Fv2%2Fcategories&post=3997"},{"taxonomy":"post_tag","embeddable":true,"href":"https:\/\/www.chnk.pl\/index.php?rest_route=%2Fwp%2Fv2%2Ftags&post=3997"}],"curies":[{"name":"wp","href":"https:\/\/api.w.org\/{rel}","templated":true}]}}