{"id":3992,"date":"2024-02-10T17:47:39","date_gmt":"2024-02-10T17:47:39","guid":{"rendered":"https:\/\/www.chnk.pl\/?p=3992"},"modified":"2024-02-10T17:47:50","modified_gmt":"2024-02-10T17:47:50","slug":"6-niedziela-zwykla-6","status":"publish","type":"post","link":"https:\/\/www.chnk.pl\/?p=3992","title":{"rendered":"6 Niedziela Zwyk\u0142a"},"content":{"rendered":"<p>OG\u0141OSZENIA DUSZPASTERSKIE<\/p>\n<p>NIEDZIELA&nbsp; VI ZWYK\u0141A<\/p>\n<p>&nbsp;11 lutego 2024 r.<\/p>\n<ol>\n<li>We wtorek ko\u0144czy si\u0119 czas hucznych wesel i zabaw. Od \u015brody rozpoczynamy Wielki Post. Rozpoczyna si\u0119 czas spowiedzi i Komunii \u015bw. wielkanocnej.<\/li>\n<li>W \u015arod\u0119 Popielcow\u0105 msza \u015bw. o godz. 8.00, 10.00, 16.30, 18.00. W \u015arod\u0119 Popielcow\u0105 obowi\u0105zuje post zwyk\u0142y i post \u015bcis\u0142y od kt\u00f3rych nie ma dyspensy. Do zachowania postu \u015bcis\u0142ego zobowi\u0105zane s\u0105 osoby, kt\u00f3re uko\u0144czy\u0142y osiemnasty rok \u017cycia a nie rozpocz\u0119\u0142y jeszcze sze\u015b\u0107dziesi\u0105tego. Post zwyk\u0142y obowi\u0105zuje od 14 roku do \u015bmierci. W \u015arod\u0119 Popielcow\u0105, przed ko\u015bcio\u0142em, mo\u017cliwo\u015b\u0107 z\u0142o\u017cenia ofiary na CARITAS. Od \u015arody Popielcowej do niedzieli odprawia si\u0119 Kwartalne dni modlitw o ducha pokuty po\u0142\u0105czone z modlitw\u0105 o trze\u017awo\u015b\u0107. Modlitw\u0105, postem i trze\u017awo\u015bci\u0105 pragniemy wynagrodzi\u0107 sprawiedliwo\u015bci Bo\u017cej nasze grzechy. Zach\u0119camy do podj\u0119cia indywidualnego postu o chlebie i wodzie w jeden dzie\u0144 Wielkiego Postu. Szukamy czterdziestu parafian, kt\u00f3rzy podj\u0119liby t\u0119 praktyk\u0119 pokutn\u0105 w intencji wynagrodzenia Panu Bogu za blu\u017anierstwa. Szczeg\u00f3\u0142y po mszy \u015bw. w kaplicy przy zakrystii.<\/li>\n<li>W odpowiedzi na pro\u015bb\u0119 Ksi\u0119dza Arcybiskupa Metropolity Pozna\u0144skiego Stanis\u0142awa G\u0105deckiego, apelujemy o podj\u0119cie modlitwy za ofiary wojny na Ukrainie i prosimy, aby w \u015arod\u0119 Popielcow\u0105, dnia 14 lutego 2024 roku, we wszystkich ko\u015bcio\u0142ach i kaplicach Archidiecezji Pozna\u0144skiej przeprowadzi\u0107 zbi\u00f3rk\u0119 ofiar do puszek na rzecz poszkodowanych. Pozyskane \u015brodki pomog\u0105 nie tylko w zaspokojeniu najpilniejszych potrzeb \u017cyciowych os\u00f3b starszych, niepe\u0142nosprawnych, ale tak\u017ce u\u0142atwi\u0105 odbudow\u0119 dom\u00f3w. Wszystkim, kt\u00f3rzy w\u0142\u0105cz\u0105 si\u0119 w pomoc poszkodowanym w wyniku dzia\u0142a\u0144 wojennych wyra\u017camy podzi\u0119kowanie.<\/li>\n<li>W \u015arod\u0119 Popielcow\u0105 rozpoczynamy rekolekcje wielkopostne w naszej parafii, kt\u00f3re potrwaj\u0105 do przysz\u0142ej niedzieli. Poprowadzi je o. Artur Piwowarczyk, oblat. Nauki rekolekcyjne o godz. 8.00 i 18.00. Od czwartku do soboty, po wieczornej mszy \u015bw., wystawienie Naj\u015bw. Sakramentu i godzinna adoracja. Ca\u0142o\u015bciowy program rekolekcji jest wywieszony na tablicy og\u0142osze\u0144, wy\u0142o\u017cony pod ch\u00f3rem i zamieszczony na stronie internetowej naszej parafii.<\/li>\n<li>W czwartek, 15 lutego br. godz. 18<sup>30<\/sup> zostanie odprawiona w naszym mie\u015bcie tradycyjna Droga Krzy\u017cowa. Rozpocznie si\u0119 ona Msz\u0105 \u015bw. w pozna\u0144skiej Farze o godz. 18<sup>00<\/sup> i uda si\u0119 na Plac A. Mickiewicza. W roku wyniesienia do chwa\u0142y o\u0142tarzy b\u0142ogos\u0142awionej Rodziny Ulm\u00f3w z Markowej pragniemy prosi\u0107 Boga o u\u015bwi\u0119cenie naszych rodzin oraz o poszanowanie \u017cycia ludzkiego. Zapraszamy do udzia\u0142u w tym wielkopostnym nabo\u017ce\u0144stwie, przez kt\u00f3re pragniemy odda\u0107 cze\u015b\u0107 cierpi\u0105cemu Zbawicielowi, przeb\u0142aga\u0107 za grzechy w\u0142asne, naszego miasta i&nbsp;Ojczyzny oraz uprosi\u0107 potrzebne \u0142aski dla wszystkich wsp\u00f3\u0142czesnych chrze\u015bcijan. Z naszej parafii wsp\u00f3lne wyj\u015bcie sprzed ko\u015bcio\u0142a i przejazd tramwajem o godz. 17.45.<\/li>\n<li>DROGA KRZY\u017bOWA w pi\u0105tki Wielkiego Postu: dla dzieci godz. 16.30, dla do\u00adros\u0142ych godz. 17.30, ulicami osiedla godz. 19.00 (w tym tygodniu od wej\u015bcia nr 66, przynosimy ze sob\u0105 \u015bwiece lub znicze). GORZKIE \u017bALE w niedziel\u0119 o 15.30<\/li>\n<li>M\u00f3dlmy si\u0119 za zmar\u0142ych. Za dusz\u0119 \u015bp. Magdaleny Stasi\u0144skiej, os. Lecha 127. Wieczny odpoczynek racz zmar\u0142ym da\u0107 Panie.<\/li>\n<\/ol>\n<p><em>&nbsp;<\/em><\/p>\n<p><em>&nbsp;<\/em><\/p>\n<p><em>&nbsp;<\/em><\/p>\n<p><em>&nbsp;<\/em><\/p>\n<p><em>&nbsp;<\/em><\/p>\n<p><em>&nbsp;<\/em><\/p>\n<p><em>&nbsp;<\/em><\/p>\n<p><em><u>&nbsp;<\/u><\/em><\/p>\n<p>&nbsp;<\/p>\n<p>&nbsp;<\/p>\n<p>&nbsp;<\/p>\n<p>&nbsp;<\/p>\n<p>&nbsp;<\/p>\n<p>&nbsp;<\/p>\n","protected":false},"excerpt":{"rendered":"<p>OG\u0141OSZENIA DUSZPASTERSKIE NIEDZIELA&nbsp; VI ZWYK\u0141A &nbsp;11 lutego 2024 r. We wtorek ko\u0144czy si\u0119 czas hucznych wesel i zabaw. Od \u015brody rozpoczynamy Wielki Post. Rozpoczyna si\u0119 czas spowiedzi i Komunii \u015bw. wielkanocnej. W \u015arod\u0119 Popielcow\u0105 msza \u015bw. o godz. 8.00, 10.00, 16.30, 18.00. W \u015arod\u0119 Popielcow\u0105 obowi\u0105zuje post zwyk\u0142y i post \u015bcis\u0142y od kt\u00f3rych nie ma &#8230; <span class=\"more\"><a class=\"more-link\" href=\"https:\/\/www.chnk.pl\/?p=3992\">czytaj wi\u0119cej<\/a><\/span><\/p>\n","protected":false},"author":3,"featured_media":0,"comment_status":"open","ping_status":"open","sticky":false,"template":"","format":"standard","meta":{"ngg_post_thumbnail":0,"footnotes":""},"categories":[1],"tags":[],"_links":{"self":[{"href":"https:\/\/www.chnk.pl\/index.php?rest_route=\/wp\/v2\/posts\/3992"}],"collection":[{"href":"https:\/\/www.chnk.pl\/index.php?rest_route=\/wp\/v2\/posts"}],"about":[{"href":"https:\/\/www.chnk.pl\/index.php?rest_route=\/wp\/v2\/types\/post"}],"author":[{"embeddable":true,"href":"https:\/\/www.chnk.pl\/index.php?rest_route=\/wp\/v2\/users\/3"}],"replies":[{"embeddable":true,"href":"https:\/\/www.chnk.pl\/index.php?rest_route=%2Fwp%2Fv2%2Fcomments&post=3992"}],"version-history":[{"count":1,"href":"https:\/\/www.chnk.pl\/index.php?rest_route=\/wp\/v2\/posts\/3992\/revisions"}],"predecessor-version":[{"id":3993,"href":"https:\/\/www.chnk.pl\/index.php?rest_route=\/wp\/v2\/posts\/3992\/revisions\/3993"}],"wp:attachment":[{"href":"https:\/\/www.chnk.pl\/index.php?rest_route=%2Fwp%2Fv2%2Fmedia&parent=3992"}],"wp:term":[{"taxonomy":"category","embeddable":true,"href":"https:\/\/www.chnk.pl\/index.php?rest_route=%2Fwp%2Fv2%2Fcategories&post=3992"},{"taxonomy":"post_tag","embeddable":true,"href":"https:\/\/www.chnk.pl\/index.php?rest_route=%2Fwp%2Fv2%2Ftags&post=3992"}],"curies":[{"name":"wp","href":"https:\/\/api.w.org\/{rel}","templated":true}]}}