{"id":3982,"date":"2024-02-03T19:50:05","date_gmt":"2024-02-03T19:50:05","guid":{"rendered":"https:\/\/www.chnk.pl\/?p=3982"},"modified":"2024-02-03T19:50:05","modified_gmt":"2024-02-03T19:50:05","slug":"3982","status":"publish","type":"post","link":"https:\/\/www.chnk.pl\/?p=3982","title":{"rendered":""},"content":{"rendered":"<p><strong>OG\u0141OSZENIA DUSZPASTERSKIE<\/strong><\/p>\n<p><strong>NIEDZIELA V ZWYK\u0141A<\/strong><\/p>\n<p><strong>4 lutego 2024 r.<\/strong><\/p>\n<ol>\n<li>Kalendarz liturgiczny:<\/li>\n<\/ol>\n<p>poniedzia\u0142ek \u2013 \u015bw. Agaty,<\/p>\n<p>wtorek \u2013 \u015bw. Paw\u0142a Miki,<\/p>\n<p>czwartek \u2013 \u015bw. J\u00f3zefiny Bakhity i \u015bw. Hieronima Emilianiego,<\/p>\n<p>sobota &#8211; \u015bw. Scholastyki,<\/p>\n<p>niedziela \u2013 Wspomnienie Matki Bo\u017cej z Lourdes<\/p>\n<ol start=\"2\">\n<li>Licznej w tym roku grupie parafian, Paniom i Panom, podzi\u0119kowanie za pomoc w rozbieraniu choinek i uporz\u0105dkowaniu ko\u015bcio\u0142a. B\u00f3g zap\u0142a\u0107 Paniom za cotygodniowe sprz\u0105tanie naszej \u015bwi\u0105tyni. Usilna pro\u015bb\u0105 o do\u0142\u0105czenie do tej pos\u0142ugi raz w miesi\u0105cu.<\/li>\n<li>Msza \u015bw. w tym tygodniu od poniedzia\u0142ku do pi\u0105tku tylko o godz. 8.00.<\/li>\n<li>Spotkanie wsp\u00f3lnoty rodzin w sobot\u0119, o godz. 19.15 adoracja w ko\u015bciele i spotkanie w salce. Grupa ma charakter otwarty, mo\u017cna do\u0142\u0105czy\u0107 do niej podczas ka\u017cdego spotkania.<\/li>\n<li>Z okazji XXXII \u015awiatowego Dnia Chorego zapraszamy chorych, cierpi\u0105cych i pos\u0142uguj\u0105cych im na uroczyst\u0105 Msz\u0119 \u015bw. z b\u0142ogos\u0142awie\u0144stwem na wz\u00f3r Lourdes w niedziel\u0119 11 lutego o godz. 13.30 w ko\u015bciele pw. Matki Boskiej Bolesnej przy ul. G\u0142ogowskiej. W sobot\u0119 10 lutego, w godz. godz. 10.00-13.00, w Szkole Katolickiej im. Stanis\u0142awa Kostki przy ul. G\u0142ogowskiej 92 w Poznaniu, odb\u0119dzie si\u0119 tzw. bia\u0142a sobota. Lekarze r\u00f3\u017cnych specjalizacji b\u0119d\u0105 bezp\u0142atnie udziela\u0107 porad. B\u0119dzie te\u017c mo\u017cna wykona\u0107 podstawowe badania laboratoryjne. Uczestnicy b\u0119d\u0105 mogli skorzysta\u0107 z r\u00f3\u017cnych bezp\u0142atnych bada\u0144 profilaktycznych w punktach mobilnych: w osteobusie, s\u0142uchobusie czy mammobusie. Podczas sobotniego wydarzenia b\u0119dzie mo\u017cna te\u017c wzi\u0105\u0107 udzia\u0142 w&nbsp;wyk\u0142adach i szkoleniach podnosz\u0105cych poziom wiedzy o zdrowiu i \u017cyciu.<\/li>\n<li>W naszej Parafii msza \u015bw. z udzielaniem Sakramentu Chorych b\u0119dzie w czasie rekolekcji wielkopostnych. Rekolekcje wielkopostne rozpoczn\u0105 si\u0119 w \u015arod\u0119 Popielcow\u0105 i potrwaj\u0105 do I Niedzieli Wielkiego Postu.<\/li>\n<li>Archidiecezja Pozna\u0144ska organizuje kolejn\u0105 Archidiecezjaln\u0105 pielgrzymk\u0119 na Malt\u0119, \u015bladami \u015bw. Paw\u0142a Aposto\u0142a w dniach od&nbsp;1 do 8 marca 2024 roku. Termin od 1 do 8 marca 2024 r. (wylot i przylot Pozna\u0144). Zg\u0142oszenia na pielgrzymk\u0119 mo\u017cna dokona\u0107 w Kurii Metropolitalnej u Ksi\u0119dza Kanclerza tel. 61\/851-28-00 lub 601 772-833. Cena 2300 z\u0142 i 960 Euro. Wi\u0119cej informacji na stronie internetowej naszej parafii.<\/li>\n<li>B\u00f3g zap\u0142a\u0107 za ofiary na utrzymanie naszej Parafii.<\/li>\n<li>Zach\u0119camy do si\u0119gania po pras\u0119 katolick\u0105. Przy zakrystii: <em>Przewodnik Katolicki,<\/em> <em>Ma\u0142y Przewodnik Katolicki<\/em> (dla dzieci), <em>Go\u015b\u0107 Niedzielny<\/em>, <em>Ziarno<\/em>, gazeta parafialna<em>.<\/em><\/li>\n<li>M\u00f3dlmy si\u0119 o pok\u00f3j w Ukrainie, Ziemi \u015awi\u0119tej i wsz\u0119dzie, gdzie tli si\u0119 zarzewie wojny. \u015awi\u0119ty Bo\u017ce, \u015awi\u0119ty Mocny, \u015awi\u0119ty Nie\u015bmiertelny, zmi\u0142uj si\u0119 nad nami.<\/li>\n<\/ol>\n<p>&nbsp;<\/p>\n<p><strong>&nbsp;<\/strong><\/p>\n<p><strong><em>&nbsp;<\/em><\/strong><\/p>\n<p><strong><em>&nbsp;<\/em><\/strong><\/p>\n<p><strong><em>&nbsp;<\/em><\/strong><\/p>\n<p><strong><em>&nbsp;<\/em><\/strong><\/p>\n<p><strong><em>&nbsp;<\/em><\/strong><\/p>\n<p><strong>&nbsp;<\/strong><\/p>\n<p><strong>&nbsp;<\/strong><\/p>\n<p>&nbsp;<\/p>\n<p><u>&nbsp;<\/u><\/p>\n<p><u>&nbsp;<\/u><\/p>\n<p>&nbsp;<\/p>\n","protected":false},"excerpt":{"rendered":"<p>OG\u0141OSZENIA DUSZPASTERSKIE NIEDZIELA V ZWYK\u0141A 4 lutego 2024 r. Kalendarz liturgiczny: poniedzia\u0142ek \u2013 \u015bw. Agaty, wtorek \u2013 \u015bw. Paw\u0142a Miki, czwartek \u2013 \u015bw. J\u00f3zefiny Bakhity i \u015bw. Hieronima Emilianiego, sobota &#8211; \u015bw. Scholastyki, niedziela \u2013 Wspomnienie Matki Bo\u017cej z Lourdes Licznej w tym roku grupie parafian, Paniom i Panom, podzi\u0119kowanie za pomoc w rozbieraniu choinek &#8230; <span class=\"more\"><a class=\"more-link\" href=\"https:\/\/www.chnk.pl\/?p=3982\">czytaj wi\u0119cej<\/a><\/span><\/p>\n","protected":false},"author":3,"featured_media":0,"comment_status":"open","ping_status":"open","sticky":false,"template":"","format":"standard","meta":{"ngg_post_thumbnail":0,"footnotes":""},"categories":[1],"tags":[],"_links":{"self":[{"href":"https:\/\/www.chnk.pl\/index.php?rest_route=\/wp\/v2\/posts\/3982"}],"collection":[{"href":"https:\/\/www.chnk.pl\/index.php?rest_route=\/wp\/v2\/posts"}],"about":[{"href":"https:\/\/www.chnk.pl\/index.php?rest_route=\/wp\/v2\/types\/post"}],"author":[{"embeddable":true,"href":"https:\/\/www.chnk.pl\/index.php?rest_route=\/wp\/v2\/users\/3"}],"replies":[{"embeddable":true,"href":"https:\/\/www.chnk.pl\/index.php?rest_route=%2Fwp%2Fv2%2Fcomments&post=3982"}],"version-history":[{"count":1,"href":"https:\/\/www.chnk.pl\/index.php?rest_route=\/wp\/v2\/posts\/3982\/revisions"}],"predecessor-version":[{"id":3983,"href":"https:\/\/www.chnk.pl\/index.php?rest_route=\/wp\/v2\/posts\/3982\/revisions\/3983"}],"wp:attachment":[{"href":"https:\/\/www.chnk.pl\/index.php?rest_route=%2Fwp%2Fv2%2Fmedia&parent=3982"}],"wp:term":[{"taxonomy":"category","embeddable":true,"href":"https:\/\/www.chnk.pl\/index.php?rest_route=%2Fwp%2Fv2%2Fcategories&post=3982"},{"taxonomy":"post_tag","embeddable":true,"href":"https:\/\/www.chnk.pl\/index.php?rest_route=%2Fwp%2Fv2%2Ftags&post=3982"}],"curies":[{"name":"wp","href":"https:\/\/api.w.org\/{rel}","templated":true}]}}