{"id":3979,"date":"2024-02-03T19:41:51","date_gmt":"2024-02-03T19:41:51","guid":{"rendered":"https:\/\/www.chnk.pl\/?p=3979"},"modified":"2024-02-03T19:41:51","modified_gmt":"2024-02-03T19:41:51","slug":"archidiecezjalna-pielgrzymka-na-malte","status":"publish","type":"post","link":"https:\/\/www.chnk.pl\/?p=3979","title":{"rendered":"Archidiecezjalna Pielgrzymka na Malt\u0119"},"content":{"rendered":"<p><strong>ARCHIDIECEZJALNA PIELGRZYMKA NA MALT\u0118<\/strong><\/p>\n<p><strong>\u015aLADAMI \u015aW. PAW\u0141A APOSTO\u0141A<\/strong><\/p>\n<p><strong>W DNIACH OD 1 DO 8 MARCA <\/strong><strong>2024 ROKU<\/strong><\/p>\n<p>&nbsp;<\/p>\n<p><strong>Podstawowe informacje<\/strong><\/p>\n<ol>\n<li>Termin od 1 do 8.03.2024 roku (wylot i przylot \u2013 Pozna\u0144).<\/li>\n<li>Cena 2300 z\u0142 i 960 Euro dla grupy licz\u0105cej 20-24 os\u00f3b, 2250 z\u0142 i 940 Euro dla grupy licz\u0105cej 25-29 os\u00f3b, 2150 z\u0142 i 910 Euro dla grupy licz\u0105cej 30-34 os\u00f3b, 2100 z\u0142 i 880 Euro dla grupy licz\u0105cej minimum 35 os\u00f3b.<\/li>\n<\/ol>\n<p><strong>W tej cenie s\u0105 wliczone wszystkie op\u0142aty:<\/strong><\/p>\n<p>&#8211; przelot na trasie Pozna\u0144 \u2013 Malta \u2013 Pozna\u0144<\/p>\n<p>&#8211; zakwaterowanie w hotelu 4* \/pokoje dwuosobowe, dop\u0142ata do jednoosobowego 240 EUR\/<\/p>\n<p>&#8211; wy\u017cywienie 2 razy dziennie \/\u015bniadanie, obiadokolacja\/<\/p>\n<p>&#8211; przejazdy autokarem wg programu<\/p>\n<p>&#8211; bilety wst\u0119pu do zwiedzanych obiekt\u00f3w<\/p>\n<p>&#8211; rejsy wg programu<\/p>\n<p>&#8211; us\u0142ug\u0119 lokalnego przewodnika<\/p>\n<p>&#8211; zestawy s\u0142uchawkowe tour quide<\/p>\n<p>&#8211; sk\u0142adk\u0119 na Turystyczny Fundusz Gwarancyjny i na Turystyczny Fundusz Pomocowy<\/p>\n<p>&#8211; ubezpieczenie KL i NNW \/zawiera ubezpieczenie od chor\u00f3b przewlek\u0142ych\/&nbsp;&nbsp;<\/p>\n<p>&nbsp;<\/p>\n<ol start=\"3\">\n<li>Zg\u0142oszenia na pielgrzymk\u0119 mo\u017cna dokona\u0107 w Kurii Metropolitalnej u Ksi\u0119dza Kanclerza tel. 61\/851-28-00<\/li>\n<\/ol>\n<p>lub 601 772-833.<\/p>\n<ol start=\"4\">\n<li>Przy zg\u0142oszeniu trzeba poda\u0107 nast\u0119puj\u0105ce dane:<\/li>\n<\/ol>\n<ul>\n<li>imi\u0119 i nazwisko<\/li>\n<li>data urodzenia oraz adres zameldowania<\/li>\n<li>numer i seria dokumentu to\u017csamo\u015bci (dow\u00f3d osobisty lub paszport) oraz termin wa\u017cno\u015bci dokumentu<\/li>\n<li>telefon kontaktowy i wp\u0142ata 1.000 z\u0142<\/li>\n<\/ul>\n<ol start=\"5\">\n<li>Pielgrzymk\u0119 obs\u0142uguje Biuro Pielgrzymkowo-Turystyczne Ad Astra.<\/li>\n<\/ol>\n<p><strong>PROGRAM<\/strong><\/p>\n<p><em>Organizator zastrzega sobie mo\u017cliwo\u015b\u0107 zmiany kolejno\u015bci zwiedzania<\/em><\/p>\n<p><strong>&nbsp;<\/strong><\/p>\n<p><strong>&nbsp;<\/strong><\/p>\n<p><strong>I DZIE\u0143 \u2013 POZNA\u0143 \u2013 MALTA<\/strong><\/p>\n<p>Przelot na trasie Pozna\u0144 \u2013 Malta. Przejazd do hotelu. Zakwaterowanie. Nocleg.<\/p>\n<p><strong>II DZIE\u0143 \u2013 LA VALLETTA&nbsp; <\/strong><\/p>\n<p>La Valletta \u2013 stolica Malty: XVI \u2013 wieczna katedra \u015bw. Jana Chrzciciela z bogatym barokowym wn\u0119trzem, p\u0142ytami nagrobnymi upami\u0119tniaj\u0105cymi zmar\u0142ych rycerzy i obrazem Caravaggia \u201e\u015aci\u0119cie \u015bw. Jana\u201d; ko\u015bci\u00f3\u0142 \u015bw. Paw\u0142a Rozbitka; Ogrody Barracca \u2013 dawniej prywatne ogrody w\u0142oskich rycerzy w zakonie \u015bw. Jana, wspania\u0142y widok na port; pokaz \u201eMalta Experience\u201d \u2013 prezentuj\u0105cy wielowiekow\u0105 histori\u0119 Malty; Muzeum Archeologiczne. Nocleg.<\/p>\n<p><strong>III DZIE\u0143 \u2013 VITTORIOSA \u2013 SENGLEA \u2013 COSPICUA <\/strong><\/p>\n<p>Przejazd do trzech miast \u2013 Vittoriosy, Senglei i Cospicuy (dawna siedziba Zakonu Malta\u0144skiego). Stare Miasto Birgu \u2013 ko\u015bci\u00f3\u0142 \u015bw. Wawrzy\u0144ca. Rejs statkiem po dw\u00f3ch portach \u2013 Marsamxett i Grand Harbour. Melieha \u2013 narodowe sanktuarium z cudown\u0105 ikon\u0105 NMP, nale\u017c\u0105c\u0105 do szko\u0142y ikon \u015bw. \u0141ukasza. Nocleg.&nbsp;&nbsp;&nbsp;<\/p>\n<p><strong>IV DZIE\u0143 \u2013 GOZO<\/strong><\/p>\n<p>Rejs na wysp\u0119 Gozo, oddalon\u0105 o 6 km od p\u00f3\u0142nocnego brzegu Malty, drug\u0105 co do wielko\u015bci wysp\u0119 archipelagu. Sanktuarium Maryjne w Ta\u2019 Pinu. Victoria \u2013 stolica Gozo \u2013 katedra Wniebowzi\u0119cia NMP; cytadela. Ggantija \u2013 megalityczna \u015bwi\u0105tynia z ok. 3600 r. p.Ch., uchodz\u0105ca za najstarsz\u0105 wolno stoj\u0105c\u0105 budowl\u0119 \u015bwiata, Dwejra \u2013 wspania\u0142e dzie\u0142a natury: m.in. tzw. Wewn\u0119trzne Morze oraz Ska\u0142a Fungus. Powr\u00f3t na Malt\u0119. Nocleg<\/p>\n<p><strong>V DZIE\u0143 \u2013 B\u0141\u0118KITNA GROTA \u2013 WYSPA \u015aW. PAW\u0141A<\/strong><\/p>\n<p>Po\u0142udniowo \u2013 zachodnia cz\u0119\u015b\u0107 wyspy, bogata w klify, groty i jaskinie. Wioska rybacka Wied iz-Zurrieq, rejs \u0142odzi\u0105, wzd\u0142u\u017c malowniczych klif\u00f3w, do tzw. B\u0142\u0119kitnej Groty (w zale\u017cno\u015bci od warunk\u00f3w pogodowych). Wioska rybacka Marsaxlokk. Zatoka \u015bw. Paw\u0142a \u2013 miejsce gdzie<\/p>\n<p>zgodnie z tradycj\u0105 rozbi\u0142 si\u0119 statek ze \u015bw. Paw\u0142em na pok\u0142adzie (przep\u0142yni\u0119cie typowymi lokalnymi \u0142\u00f3dkami \u201eluzzu\u201d). Nocleg.&nbsp;<\/p>\n<p><strong>VI DZIE\u0143 \u2013 MDINA \u2013 RABAT \u2013 DINGLI CLIFFS<\/strong><\/p>\n<p>Mosta \u2013 ko\u015bci\u00f3\u0142 Wniebowzi\u0119cia NMP z jedn\u0105 z najwi\u0119kszych na \u015bwiecie kopu\u0142. Mdina \u2013 dawna stolica Malty, otoczona fortyfikacjami: katedra \u015bw. Piotra i Paw\u0142a. Rabat \u2013 ko\u015bci\u00f3\u0142 i grota, w kt\u00f3rej zgodnie z tradycj\u0105 mieszka\u0142 \u015bw. Pawe\u0142 podczas pobytu na wyspie. DingliCliffs \u2013 najwy\u017cszy punkt Malty. Nocleg.&nbsp;<\/p>\n<p><strong>VII DZIE\u0143 \u2013<\/strong><strong>CZAS WOLNY<\/strong><\/p>\n<p>Ca\u0142odzienny wypoczynek. Nocleg.<\/p>\n<p><strong>VIII DZIE\u0143 \u2013<\/strong><strong> MALTA \u2013 POZNA\u0143<\/strong><\/p>\n<p>Przelot na trasie Malta \u2013 Pozna\u0144. Zako\u0144czenie pielgrzymki.<\/p>\n","protected":false},"excerpt":{"rendered":"<p>ARCHIDIECEZJALNA PIELGRZYMKA NA MALT\u0118 \u015aLADAMI \u015aW. PAW\u0141A APOSTO\u0141A W DNIACH OD 1 DO 8 MARCA 2024 ROKU &nbsp; Podstawowe informacje Termin od 1 do 8.03.2024 roku (wylot i przylot \u2013 Pozna\u0144). Cena 2300 z\u0142 i 960 Euro dla grupy licz\u0105cej 20-24 os\u00f3b, 2250 z\u0142 i 940 Euro dla grupy licz\u0105cej 25-29 os\u00f3b, 2150 z\u0142 i &#8230; <span class=\"more\"><a class=\"more-link\" href=\"https:\/\/www.chnk.pl\/?p=3979\">czytaj wi\u0119cej<\/a><\/span><\/p>\n","protected":false},"author":3,"featured_media":0,"comment_status":"open","ping_status":"open","sticky":false,"template":"","format":"standard","meta":{"ngg_post_thumbnail":0,"footnotes":""},"categories":[1],"tags":[],"_links":{"self":[{"href":"https:\/\/www.chnk.pl\/index.php?rest_route=\/wp\/v2\/posts\/3979"}],"collection":[{"href":"https:\/\/www.chnk.pl\/index.php?rest_route=\/wp\/v2\/posts"}],"about":[{"href":"https:\/\/www.chnk.pl\/index.php?rest_route=\/wp\/v2\/types\/post"}],"author":[{"embeddable":true,"href":"https:\/\/www.chnk.pl\/index.php?rest_route=\/wp\/v2\/users\/3"}],"replies":[{"embeddable":true,"href":"https:\/\/www.chnk.pl\/index.php?rest_route=%2Fwp%2Fv2%2Fcomments&post=3979"}],"version-history":[{"count":1,"href":"https:\/\/www.chnk.pl\/index.php?rest_route=\/wp\/v2\/posts\/3979\/revisions"}],"predecessor-version":[{"id":3980,"href":"https:\/\/www.chnk.pl\/index.php?rest_route=\/wp\/v2\/posts\/3979\/revisions\/3980"}],"wp:attachment":[{"href":"https:\/\/www.chnk.pl\/index.php?rest_route=%2Fwp%2Fv2%2Fmedia&parent=3979"}],"wp:term":[{"taxonomy":"category","embeddable":true,"href":"https:\/\/www.chnk.pl\/index.php?rest_route=%2Fwp%2Fv2%2Fcategories&post=3979"},{"taxonomy":"post_tag","embeddable":true,"href":"https:\/\/www.chnk.pl\/index.php?rest_route=%2Fwp%2Fv2%2Ftags&post=3979"}],"curies":[{"name":"wp","href":"https:\/\/api.w.org\/{rel}","templated":true}]}}