{"id":3975,"date":"2024-01-27T16:51:05","date_gmt":"2024-01-27T16:51:05","guid":{"rendered":"https:\/\/www.chnk.pl\/?p=3975"},"modified":"2024-01-27T16:51:05","modified_gmt":"2024-01-27T16:51:05","slug":"4-niedziela-zwykla-8","status":"publish","type":"post","link":"https:\/\/www.chnk.pl\/?p=3975","title":{"rendered":"4 Niedziela Zwyk\u0142a"},"content":{"rendered":"<p><strong>OG\u0141OSZENIA DUSZPASTERSKIE<\/strong><\/p>\n<p><strong>NIEDZIELA IV ZWYK\u0141A<\/strong><\/p>\n<p><strong>28 stycznia 2024 r.<\/strong><\/p>\n<ol>\n<li>Kalendarz liturgiczny: \u015broda \u2013 \u015bw. Jana Bosko, pi\u0105tek &#8211; \u015bwi\u0119to Ofiarowania Pa\u0144skiego (Matki Bo\u017cej Gromnicznej), sobota \u2013 \u015bw. B\u0142a\u017ceja i \u015bw. Oskara.<\/li>\n<li>Zako\u0144czyli\u015bmy Kol\u0119d\u0119 \u2013 odwiedziny duszpasterskie w rodzinach. Dzi\u0119kujemy Parafianom za przyj\u0119cie ksi\u0119dza z pos\u0142ug\u0105 duszpastersk\u0105, dzi\u0119kujemy za zainteresowanie sprawami naszej Parafii.<\/li>\n<li>Od poniedzia\u0142ku do \u015brody msza \u015bw. tylko o godz. 8.00. Biuro Parafialne czynne: w poniedzia\u0142ek, czwartek i w sobot\u0119 bez zmian.<\/li>\n<li>W \u015brod\u0119 zebranie r\u00f3\u017ca\u0144cowe po porannej mszy \u015bw.<\/li>\n<li>W pi\u0105tek, 2 lutego, \u015bwi\u0119to Ofiarowania Pa\u0144skiego (Matki Bo\u017cej Gromnicznej) obchodzone jako Dzie\u0144 \u017bycia Konsekrowanego. Msza \u015bw. o godz. 8.00, 10.00 16.30 i 18.00, Po\u015bwi\u0119cenie gromnic na ka\u017cdej mszy \u015bw. Dzieci pierwszokomunijne zapraszamy na godz. 18.00: po\u015bwi\u0119cenie \u015bwiec. Przed ko\u015bcio\u0142em kwesta na zakony klauzurowe. Wdzi\u0119czni za modlitw\u0119 jak\u0105 podejmuj\u0105 zakony klauzurowe, mamy obowi\u0105zek zapewnienia im pomocy.<\/li>\n<li>W tym tygodniu: I czwartek, I pi\u0105tek i I sobota miesi\u0105ca. Adoracja Naj\u015bwi\u0119tszego Sakramentu w czwartek od godz. 17.00 w intencji poszanowania \u017cycia ludzkiego i po wieczornej mszy \u015bw. do godz. 21.00 w intencji powo\u0142a\u0144 kap\u0142a\u0144skich i zakonnych. Miesi\u0119czna spowied\u017a \u015bw. dla dzieci i m\u0142odzie\u017cy w pi\u0105tek od godz. 15.00, msza \u015bw. pierwszopi\u0105tkowa o godz. 16.30. R\u00f3\u017caniec i nabo\u017ce\u0144stwo fatimskie w sobot\u0119 o godz. 7.15. Zapraszamy do podj\u0119cia nabo\u017ce\u0144stwa pierwszych sob\u00f3t miesi\u0105ca o kt\u00f3re prosi\u0142a Matka Bo\u017ca w Fatimie. W pi\u0105tek i sobot\u0119 odwiedziny chorych z sakramentami \u015bw. wed\u0142ug sta\u0142ego planu.<\/li>\n<li>W sobot\u0119 wspomnienie liturgiczne \u015bw. B\u0142a\u017ceja wzywanego przy chorobach gard\u0142a. B\u0142ogos\u0142awie\u0144stwo \u015bwi\u0119tob\u0142a\u017cejowe po mszy \u015bw. o godz. 8.00.<\/li>\n<li>Prosimy o pomoc w rozebraniu choinek. Prosimy o jak najliczniejsz\u0105 grup\u0119 pa\u0144 i pan\u00f3w w sobot\u0119, 3 lutego, o godz. 9.00.<\/li>\n<li>B\u00f3g zap\u0142a\u0107 za ofiary na utrzymanie naszego ko\u015bcio\u0142a. Parafian z blok\u00f3w u kt\u00f3rych nie by\u0142o kol\u0119dy, prosimy o zabranie z bocznej kaplicy zielonej kartki z pro\u015bb\u0105 o ofiar\u0119 kol\u0119dow\u0105 na potrzeby Parafii. B\u00f3g zap\u0142a\u0107 na ofiary na diecezjalne radio EMAUS.<\/li>\n<li>\u201eR\u00f3\u017ca\u0144cowe Jerycho\u201d w ko\u015bciele Ojc\u00f3w Franciszkan\u00f3w na Wzg\u00f3rzu Przemys\u0142a rozpocznie si\u0119 2 lutego o godz. 12.00, a zako\u0144czy 9 lutego o godz. 12.00. Przed Naj\u015bwi\u0119tszym Sakramentem i wizerunkiem Matki Bo\u017cej w Cudy Wielmo\u017cnej Pani Poznania, podejmujemy ca\u0142odobow\u0105 modlitw\u0119 r\u00f3\u017ca\u0144cow\u0105 w intencji rodzin, Ko\u015bcio\u0142a, Ojczyzny i pokoju. Mo\u017cna si\u0119 w\u0142\u0105czy\u0107 w godzinach od 7.00 do 24.00.&nbsp; Codzienne Msze \u015bwi\u0119te o godz. 7.00; 9.00; 12.00; 18.00 i 24.00.<\/li>\n<li>Zach\u0119camy do czytania prasy religijnej. \u201ePrzewodnik Katolicki\u201d z modlitewnikiem na luty. <em>Go\u015b\u0107 Niedzielny<\/em>, dla dzieci \u201eZiarno\u201d, gazeta parafialna. Prasa katolicka jest wiarygodnym \u017ar\u00f3d\u0142em wiedzy o nauczaniu Ko\u015bcio\u0142a.<\/li>\n<li>B\u00f3g zap\u0142a\u0107 za ofiary na utrzymanie naszego ko\u015bcio\u0142a, z\u0142o\u017cone w czasie odwiedzin kol\u0119dowych.<\/li>\n<li>M\u00f3dlmy si\u0119 za zmar\u0142ych Parafian. Za dusz\u0119 \u015bp. Stanis\u0142awa Purola, os. Lecha 42, za \u015bp. Miko\u0142aja Zaparta, os. Lecha 61 (pogrzeb w \u015brod\u0119 na G\u00f3rczynie: msza \u015bw. w ko\u015bciele \u015bw. Krzy\u017ca o godz. 11.30 i pogrzeb o godz.12.30). Wieczny odpoczynek racz zmar\u0142ym da\u0107 Panie.<\/li>\n<\/ol>\n<p><strong>&nbsp;<\/strong><\/p>\n<p>&nbsp;<\/p>\n","protected":false},"excerpt":{"rendered":"<p>OG\u0141OSZENIA DUSZPASTERSKIE NIEDZIELA IV ZWYK\u0141A 28 stycznia 2024 r. Kalendarz liturgiczny: \u015broda \u2013 \u015bw. Jana Bosko, pi\u0105tek &#8211; \u015bwi\u0119to Ofiarowania Pa\u0144skiego (Matki Bo\u017cej Gromnicznej), sobota \u2013 \u015bw. B\u0142a\u017ceja i \u015bw. Oskara. Zako\u0144czyli\u015bmy Kol\u0119d\u0119 \u2013 odwiedziny duszpasterskie w rodzinach. Dzi\u0119kujemy Parafianom za przyj\u0119cie ksi\u0119dza z pos\u0142ug\u0105 duszpastersk\u0105, dzi\u0119kujemy za zainteresowanie sprawami naszej Parafii. Od poniedzia\u0142ku do &#8230; <span class=\"more\"><a class=\"more-link\" href=\"https:\/\/www.chnk.pl\/?p=3975\">czytaj wi\u0119cej<\/a><\/span><\/p>\n","protected":false},"author":3,"featured_media":0,"comment_status":"open","ping_status":"open","sticky":false,"template":"","format":"standard","meta":{"ngg_post_thumbnail":0,"footnotes":""},"categories":[1],"tags":[],"_links":{"self":[{"href":"https:\/\/www.chnk.pl\/index.php?rest_route=\/wp\/v2\/posts\/3975"}],"collection":[{"href":"https:\/\/www.chnk.pl\/index.php?rest_route=\/wp\/v2\/posts"}],"about":[{"href":"https:\/\/www.chnk.pl\/index.php?rest_route=\/wp\/v2\/types\/post"}],"author":[{"embeddable":true,"href":"https:\/\/www.chnk.pl\/index.php?rest_route=\/wp\/v2\/users\/3"}],"replies":[{"embeddable":true,"href":"https:\/\/www.chnk.pl\/index.php?rest_route=%2Fwp%2Fv2%2Fcomments&post=3975"}],"version-history":[{"count":1,"href":"https:\/\/www.chnk.pl\/index.php?rest_route=\/wp\/v2\/posts\/3975\/revisions"}],"predecessor-version":[{"id":3976,"href":"https:\/\/www.chnk.pl\/index.php?rest_route=\/wp\/v2\/posts\/3975\/revisions\/3976"}],"wp:attachment":[{"href":"https:\/\/www.chnk.pl\/index.php?rest_route=%2Fwp%2Fv2%2Fmedia&parent=3975"}],"wp:term":[{"taxonomy":"category","embeddable":true,"href":"https:\/\/www.chnk.pl\/index.php?rest_route=%2Fwp%2Fv2%2Fcategories&post=3975"},{"taxonomy":"post_tag","embeddable":true,"href":"https:\/\/www.chnk.pl\/index.php?rest_route=%2Fwp%2Fv2%2Ftags&post=3975"}],"curies":[{"name":"wp","href":"https:\/\/api.w.org\/{rel}","templated":true}]}}