{"id":3969,"date":"2024-01-20T16:12:03","date_gmt":"2024-01-20T16:12:03","guid":{"rendered":"https:\/\/www.chnk.pl\/?p=3969"},"modified":"2024-01-20T16:12:17","modified_gmt":"2024-01-20T16:12:17","slug":"3-niedziela-zwykla-7","status":"publish","type":"post","link":"https:\/\/www.chnk.pl\/?p=3969","title":{"rendered":"3 Niedziela Zwyk\u0142a"},"content":{"rendered":"<p><strong>OG\u0141OSZENIA DUSZPASTERSKIE<\/strong><\/p>\n<p><strong>NIEDZIELA<\/strong><strong> III ZWYK\u0141A<\/strong><\/p>\n<p><strong>21 stycznia 2024 r.<\/strong><\/p>\n<ol>\n<li>Kalendarz liturgiczny: poniedzia\u0142ek \u2013 \u015bw. Wincentego, wtorek \u2013 b\u0142og. Wincentego Lewoniuka i towarzyszy, \u015broda \u2013 \u015bw. Franciszka Salezego, czwartek &#8211; Nawr\u00f3cenie \u015bw. Paw\u0142a, pi\u0105tek \u2013 \u015bw. \u015bw. Tymoteusza i Tytusa, sobota \u2013 b\u0142. Anieli Merici.<\/li>\n<li>Kol\u0119da \u2013 odwiedziny duszpasterskie w rodzinach<\/li>\n<\/ol>\n<p>poniedzia\u0142ek, 22.01. godz. 16.00 klatka (wej\u015bcie) 128 m. 1-50<\/p>\n<p>wtorek, 23.01. godz. 16.00 klatka (wej\u015bcie) 128 m 51-77<\/p>\n<p>godz. 16.00 klatka (wej\u015bcie) 20 m. 38 -77<\/p>\n<p>\u015broda, 24.01. godz. 16.00 klatka (wej\u015bcia) 129 m. 1-41<\/p>\n<p>godz. 16.00 klatka (wej\u015bcia) 39 m. 1 -29<\/p>\n<p>czwartek, 25.01.&nbsp; godz. 16.00 klatka (wej\u015bcie) 129 m. 42-77<\/p>\n<p>godz. 16.00 klatka (wej\u015bcie)&nbsp; 39 m. 30-57<\/p>\n<p>pi\u0105tek, 26.01.&nbsp;&nbsp; godz. 16.00 klatka (wej\u015bcie)&nbsp; 39 m. 58-86<\/p>\n<p>sobota,27.01.&nbsp;&nbsp;&nbsp; godz. 16.00 klatka (wej\u015bcie)&nbsp; 39 m.87-129&nbsp;&nbsp;&nbsp;&nbsp;&nbsp;&nbsp;&nbsp;&nbsp;&nbsp;&nbsp;&nbsp;&nbsp;&nbsp;&nbsp;&nbsp;&nbsp;&nbsp;&nbsp;&nbsp;&nbsp;&nbsp;&nbsp;&nbsp;&nbsp;&nbsp;&nbsp;&nbsp;&nbsp;&nbsp;<\/p>\n<p>W czasie kol\u0119dy <strong>Biuro Parafialne<\/strong> czynne: w czwartek i w sobot\u0119 bez zmian.&nbsp; <strong>W poniedzia\u0142ek nieczynne. <\/strong>Sprawy pilne prosimy za\u0142atwia\u0107 w dni kol\u0119dowe od 15.00 do 15.30.<\/p>\n<p><strong>&nbsp;<\/strong><\/p>\n<ol start=\"3\">\n<li>W przysz\u0142\u0105 niedziel\u0119 na mszy \u015bw. o godz. 12.30 koncert kol\u0119d w wykonaniu kwintetu GRANDIOSO z orkiestry reprezentacyjnej si\u0142 powietrznych.<\/li>\n<\/ol>\n<p>&nbsp;<\/p>\n<ol start=\"4\">\n<li>Spotkanie duszpasterskie dzieci pierwszokomunijnych przed po\u015bwi\u0119ceniem \u015bwiecy w \u015bwi\u0119to Matki Bo\u017cej Gromnicznej, odb\u0119dzie si\u0119 w sobot\u0119 27 stycznia. Klasy 3 a, b o godz. 10.30, klasy c, d i inne szko\u0142y o godz. 11.30 w salce parafialnej. Dzieci przynosz\u0105 ksi\u0105\u017ceczki do nabo\u017ce\u0144stwa.<\/li>\n<\/ol>\n<p><strong>&nbsp;<\/strong><\/p>\n<ol start=\"5\">\n<li>B\u00f3g zap\u0142a\u0107 za ofiary na utrzymanie naszego ko\u015bcio\u0142a<\/li>\n<\/ol>\n<p><strong>&nbsp;<\/strong><\/p>\n<ol start=\"6\">\n<li>W czwartek \u015bwi\u0119to Nawr\u00f3cenia \u015bw. Paw\u0142a. Uroczysto\u015b\u0107 odpustowa w Parafii Nawr\u00f3cenia \u015bw. Paw\u0142a na os. Piastowskim. Suma o godz. 11.00.<\/li>\n<\/ol>\n<p><strong>&nbsp;<\/strong><\/p>\n<ol start=\"7\">\n<li>Dzisiaj przed ko\u015bcio\u0142em mo\u017cliwo\u015b\u0107 z\u0142o\u017cenia ofiary na Katolickie Radio EMAUS. B\u00f3g zap\u0142a\u0107 Paniom za przygotowanie w salce spotkania kol\u0119dowego dla dzieci..<\/li>\n<\/ol>\n<p><strong>&nbsp;<\/strong><\/p>\n<ol start=\"8\">\n<li>Zach\u0119camy do czytania prasy religijnej: Przewodnik Katolicki, Ma\u0142y Przewodnik Katolicki, Ziarno, Go\u015b\u0107 Niedzielny, gazetka parafialna. Zapraszamy dzieci do wype\u0142niania zada\u0144 z Ziarna.<\/li>\n<\/ol>\n<p><strong>&nbsp;<\/strong><\/p>\n<ol start=\"9\">\n<li>M\u00f3dlmy si\u0119 w intencji tych, kt\u00f3rzy staraj\u0105 si\u0119 o przywr\u00f3cenie pomnika Naj\u015bwi\u0119tszego Serca Jezusowego w Poznaniu, aby ich wysi\u0142ki budzi\u0142y tak\u017ce w nas wdzi\u0119czno\u015b\u0107 za odzyskan\u0105 niepodleg\u0142o\u015b\u0107 i przypomina\u0142y o obowi\u0105zkach wobec Ojczyzny. M\u00f3dlmy si\u0119: Naj\u015bwi\u0119tsze Serce Jezusa zmi\u0142uj si\u0119 nad nami.<\/li>\n<\/ol>\n<p>&nbsp;<\/p>\n<p>&nbsp;<\/p>\n","protected":false},"excerpt":{"rendered":"<p>OG\u0141OSZENIA DUSZPASTERSKIE NIEDZIELA III ZWYK\u0141A 21 stycznia 2024 r. Kalendarz liturgiczny: poniedzia\u0142ek \u2013 \u015bw. Wincentego, wtorek \u2013 b\u0142og. Wincentego Lewoniuka i towarzyszy, \u015broda \u2013 \u015bw. Franciszka Salezego, czwartek &#8211; Nawr\u00f3cenie \u015bw. Paw\u0142a, pi\u0105tek \u2013 \u015bw. \u015bw. Tymoteusza i Tytusa, sobota \u2013 b\u0142. Anieli Merici. Kol\u0119da \u2013 odwiedziny duszpasterskie w rodzinach poniedzia\u0142ek, 22.01. godz. 16.00 klatka &#8230; <span class=\"more\"><a class=\"more-link\" href=\"https:\/\/www.chnk.pl\/?p=3969\">czytaj wi\u0119cej<\/a><\/span><\/p>\n","protected":false},"author":3,"featured_media":0,"comment_status":"open","ping_status":"open","sticky":false,"template":"","format":"standard","meta":{"ngg_post_thumbnail":0,"footnotes":""},"categories":[1],"tags":[],"_links":{"self":[{"href":"https:\/\/www.chnk.pl\/index.php?rest_route=\/wp\/v2\/posts\/3969"}],"collection":[{"href":"https:\/\/www.chnk.pl\/index.php?rest_route=\/wp\/v2\/posts"}],"about":[{"href":"https:\/\/www.chnk.pl\/index.php?rest_route=\/wp\/v2\/types\/post"}],"author":[{"embeddable":true,"href":"https:\/\/www.chnk.pl\/index.php?rest_route=\/wp\/v2\/users\/3"}],"replies":[{"embeddable":true,"href":"https:\/\/www.chnk.pl\/index.php?rest_route=%2Fwp%2Fv2%2Fcomments&post=3969"}],"version-history":[{"count":2,"href":"https:\/\/www.chnk.pl\/index.php?rest_route=\/wp\/v2\/posts\/3969\/revisions"}],"predecessor-version":[{"id":3971,"href":"https:\/\/www.chnk.pl\/index.php?rest_route=\/wp\/v2\/posts\/3969\/revisions\/3971"}],"wp:attachment":[{"href":"https:\/\/www.chnk.pl\/index.php?rest_route=%2Fwp%2Fv2%2Fmedia&parent=3969"}],"wp:term":[{"taxonomy":"category","embeddable":true,"href":"https:\/\/www.chnk.pl\/index.php?rest_route=%2Fwp%2Fv2%2Fcategories&post=3969"},{"taxonomy":"post_tag","embeddable":true,"href":"https:\/\/www.chnk.pl\/index.php?rest_route=%2Fwp%2Fv2%2Ftags&post=3969"}],"curies":[{"name":"wp","href":"https:\/\/api.w.org\/{rel}","templated":true}]}}