{"id":3964,"date":"2024-01-13T22:17:51","date_gmt":"2024-01-13T22:17:51","guid":{"rendered":"https:\/\/www.chnk.pl\/?p=3964"},"modified":"2024-01-13T22:17:51","modified_gmt":"2024-01-13T22:17:51","slug":"3964","status":"publish","type":"post","link":"https:\/\/www.chnk.pl\/?p=3964","title":{"rendered":""},"content":{"rendered":"<p>&nbsp;<\/p>\n<p><strong>OG\u0141OSZENIA DUSZPASTERSKIE<\/strong><\/p>\n<p><strong>NIEDZIELA<\/strong><strong> II ZWYK\u0141A<\/strong><\/p>\n<p><strong>14 stycznia 2024 r.<\/strong><\/p>\n<ol>\n<li>W dniach od 18 do 25 stycznia, modlimy si\u0119 o jedno\u015b\u0107 chrze\u015bcijan. Has\u0142em Tygodnia Modlitwy o Jedno\u015b\u0107 Chrze\u015bcijan s\u0105 s\u0142owa: <em>B\u0119dziesz mi\u0142owa\u0142 Pana, swego Boga\u2026a swego bli\u017aniego jak siebie samego<\/em>. Niechaj intencja jedno\u015bci stanie si\u0119 przedmiotem modlitwy osobistej, Zach\u0119camy do udzia\u0142u w ekumenicznych nabo\u017ce\u0144stwach w \u015bwi\u0105tyniach Ko\u015bcio\u0142\u00f3w r\u00f3\u017cnych wyzna\u0144. Centralne nabo\u017ce\u0144stwo odb\u0119dzie si\u0119 23 stycznia (wtorek), o godz. 19.00 w ko\u015bciele \u015bw. Jana Vianney\u2019a na So\u0142aczu, ul Podlaska 10. Nabo\u017ce\u0144stwu przewodniczy\u0107 b\u0119dzie ks. biskup Jan Glapiak, a kazanie wyg\u0142osi ks. superintendent S\u0142awomir Rodaszy\u0144ski z Ko\u015bcio\u0142a Ewangelicko-Metodystycznego. Szczeg\u00f3\u0142owy plan nabo\u017ce\u0144stw ekumenicznych umieszczony jest na plakacie.<\/li>\n<li>Spotkanie dla kandydat\u00f3w do bierzmowania w czwartek o godz. 19.00 w salce.<\/li>\n<li>Plan kol\u0119dy<\/li>\n<\/ol>\n<p>poniedzia\u0142ek,15.01. godz. 16.00 klatka (wej\u015bcie) 125 m. 1-35<\/p>\n<p>wtorek, 16.01. godz. 16.00 klatka (wej\u015bcie)&nbsp; &nbsp; &nbsp; 125 m. 36-77<\/p>\n<p>godz. 16.00 klatka (wej\u015bcie) 18 m, 33-77<\/p>\n<p>\u015broda, 17.01.&nbsp; godz. 16.00 klatka (wej\u015bcia) 126 m. 1-36<\/p>\n<p>godz. 16.00 klatka (wej\u015bcie) 19 m. 1-42<\/p>\n<p>czwartek, 18.01.&nbsp; godz. 16.00 klatka (wej\u015bcie) 126 m. 37-77<\/p>\n<p>godz. 16.00 klatka (wej\u015bcie) 19 m. 43-77<\/p>\n<p>pi\u0105tek, 19.01. godz. 16.00 klatka (wej\u015bcie) 127 m. 1-41<\/p>\n<p>godz. 16.00 klatka (wej\u015bcie) 20 m. 1-37<\/p>\n<p>sobota, 20.1. godz. 16.00 klatka (wej\u015bcie) 127 m. 42-77<\/p>\n<p>poniedzia\u0142ek,22.01. godz. 16.00 klatka (wej\u015bcie) 128 m. 1-50<\/p>\n<p>wtorek, 23.01. godz. 16.00 klatka (wej\u015bcie) 128 m 51-77<\/p>\n<p>godz. 16.00 klatka (wej\u015bcie) 20 m. 38 -77<\/p>\n<p>\u015broda, 24.01. godz. 16.00 klatka (wej\u015bcia) 129 m. 1-41<\/p>\n<p>godz. 16.00 klatka (wej\u015bcia) 39 m. 1 -29<\/p>\n<p>czwartek, 25.01.&nbsp; godz. 16.00 klatka (wej\u015bcie) 129 m. 42-77<\/p>\n<p>godz. 16.00 klatka (wej\u015bcie)&nbsp; 39 m. 30-57<\/p>\n<p>pi\u0105tek, 26.01.&nbsp;&nbsp; godz. 16.00 klatka (wej\u015bcie)&nbsp; 39 m. 58-86<\/p>\n<p>sobota, 27.01.&nbsp;&nbsp;&nbsp; godz. 16.00 klatka (wej\u015bcie)&nbsp; 39 m.87-129<\/p>\n<p>W czasie kol\u0119dy <strong>Biuro Parafialne<\/strong> czynne: w czwartek i w sobot\u0119 bez zmian. <strong>W poniedzia\u0142ek nieczynne.<\/strong> Sprawy pilne prosimy za\u0142atwia\u0107 w dni kol\u0119dowe od 15.00 do 15.30. Spowied\u017a \u015bw. p\u00f3\u0142 godziny przed porann\u0105 Msz\u0105 \u015bw. i w sobot\u0119 od godz. 16.00 do 18.00.<\/p>\n<ol start=\"4\">\n<li>Dzie\u0144 salety\u0144ski w pi\u0105tek: r\u00f3\u017caniec salety\u0144ski o godz. 7.30, msza \u015bw. o godz. 8.00 i procesja do figury Matki Bo\u017cej. T\u0105 modlitw\u0105, za przyczyn\u0105 Matki Bo\u017cej, wynagradzamy Panu Bogu grzechy niewiary, opuszczone lekkomy\u015blnie msze \u015bw. niedzielne i przekle\u0144stwa.<\/li>\n<li>W przysz\u0142a niedziele, 21 stycznia, wspomnienie liturgiczne \u015bw. Agnieszki. W tym dniu przypada Dzie\u0144 Babci. Za wstawiennictwem \u015bw. Patronki modlimy si\u0119 o b\u0142ogos\u0142awie\u0144stwo dla Senior\u00f3w.<\/li>\n<li>B\u00f3g zap\u0142a\u0107 za ofiary z\u0142o\u017cone na utrzymanie naszego ko\u015bcio\u0142a. W przysz\u0142\u0105 niedziel\u0119, przed ko\u015bcio\u0142em, kwesta na Radio Emaus. Tygodniki katolickie przy wej\u015bciu do zakrystii.<\/li>\n<li>M\u00f3dlmy si\u0119 za zmar\u0142ych parafian. Za dusz\u0119 \u015bp. Stanis\u0142awa Andrzejewskiego, os. Lecha 127 (msza \u015bw. pogrzebowa we wtorek o godz. 10.30, pogrzeb w Sp\u0142awiu o 12.00).Wieczny odpoczynek racz zmar\u0142ym da\u0107 Panie.<\/li>\n<\/ol>\n<p><strong>&nbsp;<\/strong><\/p>\n<p><strong>&nbsp;<\/strong><\/p>\n<p><strong>&nbsp;<\/strong><\/p>\n<p><strong>&nbsp;<\/strong><\/p>\n<p><strong>&nbsp;<\/strong><\/p>\n<p>&nbsp;<\/p>\n<p>&nbsp;&nbsp;&nbsp;&nbsp;&nbsp;&nbsp;&nbsp;&nbsp;&nbsp;&nbsp;&nbsp;&nbsp;&nbsp;&nbsp;&nbsp;&nbsp;&nbsp;&nbsp;&nbsp;&nbsp;&nbsp;&nbsp;&nbsp;&nbsp;&nbsp;&nbsp;&nbsp;&nbsp;&nbsp;&nbsp;&nbsp;&nbsp;&nbsp;&nbsp;&nbsp;&nbsp;&nbsp;&nbsp;&nbsp;&nbsp;&nbsp;&nbsp;&nbsp;&nbsp;<\/p>\n<p>&nbsp; &nbsp;&nbsp;&nbsp;&nbsp;&nbsp;&nbsp;&nbsp;&nbsp;&nbsp;&nbsp;&nbsp;&nbsp;&nbsp;&nbsp;&nbsp;&nbsp;&nbsp;&nbsp;&nbsp;&nbsp;&nbsp;&nbsp;&nbsp;&nbsp;&nbsp;&nbsp;&nbsp;&nbsp;&nbsp;&nbsp;&nbsp;&nbsp;<strong>&nbsp;<\/strong><u><\/u><\/p>\n<p>&nbsp;<\/p>\n<p>&nbsp;<\/p>\n<p>&nbsp;<\/p>\n","protected":false},"excerpt":{"rendered":"<p>&nbsp; OG\u0141OSZENIA DUSZPASTERSKIE NIEDZIELA II ZWYK\u0141A 14 stycznia 2024 r. W dniach od 18 do 25 stycznia, modlimy si\u0119 o jedno\u015b\u0107 chrze\u015bcijan. Has\u0142em Tygodnia Modlitwy o Jedno\u015b\u0107 Chrze\u015bcijan s\u0105 s\u0142owa: B\u0119dziesz mi\u0142owa\u0142 Pana, swego Boga\u2026a swego bli\u017aniego jak siebie samego. Niechaj intencja jedno\u015bci stanie si\u0119 przedmiotem modlitwy osobistej, Zach\u0119camy do udzia\u0142u w ekumenicznych nabo\u017ce\u0144stwach w &#8230; <span class=\"more\"><a class=\"more-link\" href=\"https:\/\/www.chnk.pl\/?p=3964\">czytaj wi\u0119cej<\/a><\/span><\/p>\n","protected":false},"author":3,"featured_media":0,"comment_status":"open","ping_status":"open","sticky":false,"template":"","format":"standard","meta":{"ngg_post_thumbnail":0,"footnotes":""},"categories":[1],"tags":[],"_links":{"self":[{"href":"https:\/\/www.chnk.pl\/index.php?rest_route=\/wp\/v2\/posts\/3964"}],"collection":[{"href":"https:\/\/www.chnk.pl\/index.php?rest_route=\/wp\/v2\/posts"}],"about":[{"href":"https:\/\/www.chnk.pl\/index.php?rest_route=\/wp\/v2\/types\/post"}],"author":[{"embeddable":true,"href":"https:\/\/www.chnk.pl\/index.php?rest_route=\/wp\/v2\/users\/3"}],"replies":[{"embeddable":true,"href":"https:\/\/www.chnk.pl\/index.php?rest_route=%2Fwp%2Fv2%2Fcomments&post=3964"}],"version-history":[{"count":1,"href":"https:\/\/www.chnk.pl\/index.php?rest_route=\/wp\/v2\/posts\/3964\/revisions"}],"predecessor-version":[{"id":3965,"href":"https:\/\/www.chnk.pl\/index.php?rest_route=\/wp\/v2\/posts\/3964\/revisions\/3965"}],"wp:attachment":[{"href":"https:\/\/www.chnk.pl\/index.php?rest_route=%2Fwp%2Fv2%2Fmedia&parent=3964"}],"wp:term":[{"taxonomy":"category","embeddable":true,"href":"https:\/\/www.chnk.pl\/index.php?rest_route=%2Fwp%2Fv2%2Fcategories&post=3964"},{"taxonomy":"post_tag","embeddable":true,"href":"https:\/\/www.chnk.pl\/index.php?rest_route=%2Fwp%2Fv2%2Ftags&post=3964"}],"curies":[{"name":"wp","href":"https:\/\/api.w.org\/{rel}","templated":true}]}}