{"id":3959,"date":"2024-01-08T18:17:28","date_gmt":"2024-01-08T18:17:28","guid":{"rendered":"https:\/\/www.chnk.pl\/?p=3959"},"modified":"2024-01-08T18:17:28","modified_gmt":"2024-01-08T18:17:28","slug":"niedziela-chrztu-panskiego-7","status":"publish","type":"post","link":"https:\/\/www.chnk.pl\/?p=3959","title":{"rendered":"NIEDZIELA CHRZTU PA\u0143SKIEGO"},"content":{"rendered":"<p>&nbsp; <strong>NIEDZIELA CHRZTU PA\u0143SKIEGO<\/strong><\/p>\n<p><strong>7<\/strong><strong> stycznia 2024 r.<\/strong><\/p>\n<ol>\n<li>Od poniedzia\u0142ku do pi\u0105tku msza \u015bw. tylko o godz. 8.00. Nowenna do Matki Bo\u017cej Nieustaj\u0105cej Pomocy w \u015brod\u0119 w \u0142\u0105czno\u015bci ze msz\u0105 \u015bw. o godz. 8.00.<\/li>\n<li>Kol\u0119da &#8211; odwiedziny duszpasterskie w rodzinach. Woda \u015bwi\u0119cona jest wystawiona przy chrzcielnicy. Na powiadomieniach o kol\u0119dzie podany jest jedynie orientacyjny czas przyj\u015bcia ksi\u0119dza. Plan kol\u0119dy:<\/li>\n<\/ol>\n<p>poniedzia\u0142ek, 08.01. godz. 16.00 blok 40 m. 92-128<\/p>\n<p>wtorek, 09.01.&nbsp; godz. 16.00 klatka (wej\u015bcie) 123 m. 1- 41<\/p>\n<p>&nbsp;godz. 16.00 klatka (wej\u015bcie) 16 m. 1- 42<\/p>\n<p>\u015broda, 10.01.&nbsp; godz. 16.00 klatka (wej\u015bcia) 123 m. 42-77<\/p>\n<p>godz. 16.00 klatka (wej\u015bcie) 16 m. 43-77<\/p>\n<p>czwartek, 11.01.&nbsp; godz. 16.00 klatka (wej\u015bcie) 124 m.1-32<\/p>\n<p>godz. 16.00 klatka (wej\u015bcie) 17 m. 1-63<\/p>\n<p>pi\u0105tek, 12.01. godz. 16.00 klatka (wej\u015bcie) 124 m.33-77<\/p>\n<p>godz. 16.00 klatka (wej\u015bcie) 17 m. 64-77 oraz 18 m.1-32<\/p>\n<p>poniedzia\u0142ek,15.01. godz. 16.00 klatka (wej\u015bcie) 125 m. 1-35<\/p>\n<p>wtorek, 16.01. godz. 16.00 klatka (wej\u015bcie) 125 m. 36-77<\/p>\n<p>godz. 16.00 klatka (wej\u015bcie) 18 m, 33-77<\/p>\n<p>\u015broda, 17.01.&nbsp; godz. 16.00 klatka (wej\u015bcia) 126 m. 1-36<\/p>\n<p>godz. 16.00 klatka (wej\u015bcie) 19 m. 1-42<\/p>\n<p>czwartek, 18.01.&nbsp; godz. 16.00 klatka (wej\u015bcie) 126 m. 37-77<\/p>\n<p>godz. 16.00 klatka (wej\u015bcie) 19 m. 43-77<\/p>\n<p>pi\u0105tek, 19.01.&nbsp;&nbsp; godz. 16.00 klatka (wej\u015bcie) 127 m. 1-41<\/p>\n<p>godz. 16.00 klatka (wej\u015bcie) 20 m. 1-37<\/p>\n<p>sobota, 20.1. godz. 16.00 klatka (wej\u015bcie) 127 m. 42-77<\/p>\n<p>poniedzia\u0142ek,22.01. godz. 16.00 klatka (wej\u015bcie) 128 m. 1-50<\/p>\n<p>wtorek, 23.01. godz. 16.00 klatka (wej\u015bcie) 128 m 51-77<\/p>\n<p>godz. 16.00 klatka (wej\u015bcie)<\/p>\n<p>\u015broda, 24.01.&nbsp; godz. 16.00 klatka (wej\u015bcia) 129 m. 1-41<\/p>\n<p>czwartek, 25.01.&nbsp; godz. 16.00 klatka (wej\u015bcie) 129 m. 42-77<\/p>\n<p>W czasie kol\u0119dy Biuro Parafialne czynne: w czwartek i w sobot\u0119 bez zmian. W poniedzia\u0142ek nieczynne. Sprawy pilne prosimy za\u0142atwia\u0107 w dni kol\u0119dowe od 15.00 do 15.30. Spowied\u017a \u015bw. p\u00f3\u0142 godziny przed porann\u0105 Msz\u0105 \u015bw. i w sobot\u0119 od godz. 16.00 do 18.00.<\/p>\n<ol start=\"3\">\n<li>Zapraszamy dzieci do wype\u0142niania zada\u0144 z \u201eZiarna\u201d. W niedziel\u0119 po mszy \u015bw. o godz. 11.15 losowanie niespodzianki.<\/li>\n<li>Zebranie r\u00f3\u017ca\u0144cowe w \u015brod\u0119 po porannej mszy \u015bw.<\/li>\n<li>W przysz\u0142\u0105 sobot\u0119 na mszy \u015bw. o godz. 18.00 koncert kol\u0119d w wykonaniu Kompanii Druha Stuligrosza.<\/li>\n<li>B\u00f3g zap\u0142a\u0107 za ofiary z\u0142o\u017cone w czasie kol\u0119dy i na mszy \u015bw. na utrzymanie ko\u015bcio\u0142a.<\/li>\n<li>Zach\u0119camy do czytania prasy katolickiej. Jest Przewodnik Katolicki, Go\u015b\u0107 Niedzielny , Ma\u0142y Przewodnik, gazeta parafialna.<\/li>\n<li>M\u00f3dlmy si\u0119 za zmar\u0142ych parafian. Za dusz\u0119 \u015bp. Danuty Janyga , os. Lecha 69. (msza \u015bw. pogrzebowa w poniedzia\u0142ek o godz. 12.30). Wieczny odpoczynek racz zmar\u0142ym<\/li>\n<li>&nbsp;<\/li>\n<li>PLAN KOL\u0118DY<\/li>\n<\/ol>\n<p>&nbsp;<\/p>\n<p>poniedzia\u0142ek, 08.01. godz. 16.00 blok 40 m. 92-128<\/p>\n<p>wtorek,&nbsp;&nbsp;&nbsp;&nbsp;&nbsp;&nbsp;&nbsp;&nbsp;&nbsp; 09.01.&nbsp; godz. 16.00 klatka (wej\u015bcie) 123 m. 1- 41<\/p>\n<p>&nbsp;&nbsp;&nbsp;&nbsp;&nbsp;&nbsp;&nbsp;&nbsp;&nbsp;&nbsp;&nbsp;&nbsp;&nbsp;&nbsp;&nbsp;&nbsp;&nbsp;&nbsp;&nbsp;&nbsp;&nbsp;&nbsp;&nbsp;&nbsp;&nbsp;&nbsp;&nbsp;&nbsp;&nbsp;&nbsp;&nbsp;&nbsp; godz. 16.00 klatka (wej\u015bcie) 16 m. 1- 42<\/p>\n<p>\u015broda,&nbsp;&nbsp;&nbsp;&nbsp;&nbsp;&nbsp;&nbsp;&nbsp;&nbsp;&nbsp;&nbsp; 10.01.&nbsp; godz. 16.00 klatka (wej\u015bcia) 123 m. 42-77<\/p>\n<p>&nbsp;&nbsp;&nbsp;&nbsp;&nbsp;&nbsp;&nbsp;&nbsp;&nbsp;&nbsp;&nbsp;&nbsp;&nbsp;&nbsp;&nbsp;&nbsp;&nbsp;&nbsp;&nbsp;&nbsp;&nbsp;&nbsp;&nbsp;&nbsp;&nbsp;&nbsp;&nbsp;&nbsp;&nbsp;&nbsp;&nbsp;&nbsp; godz. 16.00 klatka (wej\u015bcie) 16 m. 43-77<\/p>\n<p>czwartek,&nbsp;&nbsp;&nbsp;&nbsp;&nbsp; 11.01.&nbsp; godz. 16.00 klatka (wej\u015bcie) 124 m.1-32<\/p>\n<p>&nbsp;&nbsp;&nbsp;&nbsp;&nbsp;&nbsp;&nbsp;&nbsp;&nbsp;&nbsp;&nbsp;&nbsp;&nbsp;&nbsp;&nbsp;&nbsp;&nbsp;&nbsp;&nbsp;&nbsp;&nbsp;&nbsp;&nbsp;&nbsp;&nbsp;&nbsp;&nbsp;&nbsp;&nbsp;&nbsp;&nbsp; godz. 16.00 klatka (wej\u015bcie) 17 m. 1-63<\/p>\n<p>pi\u0105tek,&nbsp;&nbsp;&nbsp;&nbsp;&nbsp;&nbsp;&nbsp;&nbsp;&nbsp; 12.01.&nbsp;&nbsp; godz. 16.00 klatka (wej\u015bcie) 124 m.33-77<\/p>\n<p>&nbsp;&nbsp;&nbsp;&nbsp;&nbsp;&nbsp;&nbsp;&nbsp;&nbsp;&nbsp;&nbsp;&nbsp;&nbsp;&nbsp;&nbsp;&nbsp;&nbsp;&nbsp;&nbsp;&nbsp;&nbsp;&nbsp;&nbsp;&nbsp;&nbsp;&nbsp;&nbsp;&nbsp;&nbsp;&nbsp; godz. 16.00 klatka (wej\u015bcie) 17 m. 64-77 oraz 18 m.1-32<\/p>\n<p>poniedzia\u0142ek,15.01. godz. 16.00 klatka (wej\u015bcie) 125 m. 1-35<\/p>\n<p>wtorek,&nbsp;&nbsp;&nbsp;&nbsp;&nbsp;&nbsp;&nbsp;&nbsp; 16.01. godz. 16.00 klatka (wej\u015bcie) 125 m. 36-77<\/p>\n<p>&nbsp;&nbsp;&nbsp;&nbsp;&nbsp;&nbsp;&nbsp;&nbsp;&nbsp;&nbsp;&nbsp;&nbsp;&nbsp;&nbsp;&nbsp;&nbsp;&nbsp;&nbsp;&nbsp;&nbsp;&nbsp;&nbsp;&nbsp;&nbsp;&nbsp;&nbsp;&nbsp;&nbsp;&nbsp;&nbsp; godz. 16.00 klatka (wej\u015bcie) 18 m, 33-77<\/p>\n<p>\u015broda,&nbsp;&nbsp;&nbsp;&nbsp;&nbsp;&nbsp;&nbsp;&nbsp;&nbsp;&nbsp; 17.01.&nbsp; godz. 16.00 klatka (wej\u015bcia) 126 m. 1-36<\/p>\n<p>&nbsp;&nbsp;&nbsp;&nbsp;&nbsp;&nbsp;&nbsp;&nbsp;&nbsp;&nbsp;&nbsp;&nbsp;&nbsp;&nbsp;&nbsp;&nbsp;&nbsp;&nbsp;&nbsp;&nbsp;&nbsp;&nbsp;&nbsp;&nbsp;&nbsp;&nbsp;&nbsp;&nbsp;&nbsp;&nbsp;&nbsp; godz. 16.00 klatka (wej\u015bcie) 19 m. 1-42<\/p>\n<p>czwartek,&nbsp;&nbsp;&nbsp;&nbsp; 18.01.&nbsp; godz. 16.00 klatka (wej\u015bcie) 126 m. 37-77<\/p>\n<p>&nbsp;&nbsp;&nbsp;&nbsp;&nbsp;&nbsp;&nbsp;&nbsp;&nbsp;&nbsp;&nbsp;&nbsp;&nbsp;&nbsp;&nbsp;&nbsp;&nbsp;&nbsp;&nbsp;&nbsp;&nbsp;&nbsp;&nbsp;&nbsp;&nbsp;&nbsp;&nbsp;&nbsp;&nbsp;&nbsp;&nbsp; godz. 16.00 klatka (wej\u015bcie) 19 m. 43-77<\/p>\n<p>pi\u0105tek,&nbsp;&nbsp;&nbsp;&nbsp;&nbsp;&nbsp;&nbsp; 19.01.&nbsp;&nbsp; godz. 16.00 klatka (wej\u015bcie) 127 m. 1- 41<\/p>\n<p>&nbsp;&nbsp;&nbsp;&nbsp;&nbsp;&nbsp;&nbsp;&nbsp;&nbsp;&nbsp;&nbsp;&nbsp;&nbsp;&nbsp;&nbsp;&nbsp;&nbsp;&nbsp;&nbsp;&nbsp;&nbsp;&nbsp;&nbsp;&nbsp;&nbsp;&nbsp;&nbsp;&nbsp;&nbsp;&nbsp; godz. 16.00 klatka (wej\u015bcie) 20 m. 1-37<\/p>\n<p>sobota,&nbsp;&nbsp;&nbsp;&nbsp;&nbsp;&nbsp;&nbsp; 20.1.&nbsp;&nbsp;&nbsp; godz. 16.00 klatka (wej\u015bcie) 127 m. 42-77<\/p>\n<p>poniedzia\u0142ek,22.01. godz. 16.00 klatka (wej\u015bcie) 128 m. 1-50<\/p>\n<p>wtorek,&nbsp;&nbsp;&nbsp;&nbsp;&nbsp;&nbsp;&nbsp; 23.01. godz. 16.00 klatka (wej\u015bcie) 128 m 51-77<\/p>\n<p>&nbsp;&nbsp;&nbsp;&nbsp;&nbsp;&nbsp;&nbsp;&nbsp;&nbsp;&nbsp;&nbsp;&nbsp;&nbsp;&nbsp;&nbsp;&nbsp;&nbsp;&nbsp;&nbsp;&nbsp;&nbsp;&nbsp;&nbsp;&nbsp;&nbsp;&nbsp;&nbsp;&nbsp;&nbsp;&nbsp; godz. 16.00 klatka (wej\u015bcie)<\/p>\n<p>\u015broda,&nbsp;&nbsp;&nbsp;&nbsp;&nbsp;&nbsp;&nbsp;&nbsp;&nbsp;&nbsp; 24.01.&nbsp; godz. 16.00 klatka (wej\u015bcia) 129 m. 1-41<\/p>\n<p>czwartek,&nbsp;&nbsp;&nbsp;&nbsp; 25.01.&nbsp; godz. 16.00 klatka (wej\u015bcie) 129 m. 42-77<\/p>\n<p>&nbsp;<\/p>\n<p>W czasie kol\u0119dy Biuro Parafialne czynne: w czwartek i w sobot\u0119 bez zmian. W poniedzia\u0142ek nieczynne. Sprawy pilne prosimy za\u0142atwia\u0107 w dni kol\u0119dowe od 15.00 do 15.30. Spowied\u017a \u015bw. p\u00f3\u0142 godziny przed porann\u0105 Msz\u0105 \u015bw. i w sobot\u0119 od godz. 16.00 do 18.00.<\/p>\n<p>&nbsp;<\/p>\n<p>&nbsp;<\/p>\n<p>&nbsp;<\/p>\n<p><strong>&nbsp;&nbsp;&nbsp;&nbsp;&nbsp;&nbsp;&nbsp;&nbsp;&nbsp;&nbsp;&nbsp;&nbsp;&nbsp;&nbsp;&nbsp;&nbsp;&nbsp;&nbsp;&nbsp;&nbsp;&nbsp;&nbsp;&nbsp;&nbsp;&nbsp;&nbsp;&nbsp;&nbsp;&nbsp;&nbsp;&nbsp;&nbsp;&nbsp;&nbsp;&nbsp;&nbsp;&nbsp;&nbsp;&nbsp;&nbsp;&nbsp;&nbsp;&nbsp;&nbsp;&nbsp;&nbsp;&nbsp;&nbsp;&nbsp;&nbsp;&nbsp;&nbsp;&nbsp;&nbsp;&nbsp;&nbsp;&nbsp;&nbsp;&nbsp;&nbsp;&nbsp;&nbsp;&nbsp; <\/strong><\/p>\n","protected":false},"excerpt":{"rendered":"<p>&nbsp; NIEDZIELA CHRZTU PA\u0143SKIEGO 7 stycznia 2024 r. Od poniedzia\u0142ku do pi\u0105tku msza \u015bw. tylko o godz. 8.00. Nowenna do Matki Bo\u017cej Nieustaj\u0105cej Pomocy w \u015brod\u0119 w \u0142\u0105czno\u015bci ze msz\u0105 \u015bw. o godz. 8.00. Kol\u0119da &#8211; odwiedziny duszpasterskie w rodzinach. Woda \u015bwi\u0119cona jest wystawiona przy chrzcielnicy. Na powiadomieniach o kol\u0119dzie podany jest jedynie orientacyjny czas &#8230; <span class=\"more\"><a class=\"more-link\" href=\"https:\/\/www.chnk.pl\/?p=3959\">czytaj wi\u0119cej<\/a><\/span><\/p>\n","protected":false},"author":3,"featured_media":0,"comment_status":"open","ping_status":"open","sticky":false,"template":"","format":"standard","meta":{"ngg_post_thumbnail":0,"footnotes":""},"categories":[1],"tags":[],"_links":{"self":[{"href":"https:\/\/www.chnk.pl\/index.php?rest_route=\/wp\/v2\/posts\/3959"}],"collection":[{"href":"https:\/\/www.chnk.pl\/index.php?rest_route=\/wp\/v2\/posts"}],"about":[{"href":"https:\/\/www.chnk.pl\/index.php?rest_route=\/wp\/v2\/types\/post"}],"author":[{"embeddable":true,"href":"https:\/\/www.chnk.pl\/index.php?rest_route=\/wp\/v2\/users\/3"}],"replies":[{"embeddable":true,"href":"https:\/\/www.chnk.pl\/index.php?rest_route=%2Fwp%2Fv2%2Fcomments&post=3959"}],"version-history":[{"count":1,"href":"https:\/\/www.chnk.pl\/index.php?rest_route=\/wp\/v2\/posts\/3959\/revisions"}],"predecessor-version":[{"id":3960,"href":"https:\/\/www.chnk.pl\/index.php?rest_route=\/wp\/v2\/posts\/3959\/revisions\/3960"}],"wp:attachment":[{"href":"https:\/\/www.chnk.pl\/index.php?rest_route=%2Fwp%2Fv2%2Fmedia&parent=3959"}],"wp:term":[{"taxonomy":"category","embeddable":true,"href":"https:\/\/www.chnk.pl\/index.php?rest_route=%2Fwp%2Fv2%2Fcategories&post=3959"},{"taxonomy":"post_tag","embeddable":true,"href":"https:\/\/www.chnk.pl\/index.php?rest_route=%2Fwp%2Fv2%2Ftags&post=3959"}],"curies":[{"name":"wp","href":"https:\/\/api.w.org\/{rel}","templated":true}]}}