{"id":3952,"date":"2023-12-30T15:50:54","date_gmt":"2023-12-30T15:50:54","guid":{"rendered":"https:\/\/www.chnk.pl\/?p=3952"},"modified":"2023-12-30T15:50:54","modified_gmt":"2023-12-30T15:50:54","slug":"2-niedziela-po-narodzeniu-panskim-4","status":"publish","type":"post","link":"https:\/\/www.chnk.pl\/?p=3952","title":{"rendered":"2 Niedziela po Narodzeniu Pa\u0144skim"},"content":{"rendered":"<p><strong>OG\u0141OSZENIA DUSZPASTERSKIE<\/strong><\/p>\n<p><strong>NIEDZIELA II PO NARODZENIU PA\u0143SKIM<\/strong><\/p>\n<p><strong>NIEDZIELA \u015aWI\u0118TEJ RODZINY JEZUSA MARYI I J\u00d3ZEFA<\/strong><\/p>\n<p><strong>&nbsp;31 grudnia 2023 r.<\/strong>&nbsp;<\/p>\n<p>&nbsp;<\/p>\n<ol>\n<li>W sobot\u0119 uroczysto\u015b\u0107 Objawienia Pa\u0144skiego. Prze\u017cywamy j\u0105 jako dzie\u0144 misyjny w Ko\u015bciele. Msze \u015bw. wed\u0142ug porz\u0105dku niedzielnego. Kreda i kadzid\u0142o b\u0119d\u0105 wy\u0142o\u017cone pod ch\u00f3rem.<\/li>\n<\/ol>\n<p><strong>&nbsp;<\/strong><\/p>\n<ol start=\"2\">\n<li>W tym tygodniu: I czwartek, I pi\u0105tek i I sobota miesi\u0105ca. W I czwartek Adoracja Naj\u015bwi\u0119tszego Sakramentu oraz od 17.00 do 18.00. R\u00f3\u017caniec o godz. 17.20 w intencji obrony \u017cycia ludzkiego, godno\u015bci jego przekazywania i tych, kt\u00f3rzy kszta\u0142tuj\u0105 opini\u0105 spo\u0142eczn\u0105 na ten temat. Po mszy \u015bw. wieczornej adoracja do godz. 21.00 w intencji zachowania oraz nowych powo\u0142a\u0144 kap\u0142a\u0144skich i zakonnych. Spowied\u017a \u015bw. w pi\u0105tek od godz. 15.00 do 18.00. Komunia \u015bw. dla dzieci o godz. 16.30. Odwiedziny chorych z sakramentami \u015bw. w pi\u0105tek, 5 stycznia, wed\u0142ug sta\u0142ego porz\u0105dku i w sobot\u0119, 13 stycznia. Nabo\u017ce\u0144stwo do Niepokalanego Serca Matki Bo\u017cej w sobot\u0119. 6 stycznia o godz. 17.00.<\/li>\n<\/ol>\n<p><strong>&nbsp;<\/strong><\/p>\n<ol start=\"3\">\n<li>Kol\u0119da \u2013 odwiedziny duszpasterskie w rodzinach.<\/li>\n<\/ol>\n<p>wtorek&nbsp;&nbsp;&nbsp;&nbsp;&nbsp;&nbsp;&nbsp;&nbsp;&nbsp; 2.1. godz. 16.00, blok 40 m. 1 &#8211; 55<\/p>\n<p>&nbsp;&nbsp;&nbsp;&nbsp;&nbsp;&nbsp;&nbsp;&nbsp;&nbsp;&nbsp;&nbsp;&nbsp;&nbsp;&nbsp;&nbsp;&nbsp;&nbsp;&nbsp;&nbsp;&nbsp;&nbsp;&nbsp;&nbsp;&nbsp;&nbsp;&nbsp; godz. 16.00, wej\u015bcie 122 m. 1- 42<\/p>\n<p>\u015broda&nbsp;&nbsp;&nbsp;&nbsp;&nbsp;&nbsp;&nbsp;&nbsp;&nbsp;&nbsp;&nbsp; 3.1. godz. 16.00, blok 40 m. 56 &#8211; 91<\/p>\n<p>&nbsp;&nbsp;&nbsp;&nbsp;&nbsp;&nbsp;&nbsp;&nbsp;&nbsp;&nbsp;&nbsp;&nbsp;&nbsp;&nbsp;&nbsp;&nbsp;&nbsp;&nbsp;&nbsp;&nbsp;&nbsp;&nbsp;&nbsp;&nbsp;&nbsp; godz. 16.00, wej\u015bcie 122 m. 43 -77<\/p>\n<p>czwartek&nbsp;&nbsp;&nbsp;&nbsp;&nbsp; 4.1. godz. 16.00, wej\u015bcie 15 m. 1-77<\/p>\n<p>poniedzia\u0142ek 8.1. godz. 16.00, blok 40 m. 92-128<\/p>\n<p>wtorek&nbsp;&nbsp;&nbsp;&nbsp;&nbsp;&nbsp;&nbsp;&nbsp;&nbsp; 9.1. godz. 16.00, wej\u015bcie 123 m.1 &#8211; 41<\/p>\n<p>&nbsp;&nbsp;&nbsp;&nbsp;&nbsp;&nbsp;&nbsp;&nbsp;&nbsp;&nbsp;&nbsp;&nbsp;&nbsp;&nbsp;&nbsp;&nbsp;&nbsp;&nbsp;&nbsp;&nbsp;&nbsp;&nbsp;&nbsp;&nbsp;&nbsp;&nbsp; godz. 16.00, wej\u015bcie 16 m. 1- 42<\/p>\n<p>\u015broda&nbsp;&nbsp;&nbsp;&nbsp;&nbsp;&nbsp;&nbsp;&nbsp;&nbsp;&nbsp; 10.1. godz. 16.00, wej\u015bcie 123 m. 42 -77<\/p>\n<p>&nbsp;&nbsp;&nbsp;&nbsp;&nbsp;&nbsp;&nbsp;&nbsp;&nbsp;&nbsp;&nbsp;&nbsp;&nbsp;&nbsp;&nbsp;&nbsp;&nbsp;&nbsp;&nbsp;&nbsp;&nbsp;&nbsp;&nbsp;&nbsp;&nbsp;&nbsp;&nbsp; godz. 16.00, wej\u015bcie 16 m. 43 &#8211; 77<\/p>\n<p>Na kol\u0119d\u0119 przygotowujemy krzy\u017c, \u015bwiece, wod\u0119 \u015bwi\u0119con\u0105 i kropid\u0142o. Woda \u015bwi\u0119cona przy chrzcielnicy. W okresie kol\u0119dowym msze \u015bw. tylko o godz. 8:00. W poniedzia\u0142ki kol\u0119dowe Biuro Parafialne nieczynne.<\/p>\n<p><strong>&nbsp;<\/strong><\/p>\n<ol start=\"4\">\n<li>B\u00f3g zap\u0142a\u0107 za ofiary na utrzymanie i ogrzewanie naszego ko\u015bcio\u0142a.<\/li>\n<\/ol>\n<p><strong>&nbsp;<\/strong><\/p>\n<ol start=\"5\">\n<li>M\u00f3dlmy si\u0119 za zmar\u0142ych Parafian. Za dusz\u0119 \u015bp. Aleksandry Muszy\u0144skiej, os. Lecha 69 ( msza \u015bw. pogrzebowa we wtorek o 7.00) i \u015bp. Adama Adamczyk, os. Lecha 129 (msza \u015bw. pogrzebowa w pi\u0105tek o godz. 9.00). Wieczny odpoczynek racz zmar\u0142ym da\u0107 Panie.<\/li>\n<\/ol>\n","protected":false},"excerpt":{"rendered":"<p>OG\u0141OSZENIA DUSZPASTERSKIE NIEDZIELA II PO NARODZENIU PA\u0143SKIM NIEDZIELA \u015aWI\u0118TEJ RODZINY JEZUSA MARYI I J\u00d3ZEFA &nbsp;31 grudnia 2023 r.&nbsp; &nbsp; W sobot\u0119 uroczysto\u015b\u0107 Objawienia Pa\u0144skiego. Prze\u017cywamy j\u0105 jako dzie\u0144 misyjny w Ko\u015bciele. Msze \u015bw. wed\u0142ug porz\u0105dku niedzielnego. Kreda i kadzid\u0142o b\u0119d\u0105 wy\u0142o\u017cone pod ch\u00f3rem. &nbsp; W tym tygodniu: I czwartek, I pi\u0105tek i I sobota miesi\u0105ca. &#8230; <span class=\"more\"><a class=\"more-link\" href=\"https:\/\/www.chnk.pl\/?p=3952\">czytaj wi\u0119cej<\/a><\/span><\/p>\n","protected":false},"author":3,"featured_media":0,"comment_status":"open","ping_status":"open","sticky":false,"template":"","format":"standard","meta":{"ngg_post_thumbnail":0,"footnotes":""},"categories":[1],"tags":[],"_links":{"self":[{"href":"https:\/\/www.chnk.pl\/index.php?rest_route=\/wp\/v2\/posts\/3952"}],"collection":[{"href":"https:\/\/www.chnk.pl\/index.php?rest_route=\/wp\/v2\/posts"}],"about":[{"href":"https:\/\/www.chnk.pl\/index.php?rest_route=\/wp\/v2\/types\/post"}],"author":[{"embeddable":true,"href":"https:\/\/www.chnk.pl\/index.php?rest_route=\/wp\/v2\/users\/3"}],"replies":[{"embeddable":true,"href":"https:\/\/www.chnk.pl\/index.php?rest_route=%2Fwp%2Fv2%2Fcomments&post=3952"}],"version-history":[{"count":1,"href":"https:\/\/www.chnk.pl\/index.php?rest_route=\/wp\/v2\/posts\/3952\/revisions"}],"predecessor-version":[{"id":3953,"href":"https:\/\/www.chnk.pl\/index.php?rest_route=\/wp\/v2\/posts\/3952\/revisions\/3953"}],"wp:attachment":[{"href":"https:\/\/www.chnk.pl\/index.php?rest_route=%2Fwp%2Fv2%2Fmedia&parent=3952"}],"wp:term":[{"taxonomy":"category","embeddable":true,"href":"https:\/\/www.chnk.pl\/index.php?rest_route=%2Fwp%2Fv2%2Fcategories&post=3952"},{"taxonomy":"post_tag","embeddable":true,"href":"https:\/\/www.chnk.pl\/index.php?rest_route=%2Fwp%2Fv2%2Ftags&post=3952"}],"curies":[{"name":"wp","href":"https:\/\/api.w.org\/{rel}","templated":true}]}}