{"id":3945,"date":"2023-12-23T19:50:43","date_gmt":"2023-12-23T19:50:43","guid":{"rendered":"https:\/\/www.chnk.pl\/?p=3945"},"modified":"2023-12-23T19:50:43","modified_gmt":"2023-12-23T19:50:43","slug":"4-niedziela-adwentu-6","status":"publish","type":"post","link":"https:\/\/www.chnk.pl\/?p=3945","title":{"rendered":"4 Niedziela Adwentu"},"content":{"rendered":"<p style=\"text-align: center;\"><strong>&nbsp;<\/strong><strong>OG\u0141OSZENIA DUSZPASTERSKIE<\/strong><\/p>\n<p><strong>IV NIEDZIELA ADWENTU<\/strong><\/p>\n<p><strong>24 grudnia 2023 r. &nbsp;<\/strong><\/p>\n<ol>\n<li>Dzisiaj nie ma mszy \u015bw. o godz. 18.00. \u015awiat\u0142o Betlejemskie b\u0119dzie wystawione do godz. 16.00. Pasterka o godz. 22.00 i 00.00. Przypominamy o obowi\u0105zku zachowywania zawsze postu eucharystycznego, kt\u00f3ry polega na powstrzymaniu si\u0119 od posi\u0142ku i napoju godzin\u0119 przed przyj\u0119ciem Komunii \u015bw. W I \u015awi\u0119to nie b\u0119dzie mszy \u015bw. o godz. 8.00. W II \u015awi\u0119to Bo\u017cego Narodzenia porz\u0105dek mszy \u015bw. niedzielny. Ofiary z II-ego \u015bwi\u0119ta przeznaczone na KUL i Wydzia\u0142 Teologiczny.&nbsp; Wydzia\u0142 Teologiczny w Poznaniu, zgodnie z umow\u0105 podpisan\u0105 z UAM, utrzymuje budynki Wydzia\u0142u z funduszy archidiecezji pozna\u0144skiej. Dlatego Wydzia\u0142 zwraca si\u0119 si\u0119 do Parafian o wsparcie materialne. Na Wydziale kszta\u0142c\u0105 si\u0119 nie tylko klerycy, ale r\u00f3wnie\u017c wiele os\u00f3b \u015bwieckich.<\/li>\n<\/ol>\n<p>&nbsp;<\/p>\n<ol start=\"2\">\n<li>\u015apiewanie kol\u0119d przy \u017c\u0142\u00f3bku w drugie \u015bwi\u0119to o godz. 16.00.<\/li>\n<\/ol>\n<p>&nbsp;<\/p>\n<ol start=\"3\">\n<li>W przysz\u0142\u0105 niedziel\u0119, 27 grudnia, obchodzimy \u015bwi\u0119to \u015awi\u0119tej Rodziny: Jezusa, Maryi i J\u00f3zefa. Jest to dzie\u0144 modlitwy o \u015bwi\u0119to\u015b\u0107 ma\u0142\u017ce\u0144stw i rodzin oraz dzie\u0144 odnowienia przyrzecze\u0144 ma\u0142\u017ce\u0144skich. Odnowienie przyrzecze\u0144 na ka\u017cdej mszy \u015bw. Prosimy ma\u0142\u017conk\u00f3w, aby uczestnicz\u0105c w przysz\u0142\u0105 niedziel\u0119 we mszy \u015bw. zaj\u0119li miejsca obok siebie tak, aby mogli w czasie liturgii odnowi\u0107 \u015blubowania ma\u0142\u017ce\u0144skie.<\/li>\n<\/ol>\n<p>&nbsp;<\/p>\n<ol start=\"4\">\n<li>Peregrynacja relikwii B\u0142ogos\u0142awionej Rodziny Ulm\u00f3wpod has\u0142em <em>Rodzina \u2013 w niej \u015bwi\u0119to\u015b\u0107 si\u0119 zaczyna, <\/em>w Parafii \u015bw. Antoniego Padewskiego na Staro\u0142\u0119ce, rozpocznie si\u0119 28 grudnia wieczorem. G\u0142\u00f3wne uroczysto\u015b\u0107 29 grudnia. Nasza Parafia uczestniczy we Mszy \u015bw. o godz. 9.00. Ca\u0142o\u015bciowy program Peregrynacji na tablicy og\u0142osze\u0144.<\/li>\n<\/ol>\n<p>&nbsp;<\/p>\n<ol start=\"5\">\n<li>Dzi\u0119kczynienie za dzie\u0142o Duchowej Adopcji Dziecka Pocz\u0119tego w naszej Parafii z\u0142o\u017cymy Panu Bogu w przysz\u0142\u0105 niedziel\u0119 na mszy \u015bw. o godz. 9.30. Archidiecezjalne obchody dzi\u0119kczynienia odb\u0119d\u0105 si\u0119 w czwartek 28 grudnia 2023 roku&nbsp; w ko\u015bciele pw. Zwiastowania Pa\u0144skiego \u2013 diecezjalnym Sanktuarium \u015awi\u0119to\u015bci \u017bycia (przy ul. Le\u015bmiana 2a w Poznaniu).&nbsp;O godz. 18:00 nabo\u017ce\u0144stwo r\u00f3\u017ca\u0144cowe i o 18:30 Msza \u015bwi\u0119ta, kt\u00f3rej b\u0119dzie przewodniczy\u0142 ks. Biskup Jan Glapiak.<\/li>\n<\/ol>\n<p>&nbsp;<\/p>\n<ol start=\"6\">\n<li>B\u00f3g zap\u0142a\u0107 za ofiary na utrzymanie naszego ko\u015bcio\u0142a. B\u00f3g zap\u0142a\u0107 parafianom za pos\u0142ug\u0119 przy op\u0142atka oraz panom za ustawienie \u017c\u0142\u00f3bka i choinek. B\u00f3g zap\u0142a\u0107 za dary Tytki charytatywnej i przewiezienie ich do centrali CARITAS-u.<\/li>\n<\/ol>\n<p>&nbsp;<\/p>\n<ol start=\"7\">\n<li>Zach\u0119camy do czytania prasy katolickiej. W kaplicy przy zakrystii: Przewodnik Katolicki ( z modlitewnikiem na stycze\u0144), Go\u015b\u0107 Niedzielny (numer podw\u00f3jny), gazeta parafialna. Op\u0142atki w salce parafialnej. Pod ch\u00f3rem propozycje modlitewne przed wieczerz\u0105 wigilijn\u0105.<\/li>\n<\/ol>\n<p>&nbsp;<\/p>\n<ol start=\"8\">\n<li>W tym roku kol\u0119da w blokach: 15 do 20, 39, 40 i 122 do 129 . Kol\u0119da rozpocznie si\u0119 po Nowym Roku.<\/li>\n<\/ol>\n<p>&nbsp;<\/p>\n<ol start=\"9\">\n<li>M\u00f3dlmy si\u0119 za parafian zmar\u0142ych od ubieg\u0142orocznej Uroczysto\u015bci Bo\u017cego Narodzenia, aby dzi\u0119ki Mi\u0142osiernemu Jezusowi narodzili si\u0119 do \u017cycia wiecznego. Wieczny odpoczynek racz zmar\u0142ym da\u0107 Panie.<\/li>\n<\/ol>\n<p>&nbsp;<\/p>\n<p>&nbsp;<\/p>\n<p>&nbsp;<\/p>\n<p>&nbsp;<\/p>\n<p>&nbsp;<\/p>\n<p>&nbsp;<\/p>\n<p>&nbsp;<\/p>\n<p>&nbsp;<\/p>\n<p>&nbsp;<\/p>\n<p><strong>&nbsp;<\/strong><\/p>\n<p><strong>&nbsp;<\/strong><\/p>\n<p><strong>&nbsp;<\/strong><\/p>\n<p><strong>&nbsp;<\/strong><\/p>\n<p>&nbsp;<\/p>\n<p>&nbsp;<\/p>\n<p>&nbsp;<\/p>\n<p>&nbsp;<\/p>\n","protected":false},"excerpt":{"rendered":"<p>&nbsp;OG\u0141OSZENIA DUSZPASTERSKIE IV NIEDZIELA ADWENTU 24 grudnia 2023 r. &nbsp; Dzisiaj nie ma mszy \u015bw. o godz. 18.00. \u015awiat\u0142o Betlejemskie b\u0119dzie wystawione do godz. 16.00. Pasterka o godz. 22.00 i 00.00. Przypominamy o obowi\u0105zku zachowywania zawsze postu eucharystycznego, kt\u00f3ry polega na powstrzymaniu si\u0119 od posi\u0142ku i napoju godzin\u0119 przed przyj\u0119ciem Komunii \u015bw. W I \u015awi\u0119to &#8230; <span class=\"more\"><a class=\"more-link\" href=\"https:\/\/www.chnk.pl\/?p=3945\">czytaj wi\u0119cej<\/a><\/span><\/p>\n","protected":false},"author":3,"featured_media":0,"comment_status":"open","ping_status":"open","sticky":false,"template":"","format":"standard","meta":{"ngg_post_thumbnail":0,"footnotes":""},"categories":[1],"tags":[],"_links":{"self":[{"href":"https:\/\/www.chnk.pl\/index.php?rest_route=\/wp\/v2\/posts\/3945"}],"collection":[{"href":"https:\/\/www.chnk.pl\/index.php?rest_route=\/wp\/v2\/posts"}],"about":[{"href":"https:\/\/www.chnk.pl\/index.php?rest_route=\/wp\/v2\/types\/post"}],"author":[{"embeddable":true,"href":"https:\/\/www.chnk.pl\/index.php?rest_route=\/wp\/v2\/users\/3"}],"replies":[{"embeddable":true,"href":"https:\/\/www.chnk.pl\/index.php?rest_route=%2Fwp%2Fv2%2Fcomments&post=3945"}],"version-history":[{"count":1,"href":"https:\/\/www.chnk.pl\/index.php?rest_route=\/wp\/v2\/posts\/3945\/revisions"}],"predecessor-version":[{"id":3946,"href":"https:\/\/www.chnk.pl\/index.php?rest_route=\/wp\/v2\/posts\/3945\/revisions\/3946"}],"wp:attachment":[{"href":"https:\/\/www.chnk.pl\/index.php?rest_route=%2Fwp%2Fv2%2Fmedia&parent=3945"}],"wp:term":[{"taxonomy":"category","embeddable":true,"href":"https:\/\/www.chnk.pl\/index.php?rest_route=%2Fwp%2Fv2%2Fcategories&post=3945"},{"taxonomy":"post_tag","embeddable":true,"href":"https:\/\/www.chnk.pl\/index.php?rest_route=%2Fwp%2Fv2%2Ftags&post=3945"}],"curies":[{"name":"wp","href":"https:\/\/api.w.org\/{rel}","templated":true}]}}