{"id":3941,"date":"2023-12-16T18:29:44","date_gmt":"2023-12-16T18:29:44","guid":{"rendered":"https:\/\/www.chnk.pl\/?p=3941"},"modified":"2023-12-16T18:30:03","modified_gmt":"2023-12-16T18:30:03","slug":"3-niedziela-adwentu-5","status":"publish","type":"post","link":"https:\/\/www.chnk.pl\/?p=3941","title":{"rendered":"3 Niedziela Adwentu"},"content":{"rendered":"<p>9<\/p>\n<p><strong>OG\u0141OSZENIA DUSZPASTERSKIE<\/strong><\/p>\n<p><strong>III NIEDZIELA ADWENTU<\/strong><\/p>\n<p><strong>17 grudnia 2023 r.<\/strong><\/p>\n<ol>\n<li>W Diecezji Pozna\u0144skiej rozpocz\u0119\u0142a si\u0119 peregrynacja relikwii B\u0142ogos\u0142awionej Rodziny Ulm\u00f3w. Plan nawiedzenia zamieszczony jest na stronie internetowej Archidiecezji. Nasza Parafia przyporz\u0105dkowana jest do Parafii \u015bw. Antoniego na Staro\u0142\u0119ce na dzie\u0144 29 grudnia. Szczeg\u00f3\u0142y po \u015awi\u0119cie Bo\u017cego Narodzenia.<\/li>\n<\/ol>\n<p>&nbsp;<\/p>\n<ol start=\"2\">\n<li>Roraty od poniedzia\u0142ku do soboty o godz. 6.00. Dzieci od poniedzia\u0142ku do pi\u0105tku o godz. 18.00. W trzecim tygodniu Adwentu przypadaj\u0105 kwartalne dni modlitw o \u017cycie chrze\u015bcija\u0144skie rodzin i za przygotowuj\u0105cych si\u0119 do ma\u0142\u017ce\u0144stwa. W tej intencji b\u0119dziemy si\u0119 modli\u0107 w czasie rorat i w r\u00f3\u017ca\u0144cu.<\/li>\n<\/ol>\n<p>&nbsp;<\/p>\n<ol start=\"3\">\n<li>Adwentowy wiecz\u00f3r ze S\u0142owem Bo\u017cym w \u015brod\u0119 o godz, 19.15 w salce.<\/li>\n<\/ol>\n<p>&nbsp;<\/p>\n<ol start=\"4\">\n<li>We wtorek, Dzie\u0144 Salety\u0144ski. O godz. 6.00 msza \u015bw. w intencji Stowarzyszenia Matki Bo\u017cej Patronki Dobrej \u015amierci. Procesja wynagradzaj\u0105ca do figury Matki Bo\u017cej Salety\u0144skiej po mszy \u015bw., po procesji r\u00f3\u017caniec salety\u0144ski i op\u0142atek Stowarzyszenia.<\/li>\n<\/ol>\n<p>&nbsp;<\/p>\n<ol start=\"5\">\n<li>W tygodniu okazja do spowiedzi \u015bw.: w \u015brod\u0119 od godz. 7.00 do 8.00 i od 16.00 do 19.00; w czwartek od godz. 7.00 do 8.00 i od 16.00 do 19.00, w pi\u0105tek od godz. 7.00 do 8.00 i od 16.00 do 18.00 i sobot\u0119 od godz. 16.00 do 18.00.<\/li>\n<\/ol>\n<p>&nbsp;<\/p>\n<ol start=\"6\">\n<li>Prosimy pan\u00f3w o pomoc w przygotowaniu \u017c\u0142\u00f3bka: w poniedzia\u0142ek, 18 grudnia, o godz. 19.00 przygotowanie konstrukcji i ustawianie choinek, a we wtorek, 19 grudnia, godz. 19.00 samego \u017c\u0142\u00f3bka.<\/li>\n<\/ol>\n<p>&nbsp;<\/p>\n<ol start=\"7\">\n<li><strong>7<\/strong>. B\u00f3g zap\u0142a\u0107 za dary z Tytki charytatywnej. Osoby potrzebuj\u0105ce wsparcia w tej dziedzinie zapraszamy w poniedzia\u0142ek do salki w godz. 16.00 do 18.00.<\/li>\n<\/ol>\n<p>&nbsp;<\/p>\n<ol start=\"8\">\n<li>\u015awiat\u0142o Betlejemskie b\u0119dzie wystawione w ko\u015bciele pi\u0105tek i w sobot\u0119 od 8.00 do 18.00.<\/li>\n<\/ol>\n<p>&nbsp;<\/p>\n<ol start=\"9\">\n<li>Kol\u0119da w naszej parafii odb\u0119dzie si\u0119 w formie odwiedzin duszpasterskich w rodzinach, w blokach wysokich.<\/li>\n<\/ol>\n<p>&nbsp;<\/p>\n<ol start=\"10\">\n<li>B\u00f3g zap\u0142a\u0107 zespo\u0142om sprz\u0105taj\u0105cym w soboty ko\u015bci\u00f3\u0142. Prosimy o pomocy w tej bardzo potrzebnej pos\u0142udze. B\u00f3g zap\u0142a\u0107 za ofiary na utrzymanie ko\u015bcio\u0142a.<\/li>\n<\/ol>\n<p>&nbsp;<\/p>\n<ol start=\"11\">\n<li>Zach\u0119camy do czytania prasy katolickiej. W kaplicy przy zakrystii: <em>Przewodnik Kato\u00adlicki<\/em>,<em> Go\u015b\u0107 Niedzielny<\/em>, gazeta parafialna, <em>Ziarno<\/em>. Op\u0142atki wigilijne, \u015bwiece CARITAS i siano wigilijne w salce parafialnej, wej\u015bcie z dziedzi\u0144ca.<\/li>\n<\/ol>\n<p>&nbsp;<\/p>\n<ol start=\"12\">\n<li>M\u00f3dlmy si\u0119 za zmar\u0142ych Parafian. Za \u015bp. Zofi\u0119 Krzywick\u0105, os. Lecha 122 (msza \u015bw. pogrzebowa w czwartek o godz. 8.00). Wieczny odpoczynek racz zmar\u0142ym da\u0107 Panie.<\/li>\n<\/ol>\n<p>&nbsp;<\/p>\n<p><strong>&nbsp;<\/strong><\/p>\n<p><strong>&nbsp;<\/strong><\/p>\n<p><strong>&nbsp;<\/strong><\/p>\n<p><strong>&nbsp;<\/strong><\/p>\n<p><strong>&nbsp;<\/strong><\/p>\n<p><strong>&nbsp;<\/strong><\/p>\n<p><strong>&nbsp;<\/strong><\/p>\n<p><strong>&nbsp;<\/strong><\/p>\n<p><strong>&nbsp;<\/strong><\/p>\n<p><strong>&nbsp;<\/strong><\/p>\n<p><strong>&nbsp;<\/strong><\/p>\n<p>&nbsp;<\/p>\n<p>&nbsp;<\/p>\n<p>&nbsp;<\/p>\n<p>&nbsp;<\/p>\n<p>&nbsp;<\/p>\n","protected":false},"excerpt":{"rendered":"<p>9 OG\u0141OSZENIA DUSZPASTERSKIE III NIEDZIELA ADWENTU 17 grudnia 2023 r. W Diecezji Pozna\u0144skiej rozpocz\u0119\u0142a si\u0119 peregrynacja relikwii B\u0142ogos\u0142awionej Rodziny Ulm\u00f3w. Plan nawiedzenia zamieszczony jest na stronie internetowej Archidiecezji. Nasza Parafia przyporz\u0105dkowana jest do Parafii \u015bw. Antoniego na Staro\u0142\u0119ce na dzie\u0144 29 grudnia. Szczeg\u00f3\u0142y po \u015awi\u0119cie Bo\u017cego Narodzenia. &nbsp; Roraty od poniedzia\u0142ku do soboty o godz. &#8230; <span class=\"more\"><a class=\"more-link\" href=\"https:\/\/www.chnk.pl\/?p=3941\">czytaj wi\u0119cej<\/a><\/span><\/p>\n","protected":false},"author":3,"featured_media":0,"comment_status":"open","ping_status":"open","sticky":false,"template":"","format":"standard","meta":{"ngg_post_thumbnail":0,"footnotes":""},"categories":[1],"tags":[],"_links":{"self":[{"href":"https:\/\/www.chnk.pl\/index.php?rest_route=\/wp\/v2\/posts\/3941"}],"collection":[{"href":"https:\/\/www.chnk.pl\/index.php?rest_route=\/wp\/v2\/posts"}],"about":[{"href":"https:\/\/www.chnk.pl\/index.php?rest_route=\/wp\/v2\/types\/post"}],"author":[{"embeddable":true,"href":"https:\/\/www.chnk.pl\/index.php?rest_route=\/wp\/v2\/users\/3"}],"replies":[{"embeddable":true,"href":"https:\/\/www.chnk.pl\/index.php?rest_route=%2Fwp%2Fv2%2Fcomments&post=3941"}],"version-history":[{"count":2,"href":"https:\/\/www.chnk.pl\/index.php?rest_route=\/wp\/v2\/posts\/3941\/revisions"}],"predecessor-version":[{"id":3943,"href":"https:\/\/www.chnk.pl\/index.php?rest_route=\/wp\/v2\/posts\/3941\/revisions\/3943"}],"wp:attachment":[{"href":"https:\/\/www.chnk.pl\/index.php?rest_route=%2Fwp%2Fv2%2Fmedia&parent=3941"}],"wp:term":[{"taxonomy":"category","embeddable":true,"href":"https:\/\/www.chnk.pl\/index.php?rest_route=%2Fwp%2Fv2%2Fcategories&post=3941"},{"taxonomy":"post_tag","embeddable":true,"href":"https:\/\/www.chnk.pl\/index.php?rest_route=%2Fwp%2Fv2%2Ftags&post=3941"}],"curies":[{"name":"wp","href":"https:\/\/api.w.org\/{rel}","templated":true}]}}