{"id":3928,"date":"2023-11-25T14:53:42","date_gmt":"2023-11-25T14:53:42","guid":{"rendered":"https:\/\/www.chnk.pl\/?p=3928"},"modified":"2023-11-25T14:54:13","modified_gmt":"2023-11-25T14:54:13","slug":"uroczystosc-jezusa-chrystusa-krola-wszechswiata-5","status":"publish","type":"post","link":"https:\/\/www.chnk.pl\/?p=3928","title":{"rendered":"Uroczysto\u015b\u0107 Jezusa Chrystusa Kr\u00f3la Wszech\u015bwiata"},"content":{"rendered":"<p>&nbsp;<\/p>\n<p><strong>OG\u0141OSZENIA DUSZPASTERSKIE<\/strong><\/p>\n<p><strong>Uroczysto\u015b\u0107 Jezusa Chrystusa Kr\u00f3la Wszech\u015bwiata<\/strong><\/p>\n<p><strong>26 listopada 2023 r.<\/strong><\/p>\n<p><strong>&nbsp;<\/strong><\/p>\n<ol>\n<li>Kalendarz liturgiczny:<\/li>\n<\/ol>\n<p>czwartek \u2013 \u015bw. Andrzeja Aposto\u0142a,<\/p>\n<p>sobota \u2013 b\u0142. Rafa\u0142a Chyli\u0144skiego<\/p>\n<ol start=\"2\">\n<li>Dzisiaj, po mszy \u015bw. wystawienie Naj\u015bwi\u0119tszego Sakramentu i akt po\u015bwi\u0119cenia Jezusowi Chrystusowi Kr\u00f3lowi. Msza \u015bw. ko\u0144czy si\u0119 b\u0142ogos\u0142awie\u0144stwem eucharystycznym. Za pobo\u017cne i publiczne zm\u00f3wienie ww. aktu po\u015bwi\u0119cenie mo\u017cna dost\u0105pi\u0107 odpustu zupe\u0142nego.<\/li>\n<li><strong> Wnajbli\u017cszy poniedzia\u0142ek biuro parafialne nieczynne.<\/strong><\/li>\n<li>Spotkanie wsp\u00f3lnoty r\u00f3\u017ca\u0144cowej w \u015brod\u0119 po wieczornej mszy w. w ko\u015bciele.<\/li>\n<li>W czwartek o 19:15 msza \u015bw. z modlitw\u0105 o uzdrowienie. Intencje, w kt\u00f3rych zostanie odprawiona Eucharystia, b\u0119dzie mo\u017cna z\u0142o\u017cy\u0107 do koszyka pod ch\u00f3rem<\/li>\n<li>W tym tygodniu: I pi\u0105tek i I sobota miesi\u0105ca. <u>I pi\u0105tek:<\/u> spowied\u017a \u015bw. dla dzieci i m\u0142odzie\u017cy od 15.00 i Komunia \u015bw. o godz. 16.30. Msza \u015bw. pierwszopi\u0105tkowa o godz. 18.00. <u>I sobota:<\/u> r\u00f3\u017caniec do Niepokalanego Serca Matki Bo\u017cej o 7.15 i msza \u015bw. Odwiedziny chorych z sakramentami \u015bw. w pi\u0105tek. Ks. wikariusz odwiedzi chorych z sakramentami w kolejn\u0105 sobot\u0119, 9 grudnia.<\/li>\n<li>W pi\u0105tek spotkanie duszpasterstwa m\u0142odzie\u017cy w salce o godz. 19.15.<\/li>\n<li>Spotkanie Wsp\u00f3lnoty Rodzin wyj\u0105tkowo w tym miesi\u0105cu w drug\u0105 sobot\u0119 miesi\u0105ca, 9 grudnia o godz. 19:15, pocz\u0105tek w ko\u015bciele (Adoracja Naj\u015bw. Sakramentu).<\/li>\n<li>Dzieci zapraszamy w sobot\u0119, 2 grudnia, na godz. 11:00 do salki do wsp\u00f3lnego przygotowania kalendarzy adwentowych oraz lampion\u00f3w roratnych.<\/li>\n<li>Zach\u0119camy do przygotowania rodzinnego wie\u0144ca adwentowego z czterema \u015bwiecami we w\u0142asnym zakresie. Po\u015bwi\u0119cenie wie\u0144c\u00f3w adwentowych, w przysz\u0142\u0105 niedziel\u0119 na ka\u017cdej mszy \u015bw. Roraty o godz. 6.00.<\/li>\n<li>W dniu 27 listopada, w poniedzia\u0142ek, minie dziewi\u0119\u0107 lat od \u015bmierci S\u0142u\u017cebnicy Bo\u017cej doktor Wandy B\u0142e\u0144skiej, lekarki i \u015bwieckiej misjonarki, nazywanej Matk\u0105 Tr\u0119dowatych, kt\u00f3rych leczy\u0142a ponad 40 lat w Ugandzie. Plan modlitw w parafii pw. Chrystusa Dobrego Pasterza na Nowinie w Poznaniu: 17:30 r\u00f3\u017caniec (w ko\u015bciele); 18:00 msza \u015bw.; po mszy przej\u015bcie na cmentarz i modlitwy przy grobie Poznanianki Stulecia.<\/li>\n<li>12<strong>.<\/strong> Zach\u0119camy do czytania prasy katolickiej. Przy zakrystii:<em> Przewodnik Katolicki z modlitewnikiem na grudzie\u0144<\/em>, <em>Ma\u0142y Przewodni Katolicki<\/em>, <em>Go\u015b\u0107 Niedzielny<\/em> i gazeta parafialna.<\/li>\n<li>Archidiecezja Pozna\u0144ska organizuje pielgrzymk\u0119 do Egiptu we wrze\u015bniu 2024 r. Informacje na naszej parafialnej stronie internetowej.<\/li>\n<li>Op\u0142atki wigilijne i \u015bwiece Caritas od przysz\u0142ej niedzieli w salce parafialnej. Ofiary przeznaczone na CARITAS oraz ogrzewanie ko\u015bcio\u0142a.<\/li>\n<li>M\u00f3dlmy si\u0119 o pok\u00f3j w Ziemi \u015bw. i Ukrainie. \u015awi\u0119ty Bo\u017ce, \u015awi\u0119ty Mocny, \u015awi\u0119ty Nie\u015bmiertelny, zmi\u0142uj si\u0119 nad nami. &nbsp;&nbsp;&nbsp;&nbsp;&nbsp;&nbsp;&nbsp;&nbsp;&nbsp;&nbsp;&nbsp;&nbsp;&nbsp;&nbsp;&nbsp;&nbsp;&nbsp;&nbsp;&nbsp;&nbsp;&nbsp;&nbsp;&nbsp;&nbsp;&nbsp;&nbsp;&nbsp;&nbsp;&nbsp;&nbsp;&nbsp;&nbsp;&nbsp;&nbsp;&nbsp;&nbsp;&nbsp;&nbsp;&nbsp;&nbsp;&nbsp;&nbsp;&nbsp;&nbsp;&nbsp;&nbsp;&nbsp;&nbsp;&nbsp;&nbsp;&nbsp;&nbsp;&nbsp;&nbsp;&nbsp;&nbsp;&nbsp;&nbsp;&nbsp;&nbsp;&nbsp;&nbsp;&nbsp;&nbsp;&nbsp;&nbsp;&nbsp;&nbsp;&nbsp;&nbsp;&nbsp;&nbsp;&nbsp;&nbsp;&nbsp;&nbsp;&nbsp;&nbsp;&nbsp;&nbsp;&nbsp;&nbsp;&nbsp;&nbsp;&nbsp;&nbsp;&nbsp;&nbsp;&nbsp;&nbsp;&nbsp;&nbsp;&nbsp;&nbsp;&nbsp;&nbsp;&nbsp;&nbsp;&nbsp;&nbsp;&nbsp;&nbsp;&nbsp;&nbsp;&nbsp;&nbsp;&nbsp;&nbsp;&nbsp;&nbsp;&nbsp;&nbsp;&nbsp;&nbsp;&nbsp;&nbsp;&nbsp;&nbsp;&nbsp;&nbsp;&nbsp;&nbsp;&nbsp;&nbsp;&nbsp;&nbsp;&nbsp;&nbsp;&nbsp;&nbsp;&nbsp;&nbsp;&nbsp;&nbsp;&nbsp;&nbsp;&nbsp;&nbsp;&nbsp;&nbsp;&nbsp;&nbsp;&nbsp;&nbsp;&nbsp;&nbsp;&nbsp;&nbsp;&nbsp;&nbsp;&nbsp;&nbsp;&nbsp;&nbsp;&nbsp;&nbsp;&nbsp;&nbsp;&nbsp;&nbsp;&nbsp;&nbsp;&nbsp;&nbsp;&nbsp;&nbsp;&nbsp;&nbsp;&nbsp;&nbsp;&nbsp;&nbsp;&nbsp;&nbsp;&nbsp;&nbsp;&nbsp;&nbsp;&nbsp;&nbsp;&nbsp;&nbsp;&nbsp;&nbsp;&nbsp;&nbsp;&nbsp;&nbsp;&nbsp;&nbsp;&nbsp;&nbsp;&nbsp;&nbsp;&nbsp;&nbsp;&nbsp;&nbsp;&nbsp;&nbsp;&nbsp;&nbsp;&nbsp;&nbsp;&nbsp;&nbsp;&nbsp;&nbsp;&nbsp;&nbsp;&nbsp;&nbsp;&nbsp;&nbsp;&nbsp;&nbsp;&nbsp;&nbsp;&nbsp;&nbsp;&nbsp;&nbsp;&nbsp;&nbsp;&nbsp;&nbsp;&nbsp;&nbsp;&nbsp;&nbsp;&nbsp;&nbsp;&nbsp;&nbsp;&nbsp;&nbsp;&nbsp;&nbsp;&nbsp;&nbsp;&nbsp;&nbsp;&nbsp;&nbsp;&nbsp;&nbsp;&nbsp;&nbsp;&nbsp;&nbsp;&nbsp;&nbsp;&nbsp;&nbsp;&nbsp;&nbsp;&nbsp;&nbsp;&nbsp;&nbsp;&nbsp;&nbsp;&nbsp;&nbsp;&nbsp;&nbsp;&nbsp;&nbsp;&nbsp;&nbsp;&nbsp;&nbsp;&nbsp;&nbsp;&nbsp;&nbsp;&nbsp;&nbsp;&nbsp;&nbsp;&nbsp;&nbsp;&nbsp;&nbsp;&nbsp;&nbsp;&nbsp;&nbsp;&nbsp;&nbsp;&nbsp;&nbsp;&nbsp;&nbsp;&nbsp;&nbsp;&nbsp;&nbsp;&nbsp;&nbsp;&nbsp;&nbsp;&nbsp;&nbsp;&nbsp;&nbsp;&nbsp;&nbsp;&nbsp;&nbsp;&nbsp;&nbsp;&nbsp;&nbsp;&nbsp;&nbsp;&nbsp;&nbsp;&nbsp;&nbsp;&nbsp;&nbsp;&nbsp;&nbsp;&nbsp;&nbsp;&nbsp;&nbsp;&nbsp;&nbsp;&nbsp;&nbsp;&nbsp;&nbsp;&nbsp;&nbsp;&nbsp;&nbsp;&nbsp;&nbsp;&nbsp;&nbsp;&nbsp;&nbsp;&nbsp;&nbsp;&nbsp;&nbsp;&nbsp;&nbsp;&nbsp;&nbsp;&nbsp;&nbsp;&nbsp;&nbsp;&nbsp;&nbsp;&nbsp;&nbsp;&nbsp;&nbsp;&nbsp;&nbsp;&nbsp;&nbsp;&nbsp;&nbsp;&nbsp;&nbsp;&nbsp;&nbsp;&nbsp;&nbsp;&nbsp;&nbsp;&nbsp;&nbsp;&nbsp;&nbsp;&nbsp;&nbsp;&nbsp;&nbsp;&nbsp;&nbsp;&nbsp;&nbsp;&nbsp;&nbsp;&nbsp;&nbsp;&nbsp;&nbsp;&nbsp;&nbsp;&nbsp;&nbsp;&nbsp;&nbsp;&nbsp;&nbsp;&nbsp;&nbsp;&nbsp;&nbsp;&nbsp;&nbsp;&nbsp;&nbsp;&nbsp;&nbsp;&nbsp;&nbsp;&nbsp;&nbsp;&nbsp;&nbsp;&nbsp;&nbsp;&nbsp;&nbsp;&nbsp;&nbsp;&nbsp;&nbsp;&nbsp;&nbsp;&nbsp;&nbsp;&nbsp;&nbsp;&nbsp;&nbsp;&nbsp;&nbsp;&nbsp;&nbsp;&nbsp;&nbsp;&nbsp;&nbsp;&nbsp;&nbsp;&nbsp;&nbsp;&nbsp;&nbsp;&nbsp;&nbsp;&nbsp;&nbsp;&nbsp;&nbsp;&nbsp;&nbsp;&nbsp;&nbsp;&nbsp;&nbsp;<\/li>\n<\/ol>\n","protected":false},"excerpt":{"rendered":"<p>&nbsp; OG\u0141OSZENIA DUSZPASTERSKIE Uroczysto\u015b\u0107 Jezusa Chrystusa Kr\u00f3la Wszech\u015bwiata 26 listopada 2023 r. &nbsp; Kalendarz liturgiczny: czwartek \u2013 \u015bw. Andrzeja Aposto\u0142a, sobota \u2013 b\u0142. Rafa\u0142a Chyli\u0144skiego Dzisiaj, po mszy \u015bw. wystawienie Naj\u015bwi\u0119tszego Sakramentu i akt po\u015bwi\u0119cenia Jezusowi Chrystusowi Kr\u00f3lowi. Msza \u015bw. ko\u0144czy si\u0119 b\u0142ogos\u0142awie\u0144stwem eucharystycznym. Za pobo\u017cne i publiczne zm\u00f3wienie ww. aktu po\u015bwi\u0119cenie mo\u017cna dost\u0105pi\u0107 odpustu &#8230; <span class=\"more\"><a class=\"more-link\" href=\"https:\/\/www.chnk.pl\/?p=3928\">czytaj wi\u0119cej<\/a><\/span><\/p>\n","protected":false},"author":3,"featured_media":0,"comment_status":"open","ping_status":"open","sticky":false,"template":"","format":"standard","meta":{"ngg_post_thumbnail":0,"footnotes":""},"categories":[1],"tags":[],"_links":{"self":[{"href":"https:\/\/www.chnk.pl\/index.php?rest_route=\/wp\/v2\/posts\/3928"}],"collection":[{"href":"https:\/\/www.chnk.pl\/index.php?rest_route=\/wp\/v2\/posts"}],"about":[{"href":"https:\/\/www.chnk.pl\/index.php?rest_route=\/wp\/v2\/types\/post"}],"author":[{"embeddable":true,"href":"https:\/\/www.chnk.pl\/index.php?rest_route=\/wp\/v2\/users\/3"}],"replies":[{"embeddable":true,"href":"https:\/\/www.chnk.pl\/index.php?rest_route=%2Fwp%2Fv2%2Fcomments&post=3928"}],"version-history":[{"count":1,"href":"https:\/\/www.chnk.pl\/index.php?rest_route=\/wp\/v2\/posts\/3928\/revisions"}],"predecessor-version":[{"id":3929,"href":"https:\/\/www.chnk.pl\/index.php?rest_route=\/wp\/v2\/posts\/3928\/revisions\/3929"}],"wp:attachment":[{"href":"https:\/\/www.chnk.pl\/index.php?rest_route=%2Fwp%2Fv2%2Fmedia&parent=3928"}],"wp:term":[{"taxonomy":"category","embeddable":true,"href":"https:\/\/www.chnk.pl\/index.php?rest_route=%2Fwp%2Fv2%2Fcategories&post=3928"},{"taxonomy":"post_tag","embeddable":true,"href":"https:\/\/www.chnk.pl\/index.php?rest_route=%2Fwp%2Fv2%2Ftags&post=3928"}],"curies":[{"name":"wp","href":"https:\/\/api.w.org\/{rel}","templated":true}]}}