{"id":3916,"date":"2023-11-04T20:41:17","date_gmt":"2023-11-04T20:41:17","guid":{"rendered":"https:\/\/www.chnk.pl\/?p=3916"},"modified":"2023-11-04T20:41:17","modified_gmt":"2023-11-04T20:41:17","slug":"31-niedziela-zwykla-5","status":"publish","type":"post","link":"https:\/\/www.chnk.pl\/?p=3916","title":{"rendered":"31 Niedziela Zwyk\u0142a"},"content":{"rendered":"<p><strong>OG\u0141OSZENIA DUSZPASTERSKIE<\/strong><\/p>\n<p><strong>NIEDZIELA&nbsp; XXXI ZWYK\u0141A<\/strong><\/p>\n<p><strong>5 listopada 2023 r.<\/strong><\/p>\n<ol>\n<li>Kalendarz liturgiczny:<\/li>\n<\/ol>\n<p>czwartek \u2013 Rocznica Po\u015bwi\u0119cenia Bazyliki Latera\u0144skiej,<\/p>\n<p>pi\u0105tek \u2013 \u015bw. Leona Wielkiego,<\/p>\n<p>sobota \u2013 \u015bw. Marcina,<\/p>\n<p>&nbsp;<\/p>\n<ol start=\"2\">\n<li>&nbsp;R\u00f3\u017caniec z wymieniankami o godz. 17.30.<\/li>\n<\/ol>\n<p>&nbsp;<\/p>\n<ol start=\"3\">\n<li>We wtorek modlitwa za zmar\u0142ych cz\u0142onk\u00f3w Stowarzyszenia Matki Bo\u017cej Patronki Dobrej \u015amierci: w ich intencji r\u00f3\u017caniec z wymieniankami o 7.30 i msza \u015bw. o godz. 8.00.<\/li>\n<\/ol>\n<p>&nbsp;<\/p>\n<ol start=\"4\">\n<li>Spotkanie wsp\u00f3lnoty r\u00f3\u017ca\u0144cowej w \u015brod\u0119 po wieczornej mszy \u015bw.<\/li>\n<\/ol>\n<p>&nbsp;<\/p>\n<ol start=\"5\">\n<li>Pi\u0105tkowe spotkania dla m\u0142odzie\u017cy o godz. 19.15 w salce parafialnej.<\/li>\n<\/ol>\n<p>&nbsp;<\/p>\n<ol start=\"6\">\n<li>W sobot\u0119, 11 listopada, Narodowe \u015awi\u0119to Niepodleg\u0142o\u015bci. Msza \u015bw. w intencji Ojczyzny o godz. 9.00. Ofiary na potrzeby Stolicy \u015awi\u0119tej. Prosimy o flagowanie mieszka\u0144 na znak duchowej \u0142\u0105czno\u015bci z wszystkimi, kt\u00f3rzy oddali \u017cycie i pracowali dla niepodleg\u0142ej Polski.<\/li>\n<\/ol>\n<p>&nbsp;<\/p>\n<ol start=\"7\">\n<li>W przysz\u0142\u0105 niedziel\u0119 b\u0119dziemy modli\u0107 si\u0119 o nowe powo\u0142ania kap\u0142a\u0144skie dla naszej Archidiecezji. Przed ko\u015bcio\u0142em mo\u017cliwo\u015b\u0107 z\u0142o\u017cenia ofiary na Arcybiskupie Seminarium Duchowne. Jest to tak\u017ce Niedziela Solidarno\u015bci z Ko\u015bcio\u0142em Prze\u015bladowanym.<\/li>\n<\/ol>\n<p>&nbsp;<\/p>\n<ol start=\"8\">\n<li>W poniedzia\u0142ek, 13 listopada, uroczysto\u015b\u0107 odpustowa w Parafii pw. Pierwszych Polskich M\u0119cze\u00adnnik\u00f3w. Suma odpustowa o godz. 18.30.<\/li>\n<\/ol>\n<p>&nbsp;<\/p>\n<ol start=\"9\">\n<li>B\u00f3g zap\u0142a\u0107 za ofiary sk\u0142adane przy okazji wymieninek oraz na utrzymanie naszego ko\u015bcio\u0142a.<\/li>\n<\/ol>\n<p>&nbsp;<\/p>\n<ol start=\"10\">\n<li>Zach\u0119camy do czytania prasy katolickiej. Przy zakrystii: Przewodnik Katolicki<em>. <\/em>Jest Ma\u0142y Przewodni Katolicki, Go\u015b\u0107 Niedzielny, Ziarno, gazeta parafialna. W salce rogale \u015bwi\u0119tomarci\u0144skie.<\/li>\n<\/ol>\n<p>&nbsp;<\/p>\n<ol start=\"11\">\n<li>M\u00f3dlmy sie o pok\u00f3j na \u015bwiecie, a zwa\u0142aszcza w Ziemi \u015awi\u0119tej i na Ukrainie. \u015awi\u0119ty Bo\u017ce, \u015awi\u0119ty Mocny, \u015awi\u0119ty Nie\u015bmiertelny, zmi\u0142uj si\u0119 nad nami.<\/li>\n<\/ol>\n<p><u>&nbsp;<\/u><\/p>\n","protected":false},"excerpt":{"rendered":"<p>OG\u0141OSZENIA DUSZPASTERSKIE NIEDZIELA&nbsp; XXXI ZWYK\u0141A 5 listopada 2023 r. Kalendarz liturgiczny: czwartek \u2013 Rocznica Po\u015bwi\u0119cenia Bazyliki Latera\u0144skiej, pi\u0105tek \u2013 \u015bw. Leona Wielkiego, sobota \u2013 \u015bw. Marcina, &nbsp; &nbsp;R\u00f3\u017caniec z wymieniankami o godz. 17.30. &nbsp; We wtorek modlitwa za zmar\u0142ych cz\u0142onk\u00f3w Stowarzyszenia Matki Bo\u017cej Patronki Dobrej \u015amierci: w ich intencji r\u00f3\u017caniec z wymieniankami o 7.30 i &#8230; <span class=\"more\"><a class=\"more-link\" href=\"https:\/\/www.chnk.pl\/?p=3916\">czytaj wi\u0119cej<\/a><\/span><\/p>\n","protected":false},"author":3,"featured_media":0,"comment_status":"open","ping_status":"open","sticky":false,"template":"","format":"standard","meta":{"ngg_post_thumbnail":0,"footnotes":""},"categories":[1],"tags":[],"_links":{"self":[{"href":"https:\/\/www.chnk.pl\/index.php?rest_route=\/wp\/v2\/posts\/3916"}],"collection":[{"href":"https:\/\/www.chnk.pl\/index.php?rest_route=\/wp\/v2\/posts"}],"about":[{"href":"https:\/\/www.chnk.pl\/index.php?rest_route=\/wp\/v2\/types\/post"}],"author":[{"embeddable":true,"href":"https:\/\/www.chnk.pl\/index.php?rest_route=\/wp\/v2\/users\/3"}],"replies":[{"embeddable":true,"href":"https:\/\/www.chnk.pl\/index.php?rest_route=%2Fwp%2Fv2%2Fcomments&post=3916"}],"version-history":[{"count":1,"href":"https:\/\/www.chnk.pl\/index.php?rest_route=\/wp\/v2\/posts\/3916\/revisions"}],"predecessor-version":[{"id":3917,"href":"https:\/\/www.chnk.pl\/index.php?rest_route=\/wp\/v2\/posts\/3916\/revisions\/3917"}],"wp:attachment":[{"href":"https:\/\/www.chnk.pl\/index.php?rest_route=%2Fwp%2Fv2%2Fmedia&parent=3916"}],"wp:term":[{"taxonomy":"category","embeddable":true,"href":"https:\/\/www.chnk.pl\/index.php?rest_route=%2Fwp%2Fv2%2Fcategories&post=3916"},{"taxonomy":"post_tag","embeddable":true,"href":"https:\/\/www.chnk.pl\/index.php?rest_route=%2Fwp%2Fv2%2Ftags&post=3916"}],"curies":[{"name":"wp","href":"https:\/\/api.w.org\/{rel}","templated":true}]}}