{"id":3908,"date":"2023-10-31T23:23:57","date_gmt":"2023-10-31T23:23:57","guid":{"rendered":"https:\/\/www.chnk.pl\/?p=3908"},"modified":"2023-10-31T23:23:57","modified_gmt":"2023-10-31T23:23:57","slug":"30-niedziela-zwykla-6","status":"publish","type":"post","link":"https:\/\/www.chnk.pl\/?p=3908","title":{"rendered":"30 Niedziela Zwyk\u0142a"},"content":{"rendered":"<p>OG\u0141OSZENIA DUSZPASTERSKIE<\/p>\n<p>NIEDZIELA XXX ZWYK\u0141A<\/p>\n<p>29 pa\u017adziernika 2023 r.<\/p>\n<p>1. W \u015brod\u0119 Uroczysto\u015b\u0107 Wszystkich \u015awi\u0119tych. Msza \u015bw. o godz. 8.00, 9.30, 11.15 i 18.00. Nie b\u0119dzie Mszy \u015bw. o godz. 12.30. W Uroczysto\u015b\u0107 Wszystkich \u015awi\u0119tych na cmentarzach pozna\u0144skich nabo\u017ce\u0144stwa \u017ca\u0142obne o godz. 15.00. Msza \u015bw. w Dzie\u0144 Zaduszny, (czwartek) o godz. 8.00 16.30 i 18.00. R\u00f3\u017caniec za Parafian zmar\u0142ych od ubieg\u0142orocznych Wszystkich \u015awi\u0119tych, w Dzie\u0144 Zaduszny o godz. 17.30. R\u00f3\u017caniec z wymieniankami od soboty, o godz. 17.30. Wymienianki mo\u017cna sk\u0142ada\u0107 do skarbony przy zakrystii. W dniach od 1 do 8 listopada mo\u017cna codziennie zyska\u0107 odpust zupe\u0142ny dla tych, kt\u00f3rzy w czy\u015b\u0107cu oczekuj\u0105 pe\u0142ni zbawienia. Odpust zyskuje ten, kto nawiedzi cmentarz oraz wype\u0142ni zwyk\u0142e warunki, tj. przyst\u0105pi do Komunii \u015bw. w dniu nawiedzenia cmentarza i odm\u00f3wi na cmentarzu Ojcze nasz, Wierz\u0119 w Boga oraz jak\u0105kolwiek modlitw\u0119 w intencjach wyznaczonych na dany dzie\u0144 przez Ojca \u015awi\u0119tego. Ponadto w dniu 2 listopada \u2013 przy zachowaniu tych samych warunk\u00f3w \u2013 r\u00f3wnie\u017c mo\u017cna uzyska\u0107 odpust za zmar\u0142ych zwi\u0105zany z nawiedzeniem ko\u015bcio\u0142a i odm\u00f3wieniem w nim wspomnianych modlitw.<\/p>\n<p>2. Dzieci zapraszamy na Bal Wszystkich \u015awi\u0119tych we wtorek w godz. 16.30 -18.00 do salki. Dzieci przebieraj\u0105 si\u0119 za ulubionego \u015bwi\u0119tego (ewentualnie anio\u0142a) i przygotowuj\u0105 kr\u00f3tk\u0105 informacj\u0119 na jego temat.<\/p>\n<p>3. Po\u015bwi\u0119cenie ksi\u0105\u017ceczek ksi\u0105\u017ceczek dzieci pierwszokomunijnych, w niedziel\u0119, 5 listopada na mszy \u015bw. o godz. 11.15.<\/p>\n<p>4. W tym tygodniu: I czwartek, I pi\u0105tek i I sobota miesi\u0105ca. I czwartek: adoracja Naj\u015bwi\u0119tszego Sakramentu po mszy \u015bw. porannej do 10.30. Uczestnicz\u0105cych w duchowej adopcji zapraszamy na poranny r\u00f3\u017caniec w intencji obrony \u017cycia cz\u0142owieka od pocz\u0119cia do naturalnej \u015bmierci. Po mszy \u015bw. wieczornej adoracja do godz. 21.00 w intencji zachowania oraz o nowe powo\u0142ania kap\u0142a\u0144skie i zakonne. I pi\u0105tek: spowied\u017a \u015bw. dla dzieci i m\u0142odzie\u017cy od 15.00 i Komunia \u015bw. o godz. 16.30. Msza \u015bw. pierwszopi\u0105tkowa o godz. 18.00. I sobota: r\u00f3\u017caniec do Niepokalanego Serca Matki Bo\u017cej o 7.15 i msza \u015bw. Odwiedziny chorych z sakramentami \u015bw. w pi\u0105tek i w sobot\u0119. Spotkanie Wsp\u00f3lnoty Rodzin w sobot\u0119 o 19:15 w ko\u015bciele konferencja, Adoracja, nast\u0119pnie spotkanie w salce.<\/p>\n<p>5. Spotkanie duszpasterstwa m\u0142odzie\u017cy w pi\u0105tek o 19:15 w salce.<\/p>\n<p>6. Zach\u0119camy do czytania prasy katolickiej. Przy zakrystii: Przewodnik Katolicki (z modlitewnikiem na listopad)), Ma\u0142y Przewodnik Katolicki, Go\u015b\u0107 Niedzielny, Ziarno, gazeta parafialna.<\/p>\n<p>MODLITWA O POK\u00d3J<\/p>\n<p>(na motywach Listu do Efezjan]<\/p>\n<p>Panie Jezu Chryste,<\/p>\n<p>Ty, kt\u00f3ry jeste\u015b naszym pokojem,<\/p>\n<p>Ty, kt\u00f3ry zburzy\u0142e\u015b rozdzielaj\u0105cy ludzi mur \u2013 wrogo\u015b\u0107,<\/p>\n<p>Ty, kt\u00f3ry ludzi dalekich czynisz bliskimi,<\/p>\n<p>Ty, kt\u00f3ry w sobie zada\u0142e\u015b \u015bmier\u0107 wrogo\u015bci!<\/p>\n<p>Prosimy, zadaj \u015bmier\u0107 tak\u017ce jakiejkolwiek wrogo\u015bci w nas!<\/p>\n<p>Daj nam \u015bwiat\u0142e oczy serca, by\u015bmy przestali widzie\u0107 w sobie wzajemnie przeciwnik\u00f3w, a zobaczyli wsp\u00f3\u0142domownik\u00f3w \u2013 w Twoim Domu, a tak\u017ce w tym domu, kt\u00f3ry ma na imi\u0119 Polska;<\/p>\n<p>Nawr\u00f3\u0107 nasze wzajemne my\u015blenie o sobie, i daj nam s\u0142owa i czyny na miar\u0119 tego nawr\u00f3cenia.<\/p>\n<p>W\u0142\u00f3\u017c nam w usta \u2013 a jeszcze wcze\u015bniej w nasze my\u015bli \u2013 s\u0142owa, kt\u00f3re buduj\u0105, nie rujnuj\u0105; lecz\u0105, nie zadaj\u0105 rany; pocieszaj\u0105, nie odbieraj\u0105 nadziej\u0119; nios\u0105 pok\u00f3j, nie wywo\u0142uj\u0105 agresj\u0119.<\/p>\n<p>Wska\u017c nam czyny konkretnej mi\u0142o\u015bci i mi\u0142osierdzia, wok\u00f3\u0142 kt\u00f3rych odbudujemy nasz\u0105 wsp\u00f3lnot\u0119.<\/p>\n<p>Uczy\u0144 ka\u017cdego z nas \u201enowym cz\u0142owiekiem\u201d, a nastanie pok\u00f3j!<\/p>\n<p>Modlimy si\u0119 za wszystkich!<\/p>\n<p>O m\u0105dro\u015b\u0107 i pragnienie dobra wsp\u00f3lnego dla ka\u017cdego, kto w obecnym sporze zabiera g\u0142os;<\/p>\n<p>Za polityk\u00f3w wszystkich opcji w parlamencie i poza nim.<\/p>\n<p>Za tych, kt\u00f3rzy modl\u0105 si\u0119 w ko\u015bcio\u0142ach, za wierz\u0105cych w Boga, i za tych, kt\u00f3rzy warto\u015bci prawdy, sprawiedliwo\u015bci, dobra i pi\u0119kna wywodz\u0105 z \u201einnych \u017ar\u00f3de\u0142\u201d;<\/p>\n<p>R\u00f3wnie\u017c za tych, kt\u00f3rzy w tej chwili wcale ich nie szukaj\u0105.<\/p>\n<p>Ty \u2013 rozpoznany czy nierozpoznany \u2013 znajd\u017a drog\u0119 do ka\u017cdego z nas, wska\u017c nam w\u0142a\u015bciwe drogi ku sobie nawzajem. I skutecznie nas po nich poprowad\u017a.<\/p>\n<p>Amen.<\/p>\n<p>&nbsp;<\/p>\n<p>&nbsp;<\/p>\n<p>&nbsp;<\/p>\n<p>&nbsp;<\/p>\n<p>&nbsp;<\/p>\n<p>&nbsp;<\/p>\n<p>&nbsp;<\/p>\n<p>&nbsp;<\/p>\n<p>&nbsp;<\/p>\n<p>&nbsp;<\/p>\n<p>&nbsp;<\/p>\n<p>&nbsp;<\/p>\n<p>&nbsp;<\/p>\n","protected":false},"excerpt":{"rendered":"<p>OG\u0141OSZENIA DUSZPASTERSKIE NIEDZIELA XXX ZWYK\u0141A 29 pa\u017adziernika 2023 r. 1. W \u015brod\u0119 Uroczysto\u015b\u0107 Wszystkich \u015awi\u0119tych. Msza \u015bw. o godz. 8.00, 9.30, 11.15 i 18.00. Nie b\u0119dzie Mszy \u015bw. o godz. 12.30. W Uroczysto\u015b\u0107 Wszystkich \u015awi\u0119tych na cmentarzach pozna\u0144skich nabo\u017ce\u0144stwa \u017ca\u0142obne o godz. 15.00. Msza \u015bw. w Dzie\u0144 Zaduszny, (czwartek) o godz. 8.00 16.30 i 18.00. &#8230; <span class=\"more\"><a class=\"more-link\" href=\"https:\/\/www.chnk.pl\/?p=3908\">czytaj wi\u0119cej<\/a><\/span><\/p>\n","protected":false},"author":3,"featured_media":0,"comment_status":"open","ping_status":"open","sticky":false,"template":"","format":"standard","meta":{"ngg_post_thumbnail":0,"footnotes":""},"categories":[1],"tags":[],"_links":{"self":[{"href":"https:\/\/www.chnk.pl\/index.php?rest_route=\/wp\/v2\/posts\/3908"}],"collection":[{"href":"https:\/\/www.chnk.pl\/index.php?rest_route=\/wp\/v2\/posts"}],"about":[{"href":"https:\/\/www.chnk.pl\/index.php?rest_route=\/wp\/v2\/types\/post"}],"author":[{"embeddable":true,"href":"https:\/\/www.chnk.pl\/index.php?rest_route=\/wp\/v2\/users\/3"}],"replies":[{"embeddable":true,"href":"https:\/\/www.chnk.pl\/index.php?rest_route=%2Fwp%2Fv2%2Fcomments&post=3908"}],"version-history":[{"count":1,"href":"https:\/\/www.chnk.pl\/index.php?rest_route=\/wp\/v2\/posts\/3908\/revisions"}],"predecessor-version":[{"id":3909,"href":"https:\/\/www.chnk.pl\/index.php?rest_route=\/wp\/v2\/posts\/3908\/revisions\/3909"}],"wp:attachment":[{"href":"https:\/\/www.chnk.pl\/index.php?rest_route=%2Fwp%2Fv2%2Fmedia&parent=3908"}],"wp:term":[{"taxonomy":"category","embeddable":true,"href":"https:\/\/www.chnk.pl\/index.php?rest_route=%2Fwp%2Fv2%2Fcategories&post=3908"},{"taxonomy":"post_tag","embeddable":true,"href":"https:\/\/www.chnk.pl\/index.php?rest_route=%2Fwp%2Fv2%2Ftags&post=3908"}],"curies":[{"name":"wp","href":"https:\/\/api.w.org\/{rel}","templated":true}]}}