{"id":3897,"date":"2023-10-21T14:56:02","date_gmt":"2023-10-21T14:56:02","guid":{"rendered":"https:\/\/www.chnk.pl\/?p=3897"},"modified":"2023-10-21T14:56:02","modified_gmt":"2023-10-21T14:56:02","slug":"29-niedziela-zwykla-5","status":"publish","type":"post","link":"https:\/\/www.chnk.pl\/?p=3897","title":{"rendered":"29 Niedziela Zwyk\u0142a"},"content":{"rendered":"<p><strong>OG\u0141OSZENIA DUSZPASTERSKIE<\/strong><\/p>\n<p><strong>NIEDZIELA XXIX ZWYK\u0141A<br \/>\n22 pa\u017adziernika 2023 r.<\/strong><\/p>\n<p><strong>&nbsp;<\/strong><\/p>\n<ol>\n<li>Kalendarz liturgiczny: poniedzia\u0142ek \u2013 \u015bw. Jana Kapistrana i \u015bw. J\u00f3zefa Bilczewskiego, wtorek \u2013 \u015bw. Antoniego Marii Clareta, sobota \u015bw. app. Szymona i Judy Tadeusza.<\/li>\n<\/ol>\n<p><strong>2<\/strong> Przy krzy\u017cu papieskim na \u0141\u0119gach D\u0119bi\u0144skich odb\u0119dzie si\u0119 dzisiaj, w niedziel\u0119 22 pa\u017adziernika, o godzinie 20.00, modlitwa dzi\u0119kczynna za dar papie\u017ca Polaka oraz jego pielgrzymek do Poznania.<\/p>\n<ol start=\"3\">\n<li>Nabo\u017ce\u0144stwa r\u00f3\u017ca\u0144cowe, w intencji misji, codziennie o godz. 17.30. W dni powszednie r\u00f3\u017caniec tak\u017ce po mszy \u015bw. porannej z wyj\u0105tkiem wtorku, wtedy r\u00f3\u017caniec o 7.25. R\u00f3\u017caniec dla dzieci we wtorki, \u015brody i czwartki o godz. 16.30. Osoby p\u00f3\u017ano ko\u0144cz\u0105ce zaj\u0119cia zapraszamy na r\u00f3\u017caniec we wtorek na godz. 19:15.<\/li>\n<li>Dzieci zapraszamy do przygotowania r\u00f3\u017ca\u0144ca w dowolnej formie i technice. Prace plastyczne przynosimy na nabo\u017ce\u0144stwa r\u00f3\u017ca\u0144cowe.<\/li>\n<li>Dzieci zapraszamy tak\u017ce na Bal Wszystkich \u015awi\u0119tych w dniu 31 pa\u017adziernika w godzinach od 16.30 do 18.00, do salki. Dzieci przebieraj\u0105 si\u0119 za ulubionego \u015bwi\u0119tego (ewentualnie anio\u0142a) i przygotowuj\u0105 bardzo kr\u00f3tk\u0105 informacj\u0119 na jego temat.<\/li>\n<li>Zapraszamy m\u0142odzie\u017c, kt\u00f3ra rozpoczyna drugi rok przygotowania do bierzmowania na spotkanie do salki w czwartek na 19:00. Z kolei m\u0142odzie\u017c z klas 6 i 7 sw\u00f3j dwuletni cykl przygotowania do bierzmowania rozpocznie w przysz\u0142ym roku szkolnym.<\/li>\n<li>Po\u015bwi\u0119cenie ksi\u0105\u017ceczek. Spotkanie dzieci pierwszokomunijnych i ich rodzic\u00f3w w czwartek: o godz. 15.45 klasy a, b, oraz o 16.45 klasy c, d i inne szko\u0142y. Na spotkanie dzieci przynosz\u0105 ksi\u0105\u017ceczk\u0119 do nabo\u017ce\u0144stwa i plansze z uczestnictwem w r\u00f3\u017ca\u0144cu. Po\u015bwi\u0119cenie ksi\u0105\u017ceczek w niedziel\u0119, 5 listopada, na mszy \u015bw. o godz. 11.15.<\/li>\n<li>Zbli\u017ca si\u0119 uroczysto\u015b\u0107 Wszystkich \u015awi\u0119tych i potem Dzie\u0144 Zaduszny. Nawiedzenie cmentarza nie zwalnia od obowi\u0105zku uczestniczenia we mszy \u015bw. w sam\u0105 Uroczysto\u015b\u0107. W dniach od 1 do 8 listopada mo\u017cna codziennie uzyska\u0107 odpust zupe\u0142ny dla dusz czy\u015b\u0107cowych. Odpust zyskuje ten, kto nawiedzi cmentarz oraz przyst\u0105pi do Komunii \u015bw. w dniu nawiedzenia cmentarza i odm\u00f3wi na cmentarzu Ojcze nasz i Wierz\u0119&nbsp; w Boga oraz jak\u0105kolwiek modlitw\u0119&nbsp; w intencjach wyznaczonych na dany dzie\u0144 przez Ojca \u015awi\u0119tego. Ponadto w dniu 2 listopada \u2013 przy zachowaniu tych samych warunk\u00f3w \u2013 r\u00f3wnie\u017c mo\u017cna uzyska\u0107 odpust za zmar\u0142ych zwi\u0105zany z nawiedzeniem ko\u015bcio\u0142a i odm\u00f3wieniem w nim wspomnianych modlitw. W zwi\u0105zku z tym okazja do spowiedzi \u015bw. w sobot\u0119 od 16.00 do 18.00.<\/li>\n<li>Nie ma spotkania duszpasterstwa m\u0142odzie\u017cy w najbli\u017cszy pi\u0105tek.<\/li>\n<li>B\u00f3g zap\u0142a\u0107 z ofiary na Fundacj\u0119 Dzie\u0142o Nowego Tysi\u0105clecia i utrzymane naszego ko\u015bcio\u0142a<em>.<\/em> Dzisiaj, przed ko\u015bcio\u0142em kwesta na misje.<\/li>\n<li>Zach\u0119camy do czytania <em>Przewodnika Katolickiego<\/em>. Jest <em>Go\u015b\u0107 Niedzielny<\/em>, <em>Ziarno<\/em>, gazeta parafialna, kieszonkowy kalendarzyk Ksi\u0119garni \u015bw. Wojciecha.<\/li>\n<\/ol>\n<p><u>&nbsp;<\/u><\/p>\n","protected":false},"excerpt":{"rendered":"<p>OG\u0141OSZENIA DUSZPASTERSKIE NIEDZIELA XXIX ZWYK\u0141A 22 pa\u017adziernika 2023 r. &nbsp; Kalendarz liturgiczny: poniedzia\u0142ek \u2013 \u015bw. Jana Kapistrana i \u015bw. J\u00f3zefa Bilczewskiego, wtorek \u2013 \u015bw. Antoniego Marii Clareta, sobota \u015bw. app. Szymona i Judy Tadeusza. 2 Przy krzy\u017cu papieskim na \u0141\u0119gach D\u0119bi\u0144skich odb\u0119dzie si\u0119 dzisiaj, w niedziel\u0119 22 pa\u017adziernika, o godzinie 20.00, modlitwa dzi\u0119kczynna za dar &#8230; <span class=\"more\"><a class=\"more-link\" href=\"https:\/\/www.chnk.pl\/?p=3897\">czytaj wi\u0119cej<\/a><\/span><\/p>\n","protected":false},"author":3,"featured_media":0,"comment_status":"open","ping_status":"open","sticky":false,"template":"","format":"standard","meta":{"ngg_post_thumbnail":0,"footnotes":""},"categories":[1],"tags":[],"_links":{"self":[{"href":"https:\/\/www.chnk.pl\/index.php?rest_route=\/wp\/v2\/posts\/3897"}],"collection":[{"href":"https:\/\/www.chnk.pl\/index.php?rest_route=\/wp\/v2\/posts"}],"about":[{"href":"https:\/\/www.chnk.pl\/index.php?rest_route=\/wp\/v2\/types\/post"}],"author":[{"embeddable":true,"href":"https:\/\/www.chnk.pl\/index.php?rest_route=\/wp\/v2\/users\/3"}],"replies":[{"embeddable":true,"href":"https:\/\/www.chnk.pl\/index.php?rest_route=%2Fwp%2Fv2%2Fcomments&post=3897"}],"version-history":[{"count":1,"href":"https:\/\/www.chnk.pl\/index.php?rest_route=\/wp\/v2\/posts\/3897\/revisions"}],"predecessor-version":[{"id":3898,"href":"https:\/\/www.chnk.pl\/index.php?rest_route=\/wp\/v2\/posts\/3897\/revisions\/3898"}],"wp:attachment":[{"href":"https:\/\/www.chnk.pl\/index.php?rest_route=%2Fwp%2Fv2%2Fmedia&parent=3897"}],"wp:term":[{"taxonomy":"category","embeddable":true,"href":"https:\/\/www.chnk.pl\/index.php?rest_route=%2Fwp%2Fv2%2Fcategories&post=3897"},{"taxonomy":"post_tag","embeddable":true,"href":"https:\/\/www.chnk.pl\/index.php?rest_route=%2Fwp%2Fv2%2Ftags&post=3897"}],"curies":[{"name":"wp","href":"https:\/\/api.w.org\/{rel}","templated":true}]}}