{"id":3892,"date":"2023-10-14T20:16:58","date_gmt":"2023-10-14T20:16:58","guid":{"rendered":"https:\/\/www.chnk.pl\/?p=3892"},"modified":"2023-10-14T20:16:58","modified_gmt":"2023-10-14T20:16:58","slug":"27-niedziela-zwykla-7","status":"publish","type":"post","link":"https:\/\/www.chnk.pl\/?p=3892","title":{"rendered":"27 Niedziela Zwyk\u0142a"},"content":{"rendered":"<p>&nbsp;<\/p>\n<p>&nbsp;<\/p>\n<p>OG\u0141OSZENIA DUSZPASTERSKIE<\/p>\n<p style=\"text-align: center;\">&nbsp; &nbsp; &nbsp; &nbsp; &nbsp; &nbsp; &nbsp; &nbsp; &nbsp; &nbsp; &nbsp; &nbsp; &nbsp; &nbsp; &nbsp; &nbsp; &nbsp; &nbsp; &nbsp; &nbsp; &nbsp; &nbsp; &nbsp; &nbsp; &nbsp; &nbsp; &nbsp; &nbsp; &nbsp; &nbsp; &nbsp; &nbsp; &nbsp; &nbsp; &nbsp; &nbsp; &nbsp; &nbsp; &nbsp; NIEDZIELA XXVIII ZWYK\u0141A<\/p>\n<p style=\"text-align: center;\">&nbsp; &nbsp; &nbsp; &nbsp; &nbsp; &nbsp; &nbsp; &nbsp; &nbsp; &nbsp; &nbsp; &nbsp; &nbsp; &nbsp; &nbsp; &nbsp; &nbsp; &nbsp; &nbsp; &nbsp; &nbsp; &nbsp; &nbsp; &nbsp; &nbsp; &nbsp; &nbsp; &nbsp; &nbsp; &nbsp; &nbsp; &nbsp; &nbsp; &nbsp; &nbsp; &nbsp; &nbsp; &nbsp; &nbsp; &nbsp; &nbsp; &nbsp; &nbsp; &nbsp; &nbsp;15 pa\u017adziernika 2023 r.<\/p>\n<p>1. Kalendarz liturgiczny: poniedzia\u0142ek \u2013 \u015bw. Jadwigi \u015al\u0105skiej, wtorek \u2013 \u015bw. Ignacego Antioche\u0144skiego, \u015broda &#8211; \u015bw. \u0141ukasza, czwartek \u2013 \u015bw. Paw\u0142a od Krzy\u017ca, pi\u0105tek &#8211; \u015bw. Jana Kantego, niedziela \u2013 \u015bw. Jana Paw\u0142a II.<\/p>\n<p>2. Modlitwa dzi\u0119kczynna za dar papie\u017ca Polaka oraz jego pielgrzymki do Poznania przy krzy\u017cu papieskim na \u0141\u0119gach D\u0119bi\u0144skich w Poznaniu odb\u0119dzie si\u0119: w poniedzia\u0142ek 16 i niedziel\u0119 22 pa\u017adziernika 2023 roku o godzinie 20.00.<\/p>\n<p>3. Nabo\u017ce\u0144stwa r\u00f3\u017ca\u0144cowe codziennie o godz. 17.30. W dni powszednie r\u00f3\u017caniec tak\u017ce po mszy \u015bw. porannej z wyj\u0105tkiem wtorku, wtedy r\u00f3\u017caniec o 7.25. R\u00f3\u017caniec dla dzieci we wtorki, \u015brody i czwartki o godz. 16.30. Prosimy o liczniejszy udzia\u0142 dzieci. Dzieci zapraszamy do przygotowania r\u00f3\u017ca\u0144ca w dowolnej formie i technice. Prace plastyczne przynosimy na nabo\u017ce\u0144stwa r\u00f3\u017ca\u0144cowe.<\/p>\n<p>4. Zapraszamy dzieci na Bal Wszystkich \u015awi\u0119tych, kt\u00f3ry odb\u0119dzie si\u0119 w salce parafialnej 31 pa\u017adziernika. Zach\u0119camy do przygotowania stroju wybranego \u015bwi\u0119tego lub \u015bwi\u0119tej.<\/p>\n<p>5. Osoby p\u00f3\u017ano ko\u0144cz\u0105ce zaj\u0119cia zapraszamy na r\u00f3\u017caniec we wtorek na godz. 19:15.<\/p>\n<p>6. W czwartek procesja salety\u0144ska po porannej mszy \u015bw i porannym r\u00f3\u017ca\u0144cu.<\/p>\n<p>7. Msza \u015bw. z modlitw\u0105 o uzdrowienie duszy i cia\u0142a w czwartek o 19:15. Intencje mo\u017cna sk\u0142ada\u0107 do koszyka pod ch\u00f3rem.<\/p>\n<p>8. Spotkanie duszpasterstwa m\u0142odzie\u017cy w pi\u0105tek o 19:15 w salce.<\/p>\n<p>9. Zapraszamy do scholi parafialnej. Zapraszamy m\u0142odzie\u017c i doros\u0142ych w ka\u017cdym wieku, kt\u00f3rzy czuj\u0105 powo\u0142anie do \u015bpiewu. Pr\u00f3by w pi\u0105tki o godz. 19.00 w salce parafialnej.<\/p>\n<p>10. W \u015brod\u0119, 18 pa\u017adziernika, obchodzimy \u015bwi\u0119to \u015bw. \u0141ukasza \u2013 Patrona lekarzy i wszystkich opiekuj\u0105cych si\u0119 chorymi. Z tej okazji zapraszamy wszystkich pracownik\u00f3w s\u0142u\u017cby zdrowia na msz\u0119 \u015bw. w ich intencji. Zostanie ona odprawiona w ko\u015bciele pw. \u015bw. \u0141ukasza na Os. Rusa, w niedziel\u0119, 22 pa\u017adziernika o godz. 12.30.<\/p>\n<p>11. Pozna\u0144ska Grupa Ekumeniczna, zrzeszaj\u0105ca Ko\u015bcio\u0142y Chrze\u015bcija\u0144skie, zaprasza na Ekumeniczne \u015awi\u0119to Biblii w dniach 16 -19 pa\u017adziernika br. Has\u0142em \u015awi\u0119ta s\u0105 s\u0142owa z Ksi\u0119gi Rodzaju: Ty\u015b B\u00f3g, kt\u00f3ry mnie widzi (Rdz 16,13). Obok koncertu Gospel Joy i Mietka Szcze\u015bniaka, spotka\u0144 biblijnych, odb\u0119dzie si\u0119 debata ekumeniczna pt. Dlaczego B\u00f3g milczy i jest nieczu\u0142y na cierpienie? Punktem kulminacyjnym \u015awi\u0119ta stanowi\u0107 b\u0119dzie Uroczyste Nabo\u017ce\u0144stwo S\u0142owa pod przewodnictwem Biskupa Grzegorza Balcerka i Biskupa Semko Koroza, Zwierzchnika Ko\u015bcio\u0142a Ewangelicko-Reformowanego w \u015brod\u0119, 18 pa\u017adziernika o godz. 1845. w ko\u015bciele pw. \u015aw. Marcina. B\u0119dzie ono transmitowane przez TVP3 Pozna\u0144. Szczeg\u00f3\u0142y na plakatach.<\/p>\n<p>12. Zapraszamy do Katedry ma\u0142\u017ce\u0144stwa, kt\u00f3re prze\u017cywaj\u0105 25 i 50 rocznic\u0119 udzielenia Sakramentu Ma\u0142\u017ce\u0144stwa. Msza \u015bw. po\u0142\u0105czona z odnowieniem przyrzecze\u0144 ma\u0142\u017ce\u0144skich, w niedziel\u0119 22 pa\u017adziernika br. o godz. 16.00. Po Mszy \u015bw. pocz\u0119stunek w budynku przy ul. Ostr\u00f3w Tumski 3.<\/p>\n<p>13. Przysz\u0142\u0105 niedziel\u0119 obchodzi\u0107 b\u0119dziemy jako \u015awiatow\u0105 Niedziel\u0119 Misyjn\u0105 i rozpoczniemy Tydzie\u0144 Misyjny.<\/p>\n<p>14. B\u00f3g zap\u0142a\u0107 z ofiary na utrzymanie naszego ko\u015bcio\u0142a i za sk\u0142adane dzisiaj ofiary na Fundacj\u0119 Dzie\u0142o Nowego Tysi\u0105clecia. W przysz\u0142\u0105 niedziel\u0119 przed ko\u015bcio\u0142em kwesta na misje.<\/p>\n<p>15. Zach\u0119camy do czytania Przewodnika Katolickiego. Jest Go\u015b\u0107 Niedzielny i Go\u015b\u0107 Niedzielny EXTRA, Ziarno, gazeta parafialna.<\/p>\n<p>&nbsp;<\/p>\n<p>&nbsp;<\/p>\n<p>&nbsp;<\/p>\n<p>&nbsp;<\/p>\n","protected":false},"excerpt":{"rendered":"<p>&nbsp; &nbsp; OG\u0141OSZENIA DUSZPASTERSKIE &nbsp; &nbsp; &nbsp; &nbsp; &nbsp; &nbsp; &nbsp; &nbsp; &nbsp; &nbsp; &nbsp; &nbsp; &nbsp; &nbsp; &nbsp; &nbsp; &nbsp; &nbsp; &nbsp; &nbsp; &nbsp; &nbsp; &nbsp; &nbsp; &nbsp; &nbsp; &nbsp; &nbsp; &nbsp; &nbsp; &nbsp; &nbsp; &nbsp; &nbsp; &nbsp; &nbsp; &nbsp; &nbsp; &nbsp; NIEDZIELA XXVIII ZWYK\u0141A &nbsp; &nbsp; &nbsp; &nbsp; &nbsp; &nbsp; &nbsp; &nbsp; &nbsp; &#8230; <span class=\"more\"><a class=\"more-link\" href=\"https:\/\/www.chnk.pl\/?p=3892\">czytaj wi\u0119cej<\/a><\/span><\/p>\n","protected":false},"author":3,"featured_media":0,"comment_status":"open","ping_status":"open","sticky":false,"template":"","format":"standard","meta":{"ngg_post_thumbnail":0,"footnotes":""},"categories":[1],"tags":[],"_links":{"self":[{"href":"https:\/\/www.chnk.pl\/index.php?rest_route=\/wp\/v2\/posts\/3892"}],"collection":[{"href":"https:\/\/www.chnk.pl\/index.php?rest_route=\/wp\/v2\/posts"}],"about":[{"href":"https:\/\/www.chnk.pl\/index.php?rest_route=\/wp\/v2\/types\/post"}],"author":[{"embeddable":true,"href":"https:\/\/www.chnk.pl\/index.php?rest_route=\/wp\/v2\/users\/3"}],"replies":[{"embeddable":true,"href":"https:\/\/www.chnk.pl\/index.php?rest_route=%2Fwp%2Fv2%2Fcomments&post=3892"}],"version-history":[{"count":1,"href":"https:\/\/www.chnk.pl\/index.php?rest_route=\/wp\/v2\/posts\/3892\/revisions"}],"predecessor-version":[{"id":3893,"href":"https:\/\/www.chnk.pl\/index.php?rest_route=\/wp\/v2\/posts\/3892\/revisions\/3893"}],"wp:attachment":[{"href":"https:\/\/www.chnk.pl\/index.php?rest_route=%2Fwp%2Fv2%2Fmedia&parent=3892"}],"wp:term":[{"taxonomy":"category","embeddable":true,"href":"https:\/\/www.chnk.pl\/index.php?rest_route=%2Fwp%2Fv2%2Fcategories&post=3892"},{"taxonomy":"post_tag","embeddable":true,"href":"https:\/\/www.chnk.pl\/index.php?rest_route=%2Fwp%2Fv2%2Ftags&post=3892"}],"curies":[{"name":"wp","href":"https:\/\/api.w.org\/{rel}","templated":true}]}}