{"id":3888,"date":"2023-10-07T13:56:42","date_gmt":"2023-10-07T13:56:42","guid":{"rendered":"https:\/\/www.chnk.pl\/?p=3888"},"modified":"2023-10-07T13:56:42","modified_gmt":"2023-10-07T13:56:42","slug":"27-niedziela-zwykla-6","status":"publish","type":"post","link":"https:\/\/www.chnk.pl\/?p=3888","title":{"rendered":"27 Niedziela Zwyk\u0142a"},"content":{"rendered":"<p><strong>&nbsp;<\/strong><\/p>\n<p><strong>OG\u0141OSZENIA DUSZPASTERSKIE<\/strong><\/p>\n<p><strong>NIEDZIELA&nbsp; XXVII ZWYK\u0141A<\/strong><\/p>\n<p><strong>&nbsp; &nbsp; &nbsp; &nbsp; &nbsp; &nbsp; &nbsp; &nbsp; &nbsp; &nbsp; &nbsp; &nbsp; &nbsp; &nbsp; &nbsp; &nbsp; &nbsp; &nbsp; &nbsp; &nbsp; &nbsp; &nbsp; &nbsp; &nbsp; &nbsp; &nbsp; &nbsp; &nbsp; &nbsp; &nbsp; &nbsp; &nbsp; &nbsp; &nbsp; &nbsp; &nbsp; &nbsp; &nbsp; &nbsp; &nbsp; &nbsp; &nbsp; &nbsp; &nbsp; &nbsp; &nbsp; &nbsp; &nbsp; &nbsp;8 pa\u017adziernika 2023 r.<\/strong><\/p>\n<ol>\n<li>Nabo\u017ce\u0144stwa r\u00f3\u017ca\u0144cowe codziennie o godz. 17.30 i r\u00f3\u017caniec, w dni powszednie, po mszy \u015bw. porannej z wyj\u0105tkiem wtorku, wtedy r\u00f3\u017caniec o 7.25. W tym tygodniu r\u00f3\u017caniec dla dzieci we wtorek \u015brod\u0119 i czwartek o godz. 16.30. Prosimy o liczniejszy udzia\u0142 dzieci przygotowuj\u0105cych si\u0119 do I komunii \u015bw. Dzieci zapraszamy do przygotowania r\u00f3\u017ca\u0144ca w dowolnej formie i technice. Prace plastyczne przynosimy na nabo\u017ce\u0144stwa r\u00f3\u017ca\u0144cowe.<\/li>\n<li>Ju\u017c teraz zapraszamy dzieci na Bal Wszystkich \u015awi\u0119tych, kt\u00f3ry odb\u0119dzie si\u0119 w salce parafialnej 31 pa\u017adziernika. Zach\u0119camy do przygotowania stroju wybranego \u015bwi\u0119tego lub \u015bwi\u0119tej.<\/li>\n<li>Zapraszamy rodzic\u00f3w m\u0142odzie\u017cy, kt\u00f3ra rozpoczyna drugi rok przygotowania do bierzmowania na spotkanie do salki w \u015brod\u0119 na 19:15. M\u0142odzie\u017c pierwsze spotkanie b\u0119dzie mia\u0142a 26 pa\u017adziernika. Z kolei m\u0142odzie\u017c z klas 6 i 7 sw\u00f3j dwuletni cykl przygotowania do bierzmowania rozpocznie w przysz\u0142ym roku szkolnym.<\/li>\n<li>Zbi\u00f3rka dla ministrant\u00f3w w sobot\u0119, 14 pa\u017adziernika o 10:30.<\/li>\n<li>W dni powszednie przyjmujemy rezerwacje intencji mszalnych na 2024 r.<\/li>\n<li>W przysz\u0142\u0105 niedziel\u0119 w naszej parafii Dzie\u0144 Papieski. Przed ko\u015bcio\u0142em mo\u017cliwo\u015b\u0107 z\u0142o\u017cenia ofiary na fundusz stypendialny dla niezamo\u017cnej m\u0142odzie\u017cy &#8211; \u017cywy pomnik wdzi\u0119czno\u015bci za \u017cycie i pontyfikat \u015bw. Jana Paw\u0142a II.<\/li>\n<li>W niedziel\u0119, 15 pa\u017adziernika, przypada Dzie\u0144 Dziecka Utraconego. Na mszy \u015bw. o godz. 9.30 ogarniemy modlitw\u0105 rodzic\u00f3w i rodziny, kt\u00f3re przedwcze\u015bnie po\u017cegna\u0142y cz\u0142onka swojej rodziny. B\u0119dziemy modli\u0107 si\u0119 tak\u017ce o dzietno\u015b\u0107 rodzin. Zapraszamy do modlitwy w tej intencji.<\/li>\n<li>Grupa wsparcia os\u00f3b starszych i samotnych zaprasza wszystkich wolontariuszy, kt\u00f3rzy zg\u0142osili si\u0119 do pomocy oraz innych ch\u0119tnych, na pierwsze spotkanie, kt\u00f3re odb\u0119dzie si\u0119 w sobot\u0119, 14 pa\u017adziernika o godz. 16.30 w salce parafialnej.<\/li>\n<li>W czwartek, 12 pa\u017adziernika br., w Rocznic\u0119 Po\u015bwi\u0119cenia Katedry Pozna\u0144skiej odb\u0119d\u0105 si\u0119 w&nbsp;Bazylice Archikatedralnej dwa uroczyste nabo\u017ce\u0144stwa, kt\u00f3rym w tym roku w spos\u00f3b szczeg\u00f3lny b\u0119dzie towarzyszy\u0142a intencja o b\u0142ogos\u0142awione owoce Synodu: o godz. 11<sup>30<\/sup>, z okazji Dnia Seniora Msza&nbsp;\u015bw., zapraszamy senior\u00f3w, emeryt\u00f3w i starszych wiekiem. Przed Msz\u0105&nbsp;\u015bw. o godz. 11<sup>00<\/sup> kr\u00f3tki koncert religijny, a o godz. 18<sup>00<\/sup> uroczyste Nieszpory.<\/li>\n<li>Ju\u017c wkr\u00f3tce nasza archidiecezja b\u0119dzie prze\u017cywa\u0142a peregrynacj\u0119 relikwii b\u0142ogos\u0142awionej rodziny Ulm\u00f3w pod has\u0142em: \u201eRodzina \u2013 w niej \u015bwi\u0119to\u015b\u0107 si\u0119 zaczyna\u201d Peregrynacja rozpocznie si\u0119 w sobot\u0119 16 grudnia 2023 roku, Msz\u0105 \u015bw. o g. 18.00 w pozna\u0144skiej Katedrze. Mszy \u015bw. przewodniczy\u0107 b\u0119dzie Ks. Arcybiskup Stanis\u0142aw G\u0105decki, Metropolita Pozna\u0144ski. Uroczyste zako\u0144czenie peregrynacji relikwii b\u0142ogos\u0142awionej rodziny Ulm\u00f3w b\u0119dzie mia\u0142o miejsce 30 grudnia 2023 roku w pozna\u0144skiej Farze, podczas Mszy \u015bw. o godz. 12.45. Nasza Parafia uczci relikwie Rodziny Ulm\u00f3w w ko\u015bciele \u015bw. Antoniego na Staro\u0142\u0119ce, razem za ca\u0142ym dekanatem Rataje, w dniu 29 grudnia.<\/li>\n<li>Zach\u0119camy do czytania prasy katolickiej. Przy zakrystii <em>Przewodnik Katolicki,<\/em> <em>Go\u015b\u0107 Niedzielny<\/em>, <em>Go\u015b\u0107 Niedzielny EXTRA<\/em> (o objawieniach Maryjnych), <em>Ma\u0142y Przewodnik Katolicki <\/em>i gazeta parafia.<\/li>\n<\/ol>\n","protected":false},"excerpt":{"rendered":"<p>&nbsp; OG\u0141OSZENIA DUSZPASTERSKIE NIEDZIELA&nbsp; XXVII ZWYK\u0141A &nbsp; &nbsp; &nbsp; &nbsp; &nbsp; &nbsp; &nbsp; &nbsp; &nbsp; &nbsp; &nbsp; &nbsp; &nbsp; &nbsp; &nbsp; &nbsp; &nbsp; &nbsp; &nbsp; &nbsp; &nbsp; &nbsp; &nbsp; &nbsp; &nbsp; &nbsp; &nbsp; &nbsp; &nbsp; &nbsp; &nbsp; &nbsp; &nbsp; &nbsp; &nbsp; &nbsp; &nbsp; &nbsp; &nbsp; &nbsp; &nbsp; &nbsp; &nbsp; &nbsp; &nbsp; &nbsp; &nbsp; &nbsp; &nbsp;8 &#8230; <span class=\"more\"><a class=\"more-link\" href=\"https:\/\/www.chnk.pl\/?p=3888\">czytaj wi\u0119cej<\/a><\/span><\/p>\n","protected":false},"author":3,"featured_media":0,"comment_status":"open","ping_status":"open","sticky":false,"template":"","format":"standard","meta":{"ngg_post_thumbnail":0,"footnotes":""},"categories":[1],"tags":[],"_links":{"self":[{"href":"https:\/\/www.chnk.pl\/index.php?rest_route=\/wp\/v2\/posts\/3888"}],"collection":[{"href":"https:\/\/www.chnk.pl\/index.php?rest_route=\/wp\/v2\/posts"}],"about":[{"href":"https:\/\/www.chnk.pl\/index.php?rest_route=\/wp\/v2\/types\/post"}],"author":[{"embeddable":true,"href":"https:\/\/www.chnk.pl\/index.php?rest_route=\/wp\/v2\/users\/3"}],"replies":[{"embeddable":true,"href":"https:\/\/www.chnk.pl\/index.php?rest_route=%2Fwp%2Fv2%2Fcomments&post=3888"}],"version-history":[{"count":1,"href":"https:\/\/www.chnk.pl\/index.php?rest_route=\/wp\/v2\/posts\/3888\/revisions"}],"predecessor-version":[{"id":3889,"href":"https:\/\/www.chnk.pl\/index.php?rest_route=\/wp\/v2\/posts\/3888\/revisions\/3889"}],"wp:attachment":[{"href":"https:\/\/www.chnk.pl\/index.php?rest_route=%2Fwp%2Fv2%2Fmedia&parent=3888"}],"wp:term":[{"taxonomy":"category","embeddable":true,"href":"https:\/\/www.chnk.pl\/index.php?rest_route=%2Fwp%2Fv2%2Fcategories&post=3888"},{"taxonomy":"post_tag","embeddable":true,"href":"https:\/\/www.chnk.pl\/index.php?rest_route=%2Fwp%2Fv2%2Ftags&post=3888"}],"curies":[{"name":"wp","href":"https:\/\/api.w.org\/{rel}","templated":true}]}}