{"id":3884,"date":"2023-09-23T13:10:16","date_gmt":"2023-09-23T13:10:16","guid":{"rendered":"http:\/\/www.chnk.pl\/?p=3884"},"modified":"2023-09-23T13:10:16","modified_gmt":"2023-09-23T13:10:16","slug":"25-niedziela-zwykla-7","status":"publish","type":"post","link":"https:\/\/www.chnk.pl\/?p=3884","title":{"rendered":"25 Niedziela Zwyk\u0142a"},"content":{"rendered":"<p>OG\u0141OSZENIA DUSZPASTERSKIE<\/p>\n<p>NIEDZIELA XXV ZWYK\u0141A<\/p>\n<p>24 wrze\u015bnia 2023 r.<\/p>\n<p>1. Kalendarz liturgiczny: wtorek \u2013 \u015bw. Kosmy i Damiana, \u015broda &#8211; \u015bw. Wincentego a Paulo, czwartek \u2013 \u015bw. Wac\u0142awa, pi\u0105tek \u2013 \u015bw. Archanio\u0142\u00f3w Micha\u0142a, Gabriela i Rafa\u0142a, sobota &#8211; Hieronima, sobota \u2013 \u015bw. Teresy od Dzieci\u0105tka Jezus.<\/p>\n<p>2. Spotkanie dla dzieci pierwszokomunijnych, przed po\u015bwi\u0119ceniem r\u00f3\u017ca\u0144ca, w czwartek, 28 wrze\u015bnia o godz.: 15.45 klasy a, b oraz o 16.45 klasy c, d i inne szko\u0142y. Spotkanie w salce parafialnej. W tym samym czasie spotkanie dla rodzic\u00f3w w drugiej salce. Po\u015bwi\u0119cenie r\u00f3\u017ca\u0144ca w niedziel\u0119, 1 pa\u017adziernika, na mszy \u015bw. o godz. 11.15.<\/p>\n<p>3. Spotkanie duszpasterstwa m\u0142odzie\u017cy w pi\u0105tek o 19:15 w salce.<\/p>\n<p>4. W przysz\u0142\u0105 niedziel\u0119, 1 pa\u017adziernika, b\u0119dziemy dzi\u0119kowa\u0107 Panu Bogu za tegoroczne urodzaje. Mo\u017cna ofiarowa\u0107 w czasie mszy \u015bw. warzywa i owoce z w\u0142asnych upraw lub zakupione, kt\u00f3re zostan\u0105 przekazane do jad\u0142odajni, SS. Albertynek. W ten spos\u00f3b wyra\u017camy wdzi\u0119czno\u015b\u0107 Panu Bogu za urodzaje i okazujemy mi\u0142osierdzie b\u0119d\u0105cym w potrzebie. Dary mo\u017cna sk\u0142ada\u0107 do koszy pod ch\u00f3rem.<\/p>\n<p>5. Zapraszamy do Katedry ma\u0142\u017ce\u0144stwa, kt\u00f3re prze\u017cywaj\u0105 25 i 50 rocznic\u0119 udzielenia Sakramentu Ma\u0142\u017ce\u0144stwa. Uroczysta Msza \u015bw. celebrowana przez Ksi\u0119dza Biskupa Jana Glapiaka, po\u0142\u0105czona z obrz\u0119dem odnowieniem przyrzecze\u0144 ma\u0142\u017ce\u0144skich, zostanie odprawiona w niedziel\u0119 22 pa\u017adziernika br. o godz. 16.00. Po Mszy \u015bw. zapraszamy na pocz\u0119stunek w budynku przy ul. Ostr\u00f3w Tumski 3.<\/p>\n<p>6. Pielgrzymka do Lichenia, 21 pa\u017adziernika, organizowana przez Franciszka\u0144ski Zakon \u015awieckich. Pe\u0142en komunikat na tablicy og\u0142osze\u0144.<\/p>\n<p>7. Prosimy o pomoc w sprz\u0105taniu ko\u015bcio\u0142a w soboty o godz. 9.00. Parafian ch\u0119tnych do pomocy prosimy, aby zadeklarowali pomoc, po mszy \u015bw., przy stoliku z pras\u0105. Chodzi o podtrzymanie i uzupe\u0142nienie czterech zespo\u0142\u00f3w, dy\u017curuj\u0105cych raz w miesi\u0105cu.<\/p>\n<p>8. W przysz\u0142\u0105 niedziel\u0119 zbi\u00f3rka do puszek na KUL i Wydzia\u0142 Teologiczny.<\/p>\n<p>9. Zach\u0119camy do czytania Przewodnika Katolickiego (z modlitewnikiem na pa\u017adziernik). Jest Go\u015b\u0107 Niedzielny, Ma\u0142y Przewodnik Katolicki, Ziarno, gazetka parafialna.<\/p>\n<p>10. M\u00f3dlmy si\u0119 o pok\u00f3j na Ukrainie i w \u015bwiecie. \u015awi\u0119ty Bo\u017ce, \u015awi\u0119ty Mocny, \u015awi\u0119ty nie\u015bmiertelny. Zmi\u0142uj si\u0119 nad nami.<\/p>\n<p>&nbsp;<\/p>\n<p>&nbsp;<\/p>\n<p>&nbsp;<\/p>\n<p>&nbsp;<\/p>\n","protected":false},"excerpt":{"rendered":"<p>OG\u0141OSZENIA DUSZPASTERSKIE NIEDZIELA XXV ZWYK\u0141A 24 wrze\u015bnia 2023 r. 1. Kalendarz liturgiczny: wtorek \u2013 \u015bw. Kosmy i Damiana, \u015broda &#8211; \u015bw. Wincentego a Paulo, czwartek \u2013 \u015bw. Wac\u0142awa, pi\u0105tek \u2013 \u015bw. Archanio\u0142\u00f3w Micha\u0142a, Gabriela i Rafa\u0142a, sobota &#8211; Hieronima, sobota \u2013 \u015bw. Teresy od Dzieci\u0105tka Jezus. 2. Spotkanie dla dzieci pierwszokomunijnych, przed po\u015bwi\u0119ceniem r\u00f3\u017ca\u0144ca, w &#8230; <span class=\"more\"><a class=\"more-link\" href=\"https:\/\/www.chnk.pl\/?p=3884\">czytaj wi\u0119cej<\/a><\/span><\/p>\n","protected":false},"author":3,"featured_media":0,"comment_status":"open","ping_status":"open","sticky":false,"template":"","format":"standard","meta":{"ngg_post_thumbnail":0,"footnotes":""},"categories":[1],"tags":[],"_links":{"self":[{"href":"https:\/\/www.chnk.pl\/index.php?rest_route=\/wp\/v2\/posts\/3884"}],"collection":[{"href":"https:\/\/www.chnk.pl\/index.php?rest_route=\/wp\/v2\/posts"}],"about":[{"href":"https:\/\/www.chnk.pl\/index.php?rest_route=\/wp\/v2\/types\/post"}],"author":[{"embeddable":true,"href":"https:\/\/www.chnk.pl\/index.php?rest_route=\/wp\/v2\/users\/3"}],"replies":[{"embeddable":true,"href":"https:\/\/www.chnk.pl\/index.php?rest_route=%2Fwp%2Fv2%2Fcomments&post=3884"}],"version-history":[{"count":1,"href":"https:\/\/www.chnk.pl\/index.php?rest_route=\/wp\/v2\/posts\/3884\/revisions"}],"predecessor-version":[{"id":3885,"href":"https:\/\/www.chnk.pl\/index.php?rest_route=\/wp\/v2\/posts\/3884\/revisions\/3885"}],"wp:attachment":[{"href":"https:\/\/www.chnk.pl\/index.php?rest_route=%2Fwp%2Fv2%2Fmedia&parent=3884"}],"wp:term":[{"taxonomy":"category","embeddable":true,"href":"https:\/\/www.chnk.pl\/index.php?rest_route=%2Fwp%2Fv2%2Fcategories&post=3884"},{"taxonomy":"post_tag","embeddable":true,"href":"https:\/\/www.chnk.pl\/index.php?rest_route=%2Fwp%2Fv2%2Ftags&post=3884"}],"curies":[{"name":"wp","href":"https:\/\/api.w.org\/{rel}","templated":true}]}}