{"id":3880,"date":"2023-09-16T12:16:26","date_gmt":"2023-09-16T12:16:26","guid":{"rendered":"http:\/\/www.chnk.pl\/?p=3880"},"modified":"2023-09-16T12:16:40","modified_gmt":"2023-09-16T12:16:40","slug":"24-niedzela-zwykla","status":"publish","type":"post","link":"https:\/\/www.chnk.pl\/?p=3880","title":{"rendered":"24 Niedzela Zwyk\u0142a"},"content":{"rendered":"<p><strong>&nbsp; <\/strong><\/p>\n<p><strong>OG\u0141OSZENIA DUSZPASTERSKIE<\/strong><\/p>\n<p><strong>&nbsp;<\/strong><\/p>\n<p><strong>NIEDZIELA&nbsp; XXIV ZWYK\u0141A<\/strong><\/p>\n<p><strong>17 wrze\u015bnia 2023 r.<\/strong><\/p>\n<p>&nbsp;<\/p>\n<p>1.Kalendarz liturgiczny: poniedzia\u0142ek \u2013 \u015bw. Stanis\u0142awa Kostki, wtorek &#8211; \u015bw. Januarego, \u015broda \u2013 \u015bw. mm. Andrzeja Kim Taegon i Paw\u0142a Cong Hasang i towarzyszy, czwartek \u2013 \u015bw. Mateusza, aposto\u0142a i ewangelisty, sobota \u2013 \u015bw. Pio z Pietrelciny.<\/p>\n<ol start=\"2\">\n<li>W poniedzia\u0142ek,18 wrze\u015bnia, Ksi\u0105dz Arcybiskup Metropolita Stanis\u0142aw G\u0105decki b\u0119dzie \u015bwi\u0119towa\u0142 swoje Imieniny. Czcigodny Solenizant b\u0119dzie przewodniczy\u0142 uroczystej Eucharystii w poniedzia\u0142ek, dnia 18 wrze\u015bnia 2023 roku w Katedrze o godz. 10.00. Do udzia\u0142u serdecznie zapraszamy &nbsp;mieszka\u0144c\u00f3w Poznania. Dzie\u0144 Imienin naszego Arcypasterza niech b\u0119dzie te\u017c naznaczony modlitw\u0105 w&nbsp;Jego intencjach, a&nbsp;zw\u0142aszcza o \u0142aski niezb\u0119dne w prowadzeniu Ko\u015bcio\u0142a w Polsce i naszej archidiecezji.<\/li>\n<li>We wtorek, 19 wrze\u015bnia, przypada \u00f3sma rocznica po\u015bwi\u0119cenia naszego ko\u015bcio\u0142a i odpust ku czci Matki Bo\u017cej Salety\u0144skiej. Wystawienie Naj\u015bwi\u0119tszego Sakramentu i R\u00f3\u017caniec salety\u0144ski o godz. 18.00, msza \u015bw. rocznicowa o godz. 19.00 i procesja do figury Matki Bo\u017cej z la Salette. B\u0119dziemy dzi\u0119kowa\u0107 Panu Bogu za nasz\u0105 \u015bwi\u0105tyni\u0119, modli\u0107 si\u0119 za jej fundator\u00f3w \u017cyj\u0105cych i zmar\u0142ych. Modlitwie b\u0119dzie przewodniczy\u0142 ks. dziekan Dariusz Madejczy, proboszcz parafii na \u017begrzu.<\/li>\n<li>Spotkanie duszpasterstwa m\u0142odzie\u017cy w pi\u0105tek o godz. 19.15. Zapraszamy m\u0142odych od klasy 7 szko\u0142y podstawowej wzwy\u017c.<\/li>\n<li>Odpust ku czci \u015bw. Mateusza w Parafii na os. Or\u0142a Bia\u0142ego w czwartek, msza \u015bw. o godz. 19.00. Zach\u0119camy do udzia\u0142u parafian, zw\u0142aszcza celnik\u00f3w i urz\u0119dnik\u00f3w skarbowych, kt\u00f3rym patronuje \u015bw. Mateusz.<\/li>\n<li>B\u00f3g zap\u0142a\u0107 Paniom, kt\u00f3re podejmuj\u0105 cosobotni\u0105 pos\u0142ug\u0119 sprz\u0105tania ko\u015bcio\u0142a, na\u015bladuj\u0105c Maryj\u0119 dbaj\u0105c\u0105 o dom nazareta\u0144ki. Zach\u0119camy do w\u0142\u0105czenia si\u0119 w te prace jeden raz w miesi\u0105cu.<\/li>\n<li>Zach\u0119camy do czytania prasy katolickiej. Przy zakrystii: Przewodnik Katolicki, Ma\u0142y Przewodnik Katolicki, Go\u015b\u0107 Niedzielny, gazetka parafialna i dla dzieci Ziarno.<\/li>\n<li>M\u00f3dlmy si\u0119 za zmar\u0142ych Parafian. Za dusz\u0119 \u015bp. Ewy Kubis, os. Lecha 125 ( msza \u015bw. pogrzebowa w poniedzia\u0142ek o godz. 12.00, pogrzeb na Mi\u0142ostowie od ul. Warszawskiej o godz. 14.15) i za dusz\u0119 \u015bp. Genowefy B\u0105kowskiej, os. Lecha 123 (termin pogrzebu zostanie ustalony). Wieczny odpoczynek racz zmar\u0142ym da\u0107 Panie.<\/li>\n<\/ol>\n<p>&nbsp;<\/p>\n<p>&nbsp;<\/p>\n<p>&nbsp;&nbsp;&nbsp;&nbsp;&nbsp;&nbsp;&nbsp;&nbsp;&nbsp;&nbsp;&nbsp;&nbsp;&nbsp;&nbsp;&nbsp;&nbsp;&nbsp;&nbsp;&nbsp;&nbsp;&nbsp;&nbsp;&nbsp;&nbsp;&nbsp;&nbsp;&nbsp;&nbsp;&nbsp;&nbsp;&nbsp;&nbsp;&nbsp;&nbsp;&nbsp;&nbsp;&nbsp;&nbsp;&nbsp;&nbsp;&nbsp;&nbsp;&nbsp;&nbsp;&nbsp;&nbsp;&nbsp;&nbsp;&nbsp;&nbsp;&nbsp;&nbsp;&nbsp;&nbsp;&nbsp;&nbsp;&nbsp;&nbsp;&nbsp;&nbsp;&nbsp;&nbsp;&nbsp;&nbsp;&nbsp;&nbsp;&nbsp;&nbsp;&nbsp;&nbsp;&nbsp;&nbsp;&nbsp;&nbsp;&nbsp;&nbsp;&nbsp;&nbsp;&nbsp;&nbsp;&nbsp;&nbsp;&nbsp;&nbsp;&nbsp;&nbsp;&nbsp;&nbsp;&nbsp;&nbsp;&nbsp;&nbsp;&nbsp;&nbsp;&nbsp;&nbsp;&nbsp;&nbsp;&nbsp;&nbsp;&nbsp;&nbsp;&nbsp;&nbsp;&nbsp;&nbsp;&nbsp;&nbsp;&nbsp;&nbsp;&nbsp;&nbsp;&nbsp;&nbsp;&nbsp;&nbsp;&nbsp;&nbsp;&nbsp;&nbsp;&nbsp;&nbsp;&nbsp;&nbsp;&nbsp;&nbsp;&nbsp;&nbsp;&nbsp;&nbsp;&nbsp;&nbsp;&nbsp;&nbsp;&nbsp;&nbsp;&nbsp;&nbsp;&nbsp;&nbsp;&nbsp;&nbsp;&nbsp;&nbsp;&nbsp;&nbsp;&nbsp;&nbsp;&nbsp;&nbsp;&nbsp;&nbsp;&nbsp;&nbsp;&nbsp;&nbsp;&nbsp;&nbsp;&nbsp;&nbsp;&nbsp;&nbsp;&nbsp;&nbsp;&nbsp;&nbsp;&nbsp;&nbsp;&nbsp;&nbsp;&nbsp;&nbsp;&nbsp;&nbsp;&nbsp;&nbsp;&nbsp;&nbsp;&nbsp;&nbsp;&nbsp;&nbsp;&nbsp;&nbsp;&nbsp;&nbsp;&nbsp;&nbsp;&nbsp;&nbsp;&nbsp;&nbsp;&nbsp;&nbsp;&nbsp;&nbsp;&nbsp;&nbsp;&nbsp;&nbsp;&nbsp;&nbsp;&nbsp;&nbsp;&nbsp;&nbsp;&nbsp;&nbsp;&nbsp;&nbsp;&nbsp;&nbsp;&nbsp;&nbsp;&nbsp;&nbsp;&nbsp;&nbsp;&nbsp;&nbsp;&nbsp;&nbsp;&nbsp;&nbsp;&nbsp;&nbsp;&nbsp;&nbsp;&nbsp;&nbsp;&nbsp;&nbsp;&nbsp;&nbsp;&nbsp;&nbsp;&nbsp;&nbsp;&nbsp;&nbsp;&nbsp;&nbsp;&nbsp;&nbsp;&nbsp;&nbsp;&nbsp;&nbsp;&nbsp;&nbsp;&nbsp;&nbsp;&nbsp;&nbsp;&nbsp;&nbsp;&nbsp;&nbsp;&nbsp;&nbsp;&nbsp;&nbsp;&nbsp;&nbsp;&nbsp;&nbsp;&nbsp;&nbsp;&nbsp;&nbsp;&nbsp;&nbsp;&nbsp;&nbsp;&nbsp;&nbsp;&nbsp;&nbsp;&nbsp;&nbsp;&nbsp;&nbsp;&nbsp;&nbsp;&nbsp;&nbsp;&nbsp;&nbsp;&nbsp;&nbsp;&nbsp;&nbsp;&nbsp;&nbsp;&nbsp;&nbsp;&nbsp;&nbsp;&nbsp;&nbsp;&nbsp;&nbsp;&nbsp;&nbsp;&nbsp;&nbsp;&nbsp;&nbsp;&nbsp;&nbsp;&nbsp;&nbsp;&nbsp;&nbsp;&nbsp;&nbsp;&nbsp;&nbsp;&nbsp;&nbsp;&nbsp;&nbsp;&nbsp;&nbsp;&nbsp;&nbsp;&nbsp;&nbsp;&nbsp;&nbsp;&nbsp;&nbsp;&nbsp;&nbsp;&nbsp;&nbsp;&nbsp;&nbsp;&nbsp;&nbsp;&nbsp;&nbsp;&nbsp;&nbsp;&nbsp;&nbsp;&nbsp;&nbsp;&nbsp;&nbsp;&nbsp;&nbsp;&nbsp;&nbsp;&nbsp;&nbsp;&nbsp;&nbsp;&nbsp;&nbsp;&nbsp;&nbsp;&nbsp;&nbsp;&nbsp;&nbsp;&nbsp;&nbsp;&nbsp;&nbsp;&nbsp;&nbsp;&nbsp;&nbsp;&nbsp;&nbsp;&nbsp;&nbsp;&nbsp;&nbsp;&nbsp;&nbsp;&nbsp;&nbsp;&nbsp;&nbsp;&nbsp;&nbsp;&nbsp;&nbsp;&nbsp;&nbsp;&nbsp;&nbsp;&nbsp;&nbsp;&nbsp;&nbsp;&nbsp;&nbsp;&nbsp;&nbsp;&nbsp;&nbsp;&nbsp;&nbsp;&nbsp;&nbsp;&nbsp;&nbsp;&nbsp;&nbsp;&nbsp;&nbsp;&nbsp;&nbsp;&nbsp;&nbsp;&nbsp;&nbsp;&nbsp;&nbsp;&nbsp;&nbsp;&nbsp;&nbsp;&nbsp;&nbsp;&nbsp;&nbsp;&nbsp;&nbsp;&nbsp;&nbsp;&nbsp;&nbsp;&nbsp;&nbsp;&nbsp;&nbsp;&nbsp;&nbsp;&nbsp;&nbsp;&nbsp;&nbsp;&nbsp;&nbsp;&nbsp;&nbsp;&nbsp;&nbsp;&nbsp;&nbsp;&nbsp;&nbsp;&nbsp;&nbsp;&nbsp;&nbsp;&nbsp;&nbsp;&nbsp;&nbsp;&nbsp;&nbsp;&nbsp;&nbsp;&nbsp;&nbsp;&nbsp;&nbsp;&nbsp;&nbsp;&nbsp;&nbsp;&nbsp;&nbsp;&nbsp;&nbsp;&nbsp;&nbsp;&nbsp;&nbsp;&nbsp;&nbsp;&nbsp;&nbsp;&nbsp;&nbsp;&nbsp;&nbsp;&nbsp;&nbsp;&nbsp;&nbsp;&nbsp;&nbsp;&nbsp;&nbsp;&nbsp;&nbsp;&nbsp;&nbsp;&nbsp;&nbsp;&nbsp;&nbsp;&nbsp;&nbsp;&nbsp; &nbsp;&nbsp;&nbsp;&nbsp;&nbsp;&nbsp;&nbsp;&nbsp;&nbsp;&nbsp;&nbsp;&nbsp;&nbsp;&nbsp;&nbsp;&nbsp;&nbsp;&nbsp;&nbsp;&nbsp;&nbsp;&nbsp;&nbsp;&nbsp;&nbsp;&nbsp;&nbsp;&nbsp;&nbsp;&nbsp;&nbsp;&nbsp;&nbsp;&nbsp;&nbsp;&nbsp;&nbsp;&nbsp;&nbsp;&nbsp;&nbsp;&nbsp;&nbsp;&nbsp;&nbsp;&nbsp;&nbsp;&nbsp;&nbsp;&nbsp;&nbsp;&nbsp;&nbsp;&nbsp;&nbsp;&nbsp;&nbsp;&nbsp;&nbsp;&nbsp;&nbsp;&nbsp;&nbsp;&nbsp;&nbsp;&nbsp;&nbsp;&nbsp;&nbsp;&nbsp;&nbsp;&nbsp;&nbsp;&nbsp;&nbsp;&nbsp;&nbsp;&nbsp;&nbsp;&nbsp;&nbsp;&nbsp;&nbsp;&nbsp;&nbsp;&nbsp;&nbsp;&nbsp;&nbsp;&nbsp;<\/p>\n","protected":false},"excerpt":{"rendered":"<p>&nbsp; OG\u0141OSZENIA DUSZPASTERSKIE &nbsp; NIEDZIELA&nbsp; XXIV ZWYK\u0141A 17 wrze\u015bnia 2023 r. &nbsp; 1.Kalendarz liturgiczny: poniedzia\u0142ek \u2013 \u015bw. Stanis\u0142awa Kostki, wtorek &#8211; \u015bw. Januarego, \u015broda \u2013 \u015bw. mm. Andrzeja Kim Taegon i Paw\u0142a Cong Hasang i towarzyszy, czwartek \u2013 \u015bw. Mateusza, aposto\u0142a i ewangelisty, sobota \u2013 \u015bw. Pio z Pietrelciny. W poniedzia\u0142ek,18 wrze\u015bnia, Ksi\u0105dz Arcybiskup Metropolita &#8230; <span class=\"more\"><a class=\"more-link\" href=\"https:\/\/www.chnk.pl\/?p=3880\">czytaj wi\u0119cej<\/a><\/span><\/p>\n","protected":false},"author":3,"featured_media":0,"comment_status":"open","ping_status":"open","sticky":false,"template":"","format":"standard","meta":{"ngg_post_thumbnail":0,"footnotes":""},"categories":[1],"tags":[],"_links":{"self":[{"href":"https:\/\/www.chnk.pl\/index.php?rest_route=\/wp\/v2\/posts\/3880"}],"collection":[{"href":"https:\/\/www.chnk.pl\/index.php?rest_route=\/wp\/v2\/posts"}],"about":[{"href":"https:\/\/www.chnk.pl\/index.php?rest_route=\/wp\/v2\/types\/post"}],"author":[{"embeddable":true,"href":"https:\/\/www.chnk.pl\/index.php?rest_route=\/wp\/v2\/users\/3"}],"replies":[{"embeddable":true,"href":"https:\/\/www.chnk.pl\/index.php?rest_route=%2Fwp%2Fv2%2Fcomments&post=3880"}],"version-history":[{"count":1,"href":"https:\/\/www.chnk.pl\/index.php?rest_route=\/wp\/v2\/posts\/3880\/revisions"}],"predecessor-version":[{"id":3881,"href":"https:\/\/www.chnk.pl\/index.php?rest_route=\/wp\/v2\/posts\/3880\/revisions\/3881"}],"wp:attachment":[{"href":"https:\/\/www.chnk.pl\/index.php?rest_route=%2Fwp%2Fv2%2Fmedia&parent=3880"}],"wp:term":[{"taxonomy":"category","embeddable":true,"href":"https:\/\/www.chnk.pl\/index.php?rest_route=%2Fwp%2Fv2%2Fcategories&post=3880"},{"taxonomy":"post_tag","embeddable":true,"href":"https:\/\/www.chnk.pl\/index.php?rest_route=%2Fwp%2Fv2%2Ftags&post=3880"}],"curies":[{"name":"wp","href":"https:\/\/api.w.org\/{rel}","templated":true}]}}