{"id":3873,"date":"2023-09-02T14:53:58","date_gmt":"2023-09-02T14:53:58","guid":{"rendered":"http:\/\/www.chnk.pl\/?p=3873"},"modified":"2023-09-02T14:53:58","modified_gmt":"2023-09-02T14:53:58","slug":"slowo-arcybiskupa-metropolity-poznanskiego-stanislawa-gadeckiego-przed-koronacja-cudownego-wizerunku","status":"publish","type":"post","link":"https:\/\/www.chnk.pl\/?p=3873","title":{"rendered":"S\u0141OWO ARCYBISKUPA METROPOLITY POZNA\u0143SKIEGO STANIS\u0141AWA G\u0104DECKIEGO  PRZED KORONACJ\u0104 CUDOWNEGO WIZERUNKU"},"content":{"rendered":"<p>&nbsp;<\/p>\n<p>&nbsp;<\/p>\n<p>S\u0141OWO ARCYBISKUPA METROPOLITY POZNA\u0143SKIEGO STANIS\u0141AWA G\u0104DECKIEGO<\/p>\n<p>PRZED KORONACJ\u0104 CUDOWNEGO WIZERUNKU<\/p>\n<p>MATKI BO\u017bEJ UZDROWIENIA CHORYCH W SMOLICACH<\/p>\n<p>Umi\u0142owani Archidiecezjanie!<\/p>\n<p>&nbsp;Ju\u017c za tydzie\u0144, w sobot\u0119, dnia 9 wrze\u015bnia 2023 roku nasza archidiecezja prze\u017cywa\u0107 b\u0119dzie niezwykle wa\u017cne i uroczyste wydarzenie ukoronowania na prawie papieskim cudownego wizerunku Matki Bo\u017cej Uzdrowienia Chorych w Smolicach.<\/p>\n<p>&nbsp;Uroczysto\u015bci koronacyjne rozpoczn\u0105 si\u0119 Msz\u0105 \u015awi\u0119t\u0105 o godzinie 11.00, kt\u00f3rej b\u0119dzie przewodniczy\u0142 i wyg\u0142osi s\u0142owo Bo\u017ce Legat Ojca \u015awi\u0119tego Franciszka, Jego Eminencja ks. Kardyna\u0142 Dominik Duka OP, emerytowany metropolita praski i prymas Czech.<\/p>\n<p>&nbsp;Wed\u0142ug dost\u0119pnych \u017ar\u00f3de\u0142 historycznych obraz Matki Bo\u017cej, kt\u00f3ry jest jedn\u0105 z pierwszych replik Wizerunku Jasnog\u00f3rskiego trafi\u0142 do ko\u015bcio\u0142a w Smolicach w XIV wielu za spraw\u0105 benedyktyn\u00f3w z Lubinia, kt\u00f3rzy byli budowniczymi tamtejszej \u015bwi\u0105tyni.<\/p>\n<p>&nbsp;Kult Matki Bo\u017cej trwa po dzi\u015b dzie\u0144. W spos\u00f3b szczeg\u00f3lny do Smolic przybywaj\u0105 ludzie chorzy, kt\u00f3rzy daj\u0105 \u015bwiadectwo otrzymanych przez r\u0119ce Matki Naj\u015bwi\u0119tszej \u0142ask i cud\u00f3w od Mi\u0142osiernego Boga. Dlatego te\u017c Maryja w \u0142askami s\u0142yn\u0105cym wizerunku czczona jest pod wezwaniem Uzdrowienia Chorych.<\/p>\n<p>&nbsp;Mamy przekonanie, \u017ce ukoronowanie papieskimi koronami wizerunku Maryi wyrazi nasz\u0105 wdzi\u0119czno\u015b\u0107 Panu Bogu za dar i obecno\u015b\u0107 w naszym \u017cyciu Naj\u015bwi\u0119tszej Maryi Panny oraz wp\u0142ynie na dalszy rozw\u00f3j kultu i pobo\u017cno\u015bci maryjnej w Archidiecezji Pozna\u0144skiej.<\/p>\n<p>&nbsp;Raz jeszcze &#8211; wraz z moimi Biskupami Wsp\u00f3\u0142pracownikami &#8211; pragn\u0119 zaprosi\u0107 Drogich Archidiecezjan, kap\u0142an\u00f3w i osoby \u017cycia konsekrowanego na uroczysto\u015b\u0107 koronacji w Smolicach, w wszystkich chorych i cierpi\u0105cych prosz\u0119 o modlitw\u0119 i ofiarowanie swojego cierpienia w intencji b\u0142ogos\u0142awionych owoc\u00f3w koronacji i dobrego przygotowania tego wydarzenia.<\/p>\n<p>&nbsp;Szczeg\u00f3lne zaproszenie kieruj\u0119 do wiernych \u015bwieckich z dekanat\u00f3w jutrosi\u0144skiego, rawickiego, krobskiego i gosty\u0144skiego, kt\u00f3rzy maj\u0105 najbli\u017cej do Smolic i wielokrotnie do\u015bwiadczali opieki i wstawiennictwa Matki Bo\u017cej Uzdrowienia Chorych. Prosz\u0119 Was wszystkich, aby\u015bmy jak najliczniej spotkani si\u0119 u st\u00f3p naszej ukochanej Niebieskiej Matki.<\/p>\n<p>&nbsp;Jednocze\u015bnie przypominam, \u017ce wszystkie wa\u017cne informacje dotycz\u0105ce uroczysto\u015bci znajduj\u0105 si\u0119 na stronie internetowej Archidiecezji Pozna\u0144skiej i Sanktuarium w Smolicach.<\/p>\n<p>&nbsp;Z serca Wam, Drodzy Archidiecezjanie dzi\u0119kuj\u0119 i udzielam pasterskiego b\u0142ogos\u0142awie\u0144stwa.<\/p>\n<p>Pozna\u0144, dnia 31 sierpnia 2023 roku<\/p>\n<p>N. 4524\/2023<\/p>\n<p>\u2020 Stanis\u0142aw G\u0105decki<\/p>\n<p>Arcybiskup Metropolita Pozna\u0144ski<\/p>\n<p>&nbsp;<\/p>\n<p>&nbsp;<\/p>\n<p>&nbsp;<\/p>\n<p>&nbsp;<\/p>\n<p>&nbsp;<\/p>\n<p>&nbsp;<\/p>\n<p>&nbsp;<\/p>\n<p>&nbsp;<\/p>\n","protected":false},"excerpt":{"rendered":"<p>&nbsp; &nbsp; S\u0141OWO ARCYBISKUPA METROPOLITY POZNA\u0143SKIEGO STANIS\u0141AWA G\u0104DECKIEGO PRZED KORONACJ\u0104 CUDOWNEGO WIZERUNKU MATKI BO\u017bEJ UZDROWIENIA CHORYCH W SMOLICACH Umi\u0142owani Archidiecezjanie! &nbsp;Ju\u017c za tydzie\u0144, w sobot\u0119, dnia 9 wrze\u015bnia 2023 roku nasza archidiecezja prze\u017cywa\u0107 b\u0119dzie niezwykle wa\u017cne i uroczyste wydarzenie ukoronowania na prawie papieskim cudownego wizerunku Matki Bo\u017cej Uzdrowienia Chorych w Smolicach. &nbsp;Uroczysto\u015bci koronacyjne rozpoczn\u0105 si\u0119 &#8230; <span class=\"more\"><a class=\"more-link\" href=\"https:\/\/www.chnk.pl\/?p=3873\">czytaj wi\u0119cej<\/a><\/span><\/p>\n","protected":false},"author":3,"featured_media":0,"comment_status":"open","ping_status":"open","sticky":false,"template":"","format":"standard","meta":{"ngg_post_thumbnail":0,"footnotes":""},"categories":[1],"tags":[],"_links":{"self":[{"href":"https:\/\/www.chnk.pl\/index.php?rest_route=\/wp\/v2\/posts\/3873"}],"collection":[{"href":"https:\/\/www.chnk.pl\/index.php?rest_route=\/wp\/v2\/posts"}],"about":[{"href":"https:\/\/www.chnk.pl\/index.php?rest_route=\/wp\/v2\/types\/post"}],"author":[{"embeddable":true,"href":"https:\/\/www.chnk.pl\/index.php?rest_route=\/wp\/v2\/users\/3"}],"replies":[{"embeddable":true,"href":"https:\/\/www.chnk.pl\/index.php?rest_route=%2Fwp%2Fv2%2Fcomments&post=3873"}],"version-history":[{"count":1,"href":"https:\/\/www.chnk.pl\/index.php?rest_route=\/wp\/v2\/posts\/3873\/revisions"}],"predecessor-version":[{"id":3874,"href":"https:\/\/www.chnk.pl\/index.php?rest_route=\/wp\/v2\/posts\/3873\/revisions\/3874"}],"wp:attachment":[{"href":"https:\/\/www.chnk.pl\/index.php?rest_route=%2Fwp%2Fv2%2Fmedia&parent=3873"}],"wp:term":[{"taxonomy":"category","embeddable":true,"href":"https:\/\/www.chnk.pl\/index.php?rest_route=%2Fwp%2Fv2%2Fcategories&post=3873"},{"taxonomy":"post_tag","embeddable":true,"href":"https:\/\/www.chnk.pl\/index.php?rest_route=%2Fwp%2Fv2%2Ftags&post=3873"}],"curies":[{"name":"wp","href":"https:\/\/api.w.org\/{rel}","templated":true}]}}