{"id":3869,"date":"2023-09-02T14:50:20","date_gmt":"2023-09-02T14:50:20","guid":{"rendered":"http:\/\/www.chnk.pl\/?p=3869"},"modified":"2023-09-02T14:50:20","modified_gmt":"2023-09-02T14:50:20","slug":"22-niedziela-zwykla-6","status":"publish","type":"post","link":"https:\/\/www.chnk.pl\/?p=3869","title":{"rendered":"22 Niedziela Zwyk\u0142a"},"content":{"rendered":"<p><strong>&nbsp;<\/strong><\/p>\n<p><strong>OG\u0141OSZENIA DUSZPASTERSKIE<\/strong><\/p>\n<p><strong>NIEDZIELA XXII ZWYK\u0141A&nbsp;<\/strong><\/p>\n<p><strong>3 wrze\u015bnia 2023 r.<\/strong><\/p>\n<ol>\n<li>Kalendarz liturgiczny: poniedzia\u0142ek \u2013 b\u0142og. Marii Stelli, pi\u0105tek \u2013 \u015bwi\u0119to Narodzenia Najw. Maryi Panny, sobota &#8211; \u015bw. Piotra Klawera.<\/li>\n<li>Od poniedzia\u0142ku 4 wrze\u015bnia wracamy do tradycyjnych godzin odprawiania mszy \u015bw. Msze \u015bw. w niedziele o 8:00, 9:30, 11:15, 12:30 i 18:00; w dni powszednie o 8.00 i 18.00. Nowenna do Matki Bo\u017cej Nieustaj\u0105cej Pomocy w \u015brody po mszy \u015bw. o 18.00; R\u00f3\u017caniec do Matki Bo\u017cej Patronki Dobrej \u015amierci we wtorki o 7.30. Spowied\u017a \u015bw. w tygodniu p\u00f3\u0142 godziny przed mszami \u015bw.; soboty p\u00f3\u0142 godziny przed porann\u0105 msz\u0105 \u015bw. oraz 16:00\u201318:00; w niedziele przed mszami \u015bw. <strong>Biuro Parafialne w tym tygodniu jeszcze wed\u0142ug porz\u0105dku wakacyjnego: w poniedzia\u0142ek od godz. 9.00 do 10.30 i w czwartek od godz. 16.00 do 17.30.<\/strong><\/li>\n<li>Msza \u015bw. na rozpocz\u0119cie roku szkolnego i katechetycznego dla szk\u00f3\u0142 podstawowych w<strong> poniedzia\u0142ek<\/strong> o godz. 16.30. Spowied\u017a \u015bw. od godz. 15.00. M\u0142odzie\u017c ze szk\u00f3\u0142 ponadpodstawowych zapraszamy w poniedzia\u0142ek na msze \u015bw. o godz. 18.00. Spowied\u017a \u015bw. od godz. 17.00.<\/li>\n<li>Koronacja Cudownego Wizerunku Matki Bo\u017cej Uzdrowienia Chorych w Smolicach. Uroczysto\u015b\u0107, w sobot\u0119, 9 wrze\u015bnia, o godzinie 11.00. Z naszej Parafii wyjedzie pielgrzymka autokarowa o godz. 8.10, sprzed bloku 42. S\u0105 jeszcze wolne miejsca. Serdecznie prosimy, aby w tym \u015awi\u0119cie wzi\u0119li udzia\u0142 Parafianie, kt\u00f3rzy uciekaj\u0105 si\u0119 pod opiek\u0119 Matki Bo\u017cej powierzaj\u0105c Jej zdrowie w\u0142asne i bliskich. Zg\u0142oszenia w zakrystii.<\/li>\n<li>W tym tygodniu I czwartek miesi\u0105ca. Adoracja Naj\u015bwi\u0119tszego Sakramentu od 17.00 do 18.00. Uczestnicz\u0105cych w duchowej adopcji zapraszamy na r\u00f3\u017caniec o 17.15 w intencji obrony \u017cycia, godno\u015bci jego przekazywania i os\u00f3b kszta\u0142tuj\u0105cych opini\u0119 publiczn\u0105 na ten temat. Po mszy \u015bw. wieczornej adoracja do 21.00 w intencji zachowania oraz o nowe powo\u0142ania kap\u0142a\u0144skie, zakonne i misyjne.<\/li>\n<li>W pi\u0105tek pierwsze, powakacyjne, spotkanie dla m\u0142odzie\u017cy w salce parafialnej. Zapraszamy na o godz. 19.15.<\/li>\n<li>W sobot\u0119, 16 wrze\u015bnia 2023 r., odb\u0119dzie si\u0119 w&nbsp;Poznaniu XV Og\u00f3lnopolskie Forum Duszpasterskie wprowadzaj\u0105ce nas w&nbsp;tre\u015bci nowego Programu Duszpasterskiego Ko\u015bcio\u0142a w&nbsp;Polsce, przygotowanego przez Komisj\u0119 Duszpasterstwa KEP na lata 2023\/2024. Tegoroczne Forum pod has\u0142em \u201eUczestnicz\u0119 we wsp\u00f3lnocie Ko\u015bcio\u0142a\u201d, rozpocznie si\u0119 o&nbsp;godz. 9:30 Msz\u0105 \u015bw. koncelebrowan\u0105 w&nbsp;ko\u015bciele pw. \u015bw. Rocha w&nbsp;Poznaniu. Zapraszamy przedstawicieli parafii, szczeg\u00f3lnie cz\u0142onk\u00f3w Parafialnej Rady Duszpasterskiej na to wa\u017cne wydarzenie. Po Eucharystii, w&nbsp;auli Politechniki Pozna\u0144skiej, znani prelegenci przybli\u017c\u0105 uczestnikom sesji tre\u015bci has\u0142a Programu Duszpasterskiego Ko\u015bcio\u0142a w&nbsp;Polsce, kt\u00f3re towarzyszy\u0107 b\u0119d\u0105 pracy duszpasterskiej w parafiach od pierwszej niedzieli Adwentu 2023 roku. S\u0142owo wst\u0119pne wyg\u0142osi ks. abp Stanis\u0142aw G\u0105decki, Metropolita Pozna\u0144ski, a&nbsp;wyk\u0142ad okoliczno\u015bciowy przedstawi kard. Dominik Duka OP.&nbsp;Zg\u0142oszenia przyjmowane s\u0105 do 8 wrze\u015bnia br. drog\u0105 elektroniczn\u0105 za po\u015brednictwem strony: <a href=\"http:\/\/forum2023.pl\/\">forum2023.pl<\/a>. Dodatkowe informacje mo\u017cna uzyska\u0107 pod nr telefonu 668&nbsp;385&nbsp;356. <strong>&nbsp;&nbsp;&nbsp;&nbsp;&nbsp;&nbsp;&nbsp;&nbsp;&nbsp;&nbsp;&nbsp;<\/strong><\/li>\n<li>Zach\u0119camy do czytania prasy katolickiej. Przy zakrystii: Przewodnik Katolicki, Ma\u0142y Przewodnik Katolicki, Go\u015b\u0107 Niedzielny, Misyjne Drogi i gazeta parafialna.<\/li>\n<\/ol>\n<p>&nbsp;<\/p>\n<p>&nbsp;<\/p>\n<p>&nbsp;<\/p>\n<p>&nbsp;<\/p>\n<h3>&nbsp;<\/h3>\n","protected":false},"excerpt":{"rendered":"<p>&nbsp; OG\u0141OSZENIA DUSZPASTERSKIE NIEDZIELA XXII ZWYK\u0141A&nbsp; 3 wrze\u015bnia 2023 r. Kalendarz liturgiczny: poniedzia\u0142ek \u2013 b\u0142og. Marii Stelli, pi\u0105tek \u2013 \u015bwi\u0119to Narodzenia Najw. Maryi Panny, sobota &#8211; \u015bw. Piotra Klawera. Od poniedzia\u0142ku 4 wrze\u015bnia wracamy do tradycyjnych godzin odprawiania mszy \u015bw. Msze \u015bw. w niedziele o 8:00, 9:30, 11:15, 12:30 i 18:00; w dni powszednie o &#8230; <span class=\"more\"><a class=\"more-link\" href=\"https:\/\/www.chnk.pl\/?p=3869\">czytaj wi\u0119cej<\/a><\/span><\/p>\n","protected":false},"author":3,"featured_media":0,"comment_status":"open","ping_status":"open","sticky":false,"template":"","format":"standard","meta":{"ngg_post_thumbnail":0,"footnotes":""},"categories":[1],"tags":[],"_links":{"self":[{"href":"https:\/\/www.chnk.pl\/index.php?rest_route=\/wp\/v2\/posts\/3869"}],"collection":[{"href":"https:\/\/www.chnk.pl\/index.php?rest_route=\/wp\/v2\/posts"}],"about":[{"href":"https:\/\/www.chnk.pl\/index.php?rest_route=\/wp\/v2\/types\/post"}],"author":[{"embeddable":true,"href":"https:\/\/www.chnk.pl\/index.php?rest_route=\/wp\/v2\/users\/3"}],"replies":[{"embeddable":true,"href":"https:\/\/www.chnk.pl\/index.php?rest_route=%2Fwp%2Fv2%2Fcomments&post=3869"}],"version-history":[{"count":1,"href":"https:\/\/www.chnk.pl\/index.php?rest_route=\/wp\/v2\/posts\/3869\/revisions"}],"predecessor-version":[{"id":3870,"href":"https:\/\/www.chnk.pl\/index.php?rest_route=\/wp\/v2\/posts\/3869\/revisions\/3870"}],"wp:attachment":[{"href":"https:\/\/www.chnk.pl\/index.php?rest_route=%2Fwp%2Fv2%2Fmedia&parent=3869"}],"wp:term":[{"taxonomy":"category","embeddable":true,"href":"https:\/\/www.chnk.pl\/index.php?rest_route=%2Fwp%2Fv2%2Fcategories&post=3869"},{"taxonomy":"post_tag","embeddable":true,"href":"https:\/\/www.chnk.pl\/index.php?rest_route=%2Fwp%2Fv2%2Ftags&post=3869"}],"curies":[{"name":"wp","href":"https:\/\/api.w.org\/{rel}","templated":true}]}}