{"id":3866,"date":"2023-08-26T17:29:26","date_gmt":"2023-08-26T17:29:26","guid":{"rendered":"http:\/\/www.chnk.pl\/?p=3866"},"modified":"2023-08-26T17:29:26","modified_gmt":"2023-08-26T17:29:26","slug":"21-niedziela-zwykla-5","status":"publish","type":"post","link":"https:\/\/www.chnk.pl\/?p=3866","title":{"rendered":"21 Niedziela Zwyk\u0142a"},"content":{"rendered":"<p style=\"font-weight: 400;\"><strong>OG\u0141OSZENIA DUSZPASTERSKIE<\/strong><\/p>\n<p style=\"font-weight: 400;\"><strong>NIEDZIELA XXI ZWYK\u0141A<\/strong><\/p>\n<p style=\"font-weight: 400;\"><strong>27 sierpnia 2023 r.<\/strong><\/p>\n<ol>\n<li style=\"font-weight: 400;\">Kalendarz liturgiczny: poniedzia\u0142ek \u2013 \u015bw. Augustyna; wtorek \u2013 M\u0119cze\u0144stwo \u015bw. Jana Chrzciciela.<\/li>\n<\/ol>\n<p>2. Od pi\u0105tku 1 wrze\u015bnia wracamy do tradycyjnych godzin odprawiania mszy \u015bw. oraz godzin urz\u0119dowania Biura Parafialnego. <strong>Msze \u015bw. <\/strong>w niedziele o 8:00, 9:30, 11:15, 12:30 i 18:00; w dni powszednie o 8.00 i 18.00. Nowenna do Matki Bo\u017cej Nieustaj\u0105cej Pomocy w \u015brody po mszy \u015bw. o 18.00; R\u00f3\u017caniec do Matki Bo\u017cej Patronki Dobrej \u015amierci we wtorki o 7.30. <strong>Biuro Parafialne<\/strong>: poniedzia\u0142ki 16.00\u201317.30; czwartki 9.00\u201310.30; soboty 19.00\u201320.00. <strong>Spowied\u017a \u015bw.<\/strong> w tygodniu p\u00f3\u0142 godziny przed mszami \u015bw.; soboty p\u00f3\u0142 godziny przed porann\u0105 msz\u0105 \u015bw. oraz 16:00\u201318:00; w niedziele przed mszami \u015bw.<\/p>\n<p style=\"font-weight: 400;\"><strong>Uwaga \u2013 od poniedzia\u0142ku do czwartku (od 28 do 31 sierpnia)<br \/>\nobowi\u0105zuje jeszcze wakacyjny porz\u0105dek mszy \u015bw. i Biura Parafialnego<\/strong><\/p>\n<ol start=\"3\">\n<li style=\"font-weight: 400;\">W pi\u0105tek 1 wrze\u015bnia poranna msza \u015bw. w intencji ofiar II wojny \u015bwiatowej. 1 wrze\u015bnia to w Ko\u015bciele \u015awiatowy Dzie\u0144 Modlitw o Ochron\u0119 Stworzenia.<\/li>\n<li style=\"font-weight: 400;\"><span style=\"color: var(--colorfont); letter-spacing: 0.02em; background-color: var(--colorlight);\">Rozpocz\u0119cie roku szkolnego. Dzieci i m\u0142odzie\u017c ze szko\u0142y podstawowej z klas IV-VIII zapraszamy na msz\u0119 \u015bw. w pi\u0105tek o 16:30 (od godz. 15:00 okazja do spowiedzi pierwszopi\u0105tkowej, powakacyjnej). Z kolei dzieci z klas I-III i ich rodzic\u00f3w zapraszamy na msz\u0119 \u015bw. po\u0142\u0105czon\u0105 z po\u015bwi\u0119ceniem tornistr\u00f3w i przybor\u00f3w szkolnych w niedziel\u0119 na 11:15.<\/span><\/li>\n<li style=\"font-weight: 400;\">W tym tygodniu I pi\u0105tek i I sobota miesi\u0105ca.<\/li>\n<\/ol>\n<p style=\"font-weight: 400;\"><u>I pi\u0105tek:<\/u> spowied\u017a \u015bw. od 15.00 do 18.00. Msza \u015bw. pierwszopi\u0105tkowa o 18.00.<\/p>\n<p style=\"font-weight: 400;\"><u>I sobota:<\/u> r\u00f3\u017caniec do Niepokalanego Serca NMP o 7.15, potem msza \u015bw. i nabo\u017ce\u0144stwo.<\/p>\n<p style=\"font-weight: 400;\">Odwiedziny chorych z sakramentami \u015bw. w pi\u0105tek i w sobot\u0119 (1 i 2 wrze\u015bnia).<\/p>\n<ol start=\"6\">\n<li style=\"font-weight: 400;\">Piesza pielgrzymka na odpust w Tulcach w niedziel\u0119 3 wrze\u015bnia. Zbi\u00f3rka o 6:30 przed naszym ko\u015bcio\u0142em. Nast\u0119pnie przej\u015bcie do ko\u015bcio\u0142a na os. Rusa, gdzie o 7:00 wi\u0119ksza grupa wyruszy z ksi\u0119dzem do Tulec.<\/li>\n<li style=\"font-weight: 400;\">Parafia organizuje pielgrzymk\u0119 do Smolic na uroczysto\u015b\u0107 koronacji Obrazu Matki Bo\u017cej Uzdrowienia Chorych w sobot\u0119 9 wrze\u015bnia br. Zapisy dla parafian w zakrystii, zosta\u0142y ostatnie miejsca.<\/li>\n<li style=\"font-weight: 400;\">16 wrze\u015bnia odb\u0119dzie si\u0119 w Poznaniu Og\u00f3lnopolskie Forum Duszpasterskie. Tegoroczne, pod has\u0142em: \u201eUczestnicz\u0119 we wsp\u00f3lnocie Ko\u015bcio\u0142a\u201d, rozpocznie si\u0119 o 9:30 msz\u0105 \u015bw. w ko\u015bciele pw. \u015bw. Rocha. Po Eucharystii, w auli Centrum Wyk\u0142adowo-Konferencyjnego Politechniki Pozna\u0144skiej, obrady. Konieczne jest zg\u0142oszenie si\u0119 najp\u00f3\u017aniej do 8 wrze\u015bnia za po\u015brednictwem strony: forum2023.pl. Szczeg\u00f3\u0142y do om\u00f3wienia w zakrystii i Biurze.<\/li>\n<\/ol>\n<ol start=\"9\">\n<li style=\"font-weight: 400;\">Zach\u0119camy do czytania prasy katolickiej. Przy zakrystii: Przewodnik Katolicki i modlitewnik \u201e5 minut z Bogiem\u201d na wrzesie\u0144, Ma\u0142y Przewodnik Katolicki, Go\u015b\u0107 Niedzielny.<\/li>\n<\/ol>\n","protected":false},"excerpt":{"rendered":"<p>OG\u0141OSZENIA DUSZPASTERSKIE NIEDZIELA XXI ZWYK\u0141A 27 sierpnia 2023 r. Kalendarz liturgiczny: poniedzia\u0142ek \u2013 \u015bw. Augustyna; wtorek \u2013 M\u0119cze\u0144stwo \u015bw. Jana Chrzciciela. 2. Od pi\u0105tku 1 wrze\u015bnia wracamy do tradycyjnych godzin odprawiania mszy \u015bw. oraz godzin urz\u0119dowania Biura Parafialnego. Msze \u015bw. w niedziele o 8:00, 9:30, 11:15, 12:30 i 18:00; w dni powszednie o 8.00 i &#8230; <span class=\"more\"><a class=\"more-link\" href=\"https:\/\/www.chnk.pl\/?p=3866\">czytaj wi\u0119cej<\/a><\/span><\/p>\n","protected":false},"author":1,"featured_media":0,"comment_status":"open","ping_status":"open","sticky":false,"template":"","format":"standard","meta":{"ngg_post_thumbnail":0,"footnotes":""},"categories":[1],"tags":[],"_links":{"self":[{"href":"https:\/\/www.chnk.pl\/index.php?rest_route=\/wp\/v2\/posts\/3866"}],"collection":[{"href":"https:\/\/www.chnk.pl\/index.php?rest_route=\/wp\/v2\/posts"}],"about":[{"href":"https:\/\/www.chnk.pl\/index.php?rest_route=\/wp\/v2\/types\/post"}],"author":[{"embeddable":true,"href":"https:\/\/www.chnk.pl\/index.php?rest_route=\/wp\/v2\/users\/1"}],"replies":[{"embeddable":true,"href":"https:\/\/www.chnk.pl\/index.php?rest_route=%2Fwp%2Fv2%2Fcomments&post=3866"}],"version-history":[{"count":1,"href":"https:\/\/www.chnk.pl\/index.php?rest_route=\/wp\/v2\/posts\/3866\/revisions"}],"predecessor-version":[{"id":3867,"href":"https:\/\/www.chnk.pl\/index.php?rest_route=\/wp\/v2\/posts\/3866\/revisions\/3867"}],"wp:attachment":[{"href":"https:\/\/www.chnk.pl\/index.php?rest_route=%2Fwp%2Fv2%2Fmedia&parent=3866"}],"wp:term":[{"taxonomy":"category","embeddable":true,"href":"https:\/\/www.chnk.pl\/index.php?rest_route=%2Fwp%2Fv2%2Fcategories&post=3866"},{"taxonomy":"post_tag","embeddable":true,"href":"https:\/\/www.chnk.pl\/index.php?rest_route=%2Fwp%2Fv2%2Ftags&post=3866"}],"curies":[{"name":"wp","href":"https:\/\/api.w.org\/{rel}","templated":true}]}}