{"id":3860,"date":"2023-08-22T07:04:22","date_gmt":"2023-08-22T07:04:22","guid":{"rendered":"http:\/\/www.chnk.pl\/?p=3860"},"modified":"2023-08-22T07:04:44","modified_gmt":"2023-08-22T07:04:44","slug":"3860","status":"publish","type":"post","link":"https:\/\/www.chnk.pl\/?p=3860","title":{"rendered":"20 Niedziela Zwyk\u0142a"},"content":{"rendered":"<p class=\"Textbody\" align=\"center\"><b>OG\u0141OSZENIA DUSZPASTERSKIE<\/b><\/p>\n<div>\n<p class=\"Textbody\" style=\"text-align: left;\" align=\"right\"><b>XX NIEDZIELA ZWYK\u0141A 20 sierpnia 2023 r.<\/b><\/p>\n<\/div>\n<div>\n<p class=\"Textbody\" align=\"right\"><b>&nbsp;<\/b><\/p>\n<\/div>\n<div>\n<p class=\"Lista-kontynuacja1\"><b>1.<\/b> Kalendarz liturgiczny: poniedzia\u0142ek \u2013 \u015bw. Piusa X; wtorek \u2013 NMP Kr\u00f3lowej;&nbsp; czwartek \u2013 \u015awi\u0119to \u015bw. Bart\u0142omieja Aposto\u0142a; sobota \u2013 Uroczysto\u015b\u0107 NMP Cz\u0119stochowskiej.<\/p>\n<\/div>\n<div>\n<p class=\"Lista-kontynuacja1\"><b>2. <\/b>We wtorek<b> <\/b>przypada, ustanowiony przez ONZ w 2019 r., Mi\u0119dzynarodowy Dzie\u0144 Upami\u0119tniaj\u0105cy Ofiary Akt\u00f3w Przemocy ze wzgl\u0119du na Religi\u0119 lub Wyznanie. Pami\u0119tajmy tego dnia w modlitwie o prze\u015bladowanych.<\/p>\n<\/div>\n<div>\n<p class=\"Lista-kontynuacja1\"><b>3.<\/b> W czwartek po wieczornej mszy \u015bw. p\u00f3\u0142godzinna Adoracja Naj\u015bwi\u0119tszego Sakramentu.<\/p>\n<\/div>\n<div>\n<p class=\"Lista-kontynuacja1\"><b>4. <\/b>W sobot\u0119 Uroczysto\u015b\u0107 NMP Cz\u0119stochowskiej: msza \u015bw. o godz. 18:00, po niej odnowienie Jasnog\u00f3rskich \u015alub\u00f3w Narodu. Obecno\u015b\u0107 na tej mszy \u015bw. spe\u0142nia zado\u015b\u0107 obowi\u0105zkowi udzia\u0142u we mszy \u015bw. niedzielnej.<\/p>\n<\/div>\n<div>\n<p class=\"Lista-kontynuacja1\"><b>5.<\/b> Wielki Odpust Narodzenia NMP odb\u0119dzie si\u0119 w Tulcach od 26 sierpnia do 3 wrze\u015bnia.<\/p>\n<\/div>\n<div>\n<p class=\"Lista-kontynuacja1\"><b>6. <\/b>Zapraszamy wszystkich, kt\u00f3rzy s\u0105 otwarci na niesienie wsparcia osobom starszym i chorym na terenie naszej Parafii, do udzia\u0142u w tworz\u0105cym si\u0119 zespole pomocowym. Chodzi o pomoc w zakupach, sprz\u0105taniu, transporcie do lekarza czy urz\u0119du. Charakter udzielanej pomocy b\u0119dzie dostosowany do mo\u017cliwo\u015bci osoby pomagaj\u0105cej. Szczeg\u00f3\u0142y w zakrystii.<\/p>\n<\/div>\n<div>\n<p class=\"Lista-kontynuacja1\"><b>7.<\/b> Parafia organizuje pielgrzymk\u0119 do Smolic na uroczysto\u015b\u0107 koronacji Obrazu Matki Bo\u017cej Uzdrowienia Chorych w sobot\u0119 9 wrze\u015bnia br. Zapisy dla parafian w zakrystii.<\/p>\n<\/div>\n<div>\n<p class=\"Lista-kontynuacja1\"><b>8. <\/b>Zapraszamy na koncert charytatywny \u201eMuzyka Polskich Katedr\u201d, dedykowany rodzinie dziecka z niepe\u0142nosprawno\u015bci\u0105, kt\u00f3rego mama zmar\u0142a w lipcu br. Koncert muzyki powa\u017cnej odb\u0119dzie si\u0119 w Katedrze Pozna\u0144skiej w najbli\u017cszy pi\u0105tek o godz. 19:00.<\/p>\n<\/div>\n<div>\n<p class=\"Lista-kontynuacja1\"><b>9. <\/b>W sierpniu, miesi\u0105cu \u015bwi\u0105t maryjnych i narodowych rocznic, jeste\u015bmy zaproszeni do powstrzymania si\u0119 od spo\u017cywania alkoholu jako postawy wynagrodzenia Panu Bogu za alkoholizm oraz do modlitwy za uzale\u017cnionych i poszkodowanych z powodu uzale\u017cnienia swoich bliskich. Grupa AA spotyka si\u0119 w naszej salce parafialnej we wtorki o 19.00 i jest otwarta na wszystkich, kt\u00f3rzy szukaj\u0105 pomocy do \u017cycia w trze\u017awo\u015bci.<\/p>\n<\/div>\n<div>\n<p class=\"Lista-kontynuacja1\"><b>10. <\/b>Pom\u00f3dlmy si\u0119 za zmar\u0142ych parafian: za \u015bp. Wand\u0119 Rembacz, os. Lecha 34, r\u00f3\u017caniec o 10:30, msza \u015bw. pogrzebowa o 11:00, pogrzeb na Mi\u0142ostowie od ul. Warszawskiej o 12:45. Wieczny odpoczynek&#8230;<\/p>\n<\/div>\n<div>\n<p class=\"Lista-kontynuacja1\" align=\"center\"><b>INFORMACJE STA\u0141E NA SIERPIE\u0143<\/b><\/p>\n<\/div>\n<div>\n<p class=\"Lista-kontynuacja1\">A. W lipcu i w sierpniu zmienione godziny odprawiania Mszy \u015bw. w niedziele i dni<b> <\/b>powszednie oraz zmienione godziny urz\u0119dowania Biura Parafialnego. W niedziele wakacyjne nie ma mszy \u015bw. o 12.30.<\/p>\n<\/div>\n<div>\n<p class=\"Lista-kontynuacja1\"><u>Msza \u015bw.<\/u> o godz. 8.00 w poniedzia\u0142ek, \u015brod\u0119 i pi\u0105tek<br \/>\n&nbsp;&nbsp;&nbsp;&nbsp;&nbsp;&nbsp;&nbsp;&nbsp;&nbsp;&nbsp;&nbsp;&nbsp;&nbsp;&nbsp;&nbsp; o godz.18.00 we wtorek, czwartek i sobot\u0119.<\/p>\n<\/div>\n<div>\n<p class=\"Lista-kontynuacja1\">Nowenna do Matki Bo\u017cej Nieustaj\u0105cej Pomocy w \u015brod\u0119 o godz. 8.00<\/p>\n<\/div>\n<div>\n<p class=\"Lista-kontynuacja1\">R\u00f3\u017caniec do Matki Bo\u017cej Patronki Dobrej \u015amierci we wtorek o godz. 17.30<\/p>\n<\/div>\n<div>\n<p class=\"Lista-kontynuacja1\"><u>Biuro Parafialne<\/u>: poniedzia\u0142ek 9.00 do 10.30, czwartek 16.00 do 17.30 i sobota 19.00 do 20.00.<\/p>\n<\/div>\n<div>\n<p class=\"Lista-kontynuacja1\">B. Msza \u015bw. niedzielna w godzinach p\u00f3\u017aniejszych w najbli\u017cszych parafiach: Parafia Pierwszych Polskich M\u0119czennik\u00f3w, os. Tysi\u0105clecia &#8211; godz. 20.00 i Parafia \u015bw. \u0141ukasza, os. Rusa &#8211; godz. 20.30<\/p>\n<\/div>\n<div>\n<p class=\"Lista-kontynuacja1\">C. Spowied\u017a \u015bw. p\u00f3\u0142 godziny przed Msz\u0105 \u015bw. i w sobot\u0119 od godz. 16.00 &#8211; 18.00.<\/p>\n<\/div>\n","protected":false},"excerpt":{"rendered":"<p>OG\u0141OSZENIA DUSZPASTERSKIE XX NIEDZIELA ZWYK\u0141A 20 sierpnia 2023 r. &nbsp; 1. Kalendarz liturgiczny: poniedzia\u0142ek \u2013 \u015bw. Piusa X; wtorek \u2013 NMP Kr\u00f3lowej;&nbsp; czwartek \u2013 \u015awi\u0119to \u015bw. Bart\u0142omieja Aposto\u0142a; sobota \u2013 Uroczysto\u015b\u0107 NMP Cz\u0119stochowskiej. 2. We wtorek przypada, ustanowiony przez ONZ w 2019 r., Mi\u0119dzynarodowy Dzie\u0144 Upami\u0119tniaj\u0105cy Ofiary Akt\u00f3w Przemocy ze wzgl\u0119du na Religi\u0119 lub Wyznanie. &#8230; <span class=\"more\"><a class=\"more-link\" href=\"https:\/\/www.chnk.pl\/?p=3860\">czytaj wi\u0119cej<\/a><\/span><\/p>\n","protected":false},"author":1,"featured_media":0,"comment_status":"open","ping_status":"open","sticky":false,"template":"","format":"standard","meta":{"ngg_post_thumbnail":0,"footnotes":""},"categories":[1],"tags":[],"_links":{"self":[{"href":"https:\/\/www.chnk.pl\/index.php?rest_route=\/wp\/v2\/posts\/3860"}],"collection":[{"href":"https:\/\/www.chnk.pl\/index.php?rest_route=\/wp\/v2\/posts"}],"about":[{"href":"https:\/\/www.chnk.pl\/index.php?rest_route=\/wp\/v2\/types\/post"}],"author":[{"embeddable":true,"href":"https:\/\/www.chnk.pl\/index.php?rest_route=\/wp\/v2\/users\/1"}],"replies":[{"embeddable":true,"href":"https:\/\/www.chnk.pl\/index.php?rest_route=%2Fwp%2Fv2%2Fcomments&post=3860"}],"version-history":[{"count":2,"href":"https:\/\/www.chnk.pl\/index.php?rest_route=\/wp\/v2\/posts\/3860\/revisions"}],"predecessor-version":[{"id":3862,"href":"https:\/\/www.chnk.pl\/index.php?rest_route=\/wp\/v2\/posts\/3860\/revisions\/3862"}],"wp:attachment":[{"href":"https:\/\/www.chnk.pl\/index.php?rest_route=%2Fwp%2Fv2%2Fmedia&parent=3860"}],"wp:term":[{"taxonomy":"category","embeddable":true,"href":"https:\/\/www.chnk.pl\/index.php?rest_route=%2Fwp%2Fv2%2Fcategories&post=3860"},{"taxonomy":"post_tag","embeddable":true,"href":"https:\/\/www.chnk.pl\/index.php?rest_route=%2Fwp%2Fv2%2Ftags&post=3860"}],"curies":[{"name":"wp","href":"https:\/\/api.w.org\/{rel}","templated":true}]}}